{"id":12580,"date":"2015-07-02T12:15:52","date_gmt":"2015-07-02T15:15:52","guid":{"rendered":"http:\/\/www.crossprensa.com.ar\/news\/?p=12580"},"modified":"2015-07-02T12:15:52","modified_gmt":"2015-07-02T15:15:52","slug":"clement-desalle-y-su-rodilla","status":"publish","type":"post","link":"https:\/\/www.crossprensa.com.ar\/news\/clement-desalle-y-su-rodilla\/mx\/","title":{"rendered":"Clement Desalle y su rodilla."},"content":{"rendered":"<p style=\"text-align: justify;\">El piloto puntal del equipo Suzuki en MXGP, se perder\u00e1 otra carrera a causa de su lesi\u00f3n de rodilla. Aparentemente podr\u00eda volver en Latvia si es que los m\u00e9dicos le dan el OK.<\/p>\n<p style=\"text-align: justify;\"><!--more--><\/p>\n<p style=\"text-align: justify;\">El piloto de Rockstar Suzuki Clemente Desalle no est\u00e1\u00a0en forma hasta el momento para\u00a0hacer un regreso a la acci\u00f3n en MXGP en la fecha\u00a011 de la serie FIM este fin de semana en Uddevalla, Suecia.<\/p>\n<p style=\"text-align: justify;\">El belga fue a un chequeo m\u00e9dico de ayer (mi\u00e9rcoles) y se le aconsej\u00f3 que su lesionada rodilla izquierda y sus ligamentos cruzados laterales no son lo suficientemente fuertes como para volver a la pista en su RM-Z450.<\/p>\n<p style=\"text-align: justify;\">El piloto\u00a0de 25 a\u00f1os ten\u00eda algunas noticias positivas en relaci\u00f3n con el hombro y despu\u00e9s de algunas pruebas y ex\u00e1menes de la articulaci\u00f3n se comprob\u00f3 que era estable y puede no requerir cirug\u00eda.<\/p>\n<p style=\"text-align: justify;\">Su rodilla, herida en un golpe durante la calificaci\u00f3n para el Gran Premio de Francia, necesita m\u00e1s tiempo.<\/p>\n<blockquote><p>&#8220;Voy a tomar algunas semanas m\u00e1s para mi rodilla y ver c\u00f3mo me siento sobre la moto en general. Hay mejor\u00eda, pero no ha llegado lo suficientemente r\u00e1pido para Suecia. Espero que para Letonia, pero ya veremos &#8221; declar\u00f3 el piloto belga.<\/p><\/blockquote>\n<p style=\"text-align: justify;\">Desalle ya hab\u00eda cancelado sus posibilidades de ser campe\u00f3n en\u00a02015 para MXGP, despu\u00e9s de haber sido obligado a retirarse del Gran Premio de Italia y posteriormente sevperdi\u00f3 la carrera en Alemania la semana siguiente.<\/p>\n","protected":false},"excerpt":{"rendered":"<p>El piloto puntal del equipo Suzuki en MXGP, se perder\u00e1 otra carrera a causa de&#8230;<\/p>\n","protected":false},"author":2,"featured_media":0,"comment_status":"open","ping_status":"open","sticky":false,"template":"","format":"standard","meta":{"om_disable_all_campaigns":false,"_monsterinsights_skip_tracking":false,"_monsterinsights_sitenote_active":false,"_monsterinsights_sitenote_note":"","_monsterinsights_sitenote_category":0,"_uf_show_specific_survey":0,"_uf_disable_surveys":false,"footnotes":""},"categories":[7,24],"tags":[6],"class_list":["post-12580","post","type-post","status-publish","format-standard","hentry","category-mx","category-mxgp","tag-text"],"aioseo_notices":[],"_links":{"self":[{"href":"https:\/\/www.crossprensa.com.ar\/news\/wp-json\/wp\/v2\/posts\/12580","targetHints":{"allow":["GET"]}}],"collection":[{"href":"https:\/\/www.crossprensa.com.ar\/news\/wp-json\/wp\/v2\/posts"}],"about":[{"href":"https:\/\/www.crossprensa.com.ar\/news\/wp-json\/wp\/v2\/types\/post"}],"author":[{"embeddable":true,"href":"https:\/\/www.crossprensa.com.ar\/news\/wp-json\/wp\/v2\/users\/2"}],"replies":[{"embeddable":true,"href":"https:\/\/www.crossprensa.com.ar\/news\/wp-json\/wp\/v2\/comments?post=12580"}],"version-history":[{"count":1,"href":"https:\/\/www.crossprensa.com.ar\/news\/wp-json\/wp\/v2\/posts\/12580\/revisions"}],"predecessor-version":[{"id":12583,"href":"https:\/\/www.crossprensa.com.ar\/news\/wp-json\/wp\/v2\/posts\/12580\/revisions\/12583"}],"wp:attachment":[{"href":"https:\/\/www.crossprensa.com.ar\/news\/wp-json\/wp\/v2\/media?parent=12580"}],"wp:term":[{"taxonomy":"category","embeddable":true,"href":"https:\/\/www.crossprensa.com.ar\/news\/wp-json\/wp\/v2\/categories?post=12580"},{"taxonomy":"post_tag","embeddable":true,"href":"https:\/\/www.crossprensa.com.ar\/news\/wp-json\/wp\/v2\/tags?post=12580"}],"curies":[{"name":"wp","href":"https:\/\/api.w.org\/{rel}","templated":true}]}}