{"id":12577,"date":"2015-07-02T11:29:12","date_gmt":"2015-07-02T14:29:12","guid":{"rendered":"http:\/\/www.crossprensa.com.ar\/news\/?p=12577"},"modified":"2015-07-02T11:29:12","modified_gmt":"2015-07-02T14:29:12","slug":"nagl-se-pierde-dos-carreras","status":"publish","type":"post","link":"https:\/\/www.crossprensa.com.ar\/news\/nagl-se-pierde-dos-carreras\/mx\/","title":{"rendered":"Nagl se pierde dos carreras."},"content":{"rendered":"<p>Ven\u00eda con una temporada impecable, dominando el campeonato con una moto pr\u00e1cticamente nueva y poniendo arriba su nombre a nivel mundial, pero una lesi\u00f3n fren\u00f3 sus aspiraciones. Podr\u00e1 recuperar contra Febvre?<\/p>\n<p><!--more--><\/p>\n<p>El reloj puede haber marcado la hora\u00a0de Max Nagl. Se perder\u00e1 el MXGP de Suecia este fin de semana, y la carrera siguiente en Letonia, despu\u00e9s de la cirug\u00eda de una lesi\u00f3n de tobillo sufrido en el MXGP de Alemania el 21 de junio.<\/p>\n<p>Nagl, que perdiendo estos puntos en el campeonato dejaron a Romain Febvre como l\u00edder despu\u00e9s de perder su GP de local en Alemania, trat\u00f3 de girar en la moto esta semana, pero por las molestias que sufre ha decidido \u00a0no correr. El equipo espera tenerlo de vuelta en el GP de la Rep\u00fablica Checa el 26 de julio.<\/p>\n<blockquote><p>&#8220;Las palabras no pueden describir lo decepcionado que estoy sobre mi campa\u00f1a en el campeonato\u00a0de\u00a0MXGP&#8221;, dijo Nagl en un comunicado del equipo. &#8220;Pero, como todo el mundo sabe en el motocross las lesiones pueden cambiar r\u00e1pidamente las cosas.Estoy trabajando duro para que cuando vuelva, ser capaz de dar un fuerte final de temporada &#8220;.<\/p><\/blockquote>\n<p>&nbsp;<\/p>\n","protected":false},"excerpt":{"rendered":"<p>Ven\u00eda con una temporada impecable, dominando el campeonato con una moto pr\u00e1cticamente nueva y poniendo&#8230;<\/p>\n","protected":false},"author":2,"featured_media":0,"comment_status":"open","ping_status":"open","sticky":false,"template":"","format":"standard","meta":{"om_disable_all_campaigns":false,"_monsterinsights_skip_tracking":false,"_monsterinsights_sitenote_active":false,"_monsterinsights_sitenote_note":"","_monsterinsights_sitenote_category":0,"_uf_show_specific_survey":0,"_uf_disable_surveys":false,"footnotes":""},"categories":[7,24],"tags":[5],"class_list":["post-12577","post","type-post","status-publish","format-standard","hentry","category-mx","category-mxgp","tag-slice"],"aioseo_notices":[],"_links":{"self":[{"href":"https:\/\/www.crossprensa.com.ar\/news\/wp-json\/wp\/v2\/posts\/12577","targetHints":{"allow":["GET"]}}],"collection":[{"href":"https:\/\/www.crossprensa.com.ar\/news\/wp-json\/wp\/v2\/posts"}],"about":[{"href":"https:\/\/www.crossprensa.com.ar\/news\/wp-json\/wp\/v2\/types\/post"}],"author":[{"embeddable":true,"href":"https:\/\/www.crossprensa.com.ar\/news\/wp-json\/wp\/v2\/users\/2"}],"replies":[{"embeddable":true,"href":"https:\/\/www.crossprensa.com.ar\/news\/wp-json\/wp\/v2\/comments?post=12577"}],"version-history":[{"count":1,"href":"https:\/\/www.crossprensa.com.ar\/news\/wp-json\/wp\/v2\/posts\/12577\/revisions"}],"predecessor-version":[{"id":12579,"href":"https:\/\/www.crossprensa.com.ar\/news\/wp-json\/wp\/v2\/posts\/12577\/revisions\/12579"}],"wp:attachment":[{"href":"https:\/\/www.crossprensa.com.ar\/news\/wp-json\/wp\/v2\/media?parent=12577"}],"wp:term":[{"taxonomy":"category","embeddable":true,"href":"https:\/\/www.crossprensa.com.ar\/news\/wp-json\/wp\/v2\/categories?post=12577"},{"taxonomy":"post_tag","embeddable":true,"href":"https:\/\/www.crossprensa.com.ar\/news\/wp-json\/wp\/v2\/tags?post=12577"}],"curies":[{"name":"wp","href":"https:\/\/api.w.org\/{rel}","templated":true}]}}