{"id":12557,"date":"2015-07-01T11:16:10","date_gmt":"2015-07-01T14:16:10","guid":{"rendered":"http:\/\/www.crossprensa.com.ar\/news\/?p=12557"},"modified":"2015-07-01T11:16:10","modified_gmt":"2015-07-01T14:16:10","slug":"mxgp-en-malasia-2016","status":"publish","type":"post","link":"https:\/\/www.crossprensa.com.ar\/news\/mxgp-en-malasia-2016\/mx\/","title":{"rendered":"MXGP en Malasia 2016&#8230;"},"content":{"rendered":"<p style=\"text-align: justify;\">El pre-calendario del Mundial MXGP para 2016 se va a conocer la pr\u00f3xima semana y el GRAN cambio que hubo dentro de todo lo conocido es la inclusi\u00f3n de Malasia para el pr\u00f3ximo a\u00f1o, que se convertir\u00eda en la 2da. fecha del a\u00f1o luego de Quatar.<\/p>\n<p><!--more--><\/p>\n<p style=\"text-align: justify;\">Tal y como pasa en las adyacencias de Losail, el GP de Malasia se proyecta dentro de las instalaciones que tiene Sepang en el mismo lugar donde recibe a la F\u00f3rmula Uno y el MotoGP, para recibir al MXGP el pr\u00f3ximo a\u00f1o. En breve les mostraremos mucho mas, pero sin dudas esto es verdadera expansi\u00f3n mundial para el Motocross. El presidente de Youthstream Giuseppe, declar\u00f3 que est\u00e1 cerrando el acuerdo con las autoridades de ese pa\u00eds.<\/p>\n","protected":false},"excerpt":{"rendered":"<p>El pre-calendario del Mundial MXGP para 2016 se va a conocer la pr\u00f3xima semana y&#8230;<\/p>\n","protected":false},"author":2,"featured_media":0,"comment_status":"open","ping_status":"open","sticky":false,"template":"","format":"standard","meta":{"om_disable_all_campaigns":false,"_monsterinsights_skip_tracking":false,"_monsterinsights_sitenote_active":false,"_monsterinsights_sitenote_note":"","_monsterinsights_sitenote_category":0,"_uf_show_specific_survey":0,"_uf_disable_surveys":false,"footnotes":""},"categories":[7,24],"tags":[6],"class_list":["post-12557","post","type-post","status-publish","format-standard","hentry","category-mx","category-mxgp","tag-text"],"aioseo_notices":[],"_links":{"self":[{"href":"https:\/\/www.crossprensa.com.ar\/news\/wp-json\/wp\/v2\/posts\/12557","targetHints":{"allow":["GET"]}}],"collection":[{"href":"https:\/\/www.crossprensa.com.ar\/news\/wp-json\/wp\/v2\/posts"}],"about":[{"href":"https:\/\/www.crossprensa.com.ar\/news\/wp-json\/wp\/v2\/types\/post"}],"author":[{"embeddable":true,"href":"https:\/\/www.crossprensa.com.ar\/news\/wp-json\/wp\/v2\/users\/2"}],"replies":[{"embeddable":true,"href":"https:\/\/www.crossprensa.com.ar\/news\/wp-json\/wp\/v2\/comments?post=12557"}],"version-history":[{"count":1,"href":"https:\/\/www.crossprensa.com.ar\/news\/wp-json\/wp\/v2\/posts\/12557\/revisions"}],"predecessor-version":[{"id":12559,"href":"https:\/\/www.crossprensa.com.ar\/news\/wp-json\/wp\/v2\/posts\/12557\/revisions\/12559"}],"wp:attachment":[{"href":"https:\/\/www.crossprensa.com.ar\/news\/wp-json\/wp\/v2\/media?parent=12557"}],"wp:term":[{"taxonomy":"category","embeddable":true,"href":"https:\/\/www.crossprensa.com.ar\/news\/wp-json\/wp\/v2\/categories?post=12557"},{"taxonomy":"post_tag","embeddable":true,"href":"https:\/\/www.crossprensa.com.ar\/news\/wp-json\/wp\/v2\/tags?post=12557"}],"curies":[{"name":"wp","href":"https:\/\/api.w.org\/{rel}","templated":true}]}}