{"id":12494,"date":"2015-06-28T19:12:59","date_gmt":"2015-06-28T22:12:59","guid":{"rendered":"http:\/\/www.crossprensa.com.ar\/news\/?p=12494"},"modified":"2015-06-28T19:54:35","modified_gmt":"2015-06-28T22:54:35","slug":"mx-patagonico-la-barda","status":"publish","type":"post","link":"https:\/\/www.crossprensa.com.ar\/news\/mx-patagonico-la-barda\/mx\/","title":{"rendered":"MX PATAGONICO &#8211; La Barda"},"content":{"rendered":"<p>Nahuel Kriger fue el ganador de la cat. mayor en el Campeonato Patag\u00f3nico de Motocross que se present\u00f3 hoy en el coliseo Neuquino de La Barda. Buena cantidad de motos para un excelente espect\u00e1culo, que aqu\u00ed les detallamos y ampliaremos en instantes.<\/p>\n<p><!--more--><\/p>\n<p>&nbsp;<\/p>\n<p><a href=\"http:\/\/www.crossprensa.com.ar\/news\/wp-content\/uploads\/2015\/06\/zzzzzz2352762_n1.jpg\"><img fetchpriority=\"high\" decoding=\"async\" class=\"aligncenter size-full wp-image-12498\" src=\"http:\/\/www.crossprensa.com.ar\/news\/wp-content\/uploads\/2015\/06\/zzzzzz2352762_n1.jpg\" alt=\"zzzzzz2352762_n\" width=\"436\" height=\"318\" \/><\/a> <a href=\"http:\/\/www.crossprensa.com.ar\/news\/wp-content\/uploads\/2015\/06\/zzzzzz23527644_n2.jpg\"><img decoding=\"async\" class=\"aligncenter size-large wp-image-12499\" src=\"http:\/\/www.crossprensa.com.ar\/news\/wp-content\/uploads\/2015\/06\/zzzzzz23527644_n2-409x400.jpg\" alt=\"zzzzzz23527644_n\" width=\"409\" height=\"400\" \/><\/a> <a href=\"http:\/\/www.crossprensa.com.ar\/news\/wp-content\/uploads\/2015\/06\/zzzzzz23527645_n2.jpg\"><img decoding=\"async\" class=\"aligncenter size-large wp-image-12500\" src=\"http:\/\/www.crossprensa.com.ar\/news\/wp-content\/uploads\/2015\/06\/zzzzzz23527645_n2.jpg\" alt=\"zzzzzz23527645_n\" width=\"466\" height=\"344\" \/><\/a> <a href=\"http:\/\/www.crossprensa.com.ar\/news\/wp-content\/uploads\/2015\/06\/zzzzzz23527646_n1.jpg\"><img loading=\"lazy\" decoding=\"async\" class=\"aligncenter size-large wp-image-12501\" src=\"http:\/\/www.crossprensa.com.ar\/news\/wp-content\/uploads\/2015\/06\/zzzzzz23527646_n1.jpg\" alt=\"zzzzzz23527646_n\" width=\"444\" height=\"274\" \/><\/a><\/p>\n<p>&nbsp;<\/p>\n<p>&nbsp;<\/p>\n<p>Foto gentileza: Mariano Indaco \/ Endurocross<\/p>\n","protected":false},"excerpt":{"rendered":"<p>Nahuel Kriger fue el ganador de la cat. mayor en el Campeonato Patag\u00f3nico de Motocross&#8230;<\/p>\n","protected":false},"author":2,"featured_media":0,"comment_status":"open","ping_status":"open","sticky":false,"template":"","format":"standard","meta":{"om_disable_all_campaigns":false,"_monsterinsights_skip_tracking":false,"_monsterinsights_sitenote_active":false,"_monsterinsights_sitenote_note":"","_monsterinsights_sitenote_category":0,"_uf_show_specific_survey":0,"_uf_disable_surveys":false,"footnotes":""},"categories":[7],"tags":[5],"class_list":["post-12494","post","type-post","status-publish","format-standard","hentry","category-mx","tag-slice"],"aioseo_notices":[],"_links":{"self":[{"href":"https:\/\/www.crossprensa.com.ar\/news\/wp-json\/wp\/v2\/posts\/12494","targetHints":{"allow":["GET"]}}],"collection":[{"href":"https:\/\/www.crossprensa.com.ar\/news\/wp-json\/wp\/v2\/posts"}],"about":[{"href":"https:\/\/www.crossprensa.com.ar\/news\/wp-json\/wp\/v2\/types\/post"}],"author":[{"embeddable":true,"href":"https:\/\/www.crossprensa.com.ar\/news\/wp-json\/wp\/v2\/users\/2"}],"replies":[{"embeddable":true,"href":"https:\/\/www.crossprensa.com.ar\/news\/wp-json\/wp\/v2\/comments?post=12494"}],"version-history":[{"count":4,"href":"https:\/\/www.crossprensa.com.ar\/news\/wp-json\/wp\/v2\/posts\/12494\/revisions"}],"predecessor-version":[{"id":12503,"href":"https:\/\/www.crossprensa.com.ar\/news\/wp-json\/wp\/v2\/posts\/12494\/revisions\/12503"}],"wp:attachment":[{"href":"https:\/\/www.crossprensa.com.ar\/news\/wp-json\/wp\/v2\/media?parent=12494"}],"wp:term":[{"taxonomy":"category","embeddable":true,"href":"https:\/\/www.crossprensa.com.ar\/news\/wp-json\/wp\/v2\/categories?post=12494"},{"taxonomy":"post_tag","embeddable":true,"href":"https:\/\/www.crossprensa.com.ar\/news\/wp-json\/wp\/v2\/tags?post=12494"}],"curies":[{"name":"wp","href":"https:\/\/api.w.org\/{rel}","templated":true}]}}