{"id":12426,"date":"2015-06-24T14:59:54","date_gmt":"2015-06-24T17:59:54","guid":{"rendered":"http:\/\/www.crossprensa.com.ar\/news\/?p=12426"},"modified":"2015-06-24T14:59:54","modified_gmt":"2015-06-24T17:59:54","slug":"se-retira-josh-grant","status":"publish","type":"post","link":"https:\/\/www.crossprensa.com.ar\/news\/se-retira-josh-grant\/mx\/","title":{"rendered":"Se retira Josh Grant?"},"content":{"rendered":"<div class=\"video_embed_container\">En la madrugada de este Mi\u00e9rcoles les cont\u00e1bamos lo que ya se sab\u00eda hace mas de una semana y es el cierre del equipo de Chad Reed.<\/div>\n<div class=\"video_embed_container\">Hace un rato Josh Grant que era piloto del equipo, anunciaba esto en su cuenta de Instagram.<\/div>\n<div class=\"video_embed_container\"><\/div>\n<p><!--more--><\/p>\n<div class=\"video_embed_container\"><\/div>\n<div class=\"video_embed_container\">Como todo el mundo ha o\u00eddo, TwoTwo Motorsports ha cerrado sus puertas. Estos desafortunado giro de los acontecimientos me tuvieron\u00a0pensando mucho sobre mi futuro en el deporte y la reflexi\u00f3n sobre todos los grandes recuerdos que he tenido en los \u00faltimos 12 a\u00f1os. Much\u00edsimas gracias a todo el equipo TwoTwo por darme la bienvenida con los brazos abiertos y trabajar tan duro por tantas horas y lejos\u00a0de sus familias. A Chad y Ellie &#8211; Como propietarios, respeto su decisi\u00f3n de hacer lo que es mejor para su familia. Gracias por la oportunidad de continuar mi carrera y ayudarme a alcanzar mi temporada m\u00e1s consistente de Supercross hasta ahora.<\/div>\n<div class=\"video_embed_container\">\n\u00a1Gracias a todos mis patrocinadores por su apoyo!<\/div>\n<div class=\"video_embed_container\">\nA MIS FANS -No s\u00e9 lo que depara el futuro para m\u00ed. <span class=\"goog-text-highlight\">No estoy seguro de que voy a estar corriendo el\u00a0pr\u00f3ximo a\u00f1o. <\/span>Tal vez mi accidente en\u00a0Hangtown y la lesi\u00f3n de rodilla son una se\u00f1al de que esta es la manera en que las cosas marcan un punto. Gracias por mantenerse a mi lado los \u00faltimos 4 a\u00f1os.<\/div>\n<div class=\"video_embed_container\">Ashley \u00a0confi\u00f3 en el plan de Dios para nosotros y ha logrado mantener la calma y dejar que nuestra fe nos gu\u00ede en nuestro pr\u00f3ximo cap\u00edtulo en la vida. Vamos a mantener a todos informados de lo que se viene.<\/div>\n","protected":false},"excerpt":{"rendered":"<p>En la madrugada de este Mi\u00e9rcoles les cont\u00e1bamos lo que ya se sab\u00eda hace mas&#8230;<\/p>\n","protected":false},"author":2,"featured_media":0,"comment_status":"open","ping_status":"open","sticky":false,"template":"","format":"standard","meta":{"om_disable_all_campaigns":false,"_monsterinsights_skip_tracking":false,"_monsterinsights_sitenote_active":false,"_monsterinsights_sitenote_note":"","_monsterinsights_sitenote_category":0,"_uf_show_specific_survey":0,"_uf_disable_surveys":false,"footnotes":""},"categories":[7,8],"tags":[6],"class_list":["post-12426","post","type-post","status-publish","format-standard","hentry","category-mx","category-sx","tag-text"],"aioseo_notices":[],"_links":{"self":[{"href":"https:\/\/www.crossprensa.com.ar\/news\/wp-json\/wp\/v2\/posts\/12426","targetHints":{"allow":["GET"]}}],"collection":[{"href":"https:\/\/www.crossprensa.com.ar\/news\/wp-json\/wp\/v2\/posts"}],"about":[{"href":"https:\/\/www.crossprensa.com.ar\/news\/wp-json\/wp\/v2\/types\/post"}],"author":[{"embeddable":true,"href":"https:\/\/www.crossprensa.com.ar\/news\/wp-json\/wp\/v2\/users\/2"}],"replies":[{"embeddable":true,"href":"https:\/\/www.crossprensa.com.ar\/news\/wp-json\/wp\/v2\/comments?post=12426"}],"version-history":[{"count":1,"href":"https:\/\/www.crossprensa.com.ar\/news\/wp-json\/wp\/v2\/posts\/12426\/revisions"}],"predecessor-version":[{"id":12428,"href":"https:\/\/www.crossprensa.com.ar\/news\/wp-json\/wp\/v2\/posts\/12426\/revisions\/12428"}],"wp:attachment":[{"href":"https:\/\/www.crossprensa.com.ar\/news\/wp-json\/wp\/v2\/media?parent=12426"}],"wp:term":[{"taxonomy":"category","embeddable":true,"href":"https:\/\/www.crossprensa.com.ar\/news\/wp-json\/wp\/v2\/categories?post=12426"},{"taxonomy":"post_tag","embeddable":true,"href":"https:\/\/www.crossprensa.com.ar\/news\/wp-json\/wp\/v2\/tags?post=12426"}],"curies":[{"name":"wp","href":"https:\/\/api.w.org\/{rel}","templated":true}]}}