{"id":12417,"date":"2015-06-24T03:03:03","date_gmt":"2015-06-24T06:03:03","guid":{"rendered":"http:\/\/www.crossprensa.com.ar\/news\/?p=12417"},"modified":"2015-06-24T03:03:03","modified_gmt":"2015-06-24T06:03:03","slug":"romain-febvre-mantener-la-cabeza-fria","status":"publish","type":"post","link":"https:\/\/www.crossprensa.com.ar\/news\/romain-febvre-mantener-la-cabeza-fria\/mx\/","title":{"rendered":"Romain Febvre: mantener la cabeza fr\u00eda &#8230;"},"content":{"rendered":"<p style=\"text-align: justify;\">Debemos volver una vez m\u00e1s al &#8220;caso&#8221; Febvre. Porque el que era novato en la categor\u00eda MXGP \u00a0se apur\u00f3 a encontrar sus l\u00edmites\u00a0y se pregunt\u00f3 si su buena clasificaci\u00f3n en el primer GP era casualidad, pero&#8230; \u00bfqui\u00e9n se atrever\u00eda a pensar, sin embargo, que el piloto de Yamaha ser\u00eda quien\u00a0lidera el campeonato del mundo a mediados de temporada?<\/p>\n<p><!--more--><\/p>\n<p style=\"text-align: justify;\"><strong>\u00bfC\u00f3mo puedes decir que el tener la placa roja comandando\u00a0la clasificaci\u00f3n provisional no es tan importante? Esto es importante para tu carrera, sobre todo teniendo en cuenta que nunca estuviste en la punta\u00a0del campeonato en MX2 &#8230;<\/strong><\/p>\n<blockquote>\n<p style=\"text-align: justify;\"><strong>Romain Febvre<\/strong> : &#8220;Es cierto que es bueno tener la placa de color rojo, pero para m\u00ed, eso no quiere decir mucho en este momento. Esto hace que me concentre en el objetivo. Todav\u00eda hay tantas carreras para correr\u00a0y como hemos visto este fin de semana, muchas cosas pueden suceder. Nagl, Desalle y Cairoli cayeron y resultaron heridos en las \u00faltimas semanas. Herlings tambi\u00e9n. S\u00f3lo creo que cualquier cosa puede suceder; ya sea en el entrenamiento, en la clasificaci\u00f3n\u00a0o en la carrera. Para m\u00ed, es cierto, ganar una carrera y la punta del campeonato es muy positivo. &#8220;<\/p>\n<\/blockquote>\n<p style=\"text-align: justify;\"><strong>Despu\u00e9s de enterarte de la lesi\u00f3n Nagl, supongo s\u00e1bado por la noche, seguro te dijeron\u00a0que una buena oportunidad iba a ofrecerse hoy &#8230;<\/strong><\/p>\n<blockquote>\n<p style=\"text-align: justify;\"><strong>Romain Febvre<\/strong> : &#8220;No he pensado en que realmente sea as\u00ed. Es agradable estar liderando el campeonato, pero ser\u00e1 a\u00fan mejor en el final de la temporada! Tengo que seguir intentando ganar mangas y GP y esta es mi principal objetivo en este momento. &#8220;<\/p>\n<\/blockquote>\n<p style=\"text-align: justify;\"><strong>En las \u00faltimas semanas, que manejaste en diferentes tipos de circuitos, y no perdonan ning\u00fan error.\u00bfEst\u00e1s contento de darte cuenta de que puede ganar carreras sin importar el tipo de terreno?<\/strong><\/p>\n<blockquote>\n<p style=\"text-align: justify;\"><strong>Romain Febvre:<\/strong> &#8220;Soy consciente de que tengo la velocidad. En los \u00faltimos tres o cuatro carreras, me di cuenta de que mi ritmo era excelente y con una buena largada estoy en la pelea por ganar. Hoy, en la primera carrera, he cometido algunos errores. Fue sin grandes errores, pero me podr\u00eda caer en algunos lugares. Yo era consciente de que ten\u00eda que ser constante y que no deber\u00eda tomar demasiados riesgos. &#8220;<\/p>\n<\/blockquote>\n<p><a href=\"http:\/\/fr.motocrossmag.be\/wp-content\/uploads\/2015\/06\/Romain-Febvre-ITW3.jpg\" data-slb-group=\"35643\" data-slb-active=\"1\" data-slb-internal=\"0\"><img fetchpriority=\"high\" decoding=\"async\" class=\"size-full wp-image-35644\" src=\"http:\/\/fr.motocrossmag.be\/wp-content\/uploads\/2015\/06\/Romain-Febvre-ITW3.jpg\" alt=\"Romain Febvre es muy c\u00f3modo sobre la Yamaha\" width=\"991\" height=\"660\" \/><\/a><\/p>\n<p style=\"text-align: justify;\"><strong>Algunos podr\u00edan haber pensado que hab\u00edas ganado de local\u00a0porque estaba delante de su p\u00fablico o porque hab\u00eda barro, por ejemplo. Ahora te das cuenta de que puedes ganar en cualquier lugar &#8230;<\/strong><\/p>\n<blockquote>\n<p style=\"text-align: justify;\"><strong>Romain Febvre:<\/strong> &#8220;Por supuesto. En la primera carrera de hoy, yo estaba en la punta\u00a0despu\u00e9s de tres vueltas. Era m\u00e1s f\u00e1cil que la segunda, casi me quedo enganchado con Evgeny Bobryshev que hab\u00eda ca\u00eddo. Creo que estaba en el d\u00e9cimo lugar. Sent\u00ed que la velocidad estaba all\u00ed de nuevo y he hecho algunos buenos adelantamientos progresando bien en el pelot\u00f3n. Quer\u00eda Gautier Paulin no se me escape, pero una piedra golpe\u00f3 mis antiparras que se rompieron. Tuve barro y comenz\u00f3 a molestarme la vista. Pod\u00eda sentir el viento en mis ojos. Decid\u00ed frenar cuando estaba a tres vueltas para el final, ya que era dif\u00edcil andar sin ver. Adem\u00e1s, sab\u00eda que el segundo lugar\u00a0era\u00a0suficiente para ganar el GP. Fue bueno ganar en una pista como esta con un mont\u00f3n de baches y roderas y con bonitos saltos. En la primera carrera, los organizadores regaron much\u00edsimo\u00a0y esto hab\u00edan hecho el circuito complicado.Creo que si hemos visto muchas ca\u00eddas este fin de semana, no es debido a los pilotos, sino por el circuito. La segunda carrera fue bien porque no hab\u00edan regado. La carrera fue mejor, con m\u00e1s velocidad y grandes peleas. &#8220;<\/p>\n<\/blockquote>\n<p style=\"text-align: justify;\"><strong>El GP de Francia fue especial, el GP de Italia para Yamaha que celebr\u00f3 su 60 cumplea\u00f1os all\u00ed y ahora aqu\u00ed est\u00e1n con una tercera victoria consecutiva. \u00bfTe sent\u00eds\u00a0ahora una estrella consagrada? Ahora, lo citamos, as\u00ed como Cairoli, Desalle, Nagl y Paulin &#8230;<\/strong><\/p>\n<blockquote>\n<p style=\"text-align: justify;\">Romain Febvre: &#8220;Yo, el novato! No s\u00e9 qu\u00e9 decir &#8230; es bueno para m\u00ed, para el equipo y para Yamaha. Yo creo que pueden encontrar que todo el trabajo hecho conmigo este invierno ha dado sus frutos. Vamos a seguir avanzando y trabajando. No espero hacer un gran resultado en cada GP. Voy a manejar como s\u00e9 y no trato de tomar demasiados riesgos. &#8220;<\/p>\n<\/blockquote>\n<p><a href=\"http:\/\/fr.motocrossmag.be\/wp-content\/uploads\/2015\/06\/Romain-Febvre-ITW2.jpg\" data-slb-group=\"35643\" data-slb-active=\"1\" data-slb-internal=\"0\"><img decoding=\"async\" class=\"size-full wp-image-35645\" src=\"http:\/\/fr.motocrossmag.be\/wp-content\/uploads\/2015\/06\/Romain-Febvre-ITW2.jpg\" alt=\"Ya era hora de que el equipo de Yamaha Rinaldi no hab\u00eda sido un fest\u00edn\" width=\"991\" height=\"661\" \/><\/a><\/p>\n<p style=\"text-align: justify;\"><strong>Estar\u00e1s en el\u00a0MotoGP en Assen el pr\u00f3ximo fin de semana. Esta ser\u00e1 una experiencia un poco diferente, porque vas a ir siendo el actual puntero del Mundial de MXGP&#8230;<\/strong><\/p>\n<blockquote>\n<p style=\"text-align: justify;\"><strong>Romain Febvre:<\/strong> &#8220;Es obvio que se trata de un sentimiento muy especial para pensar algo como esto &#8230; con Yamaha, que tambi\u00e9n est\u00e1 a la cabeza en el campeonato! S\u00e9 que los pilotos de MotoGP siguen motocross por lo que ser\u00e1 un placer conocer\u00a0esos pilotos. Esta ser\u00e1 la primera vez que voy a una carrera de MotoGP, as\u00ed que estoy ansioso de ir all\u00ed. &#8220;<\/p>\n<\/blockquote>\n<p style=\"text-align: justify;\"><strong>Se sigue trabajando de nuevo y tendr\u00e1n\u00a0dos d\u00edas de pruebas antes de ir a Assen. \u00bfPor qu\u00e9? Parece que su YZ450FM funciona muy bien &#8230;<\/strong><\/p>\n<blockquote>\n<p style=\"text-align: justify;\"><strong>Romain Febvre:<\/strong> &#8220;Es normal. Esto no es porque ganamos, perdemos o termino quinto no vamos a tratar de hacer nuevos progresos con la moto. El equipo se centr\u00f3 en los a\u00f1os de evoluci\u00f3n y saben que podemos mejorar las cosas. Tienen buenas ideas continuamente. A menudo nos encontramos con peque\u00f1as mejoras. A veces no podemos progresar pero tratamos de ir siempre en la direcci\u00f3n correcta. Creo que en lo personal yo todav\u00eda puedo mejorarme a mi mismo para las carreras a\u00fan por correrr y para el pr\u00f3ximo a\u00f1o. No he llegado a mi l\u00edmite con la moto y por eso seguiremos trabajando. &#8220;<\/p>\n<\/blockquote>\n<p style=\"text-align: justify;\"><strong>Usted s\u00f3lo extendi\u00f3 su contrato con Yamaha hasta el a\u00f1o 2017. Si gana el t\u00edtulo, piensa que puede renegociar su contrato?<\/strong><\/p>\n<p style=\"text-align: justify;\">Romain Febvre (r\u00ede) &#8220;Espero que s\u00ed! &#8220;<\/p>\n<p>&nbsp;<\/p>\n","protected":false},"excerpt":{"rendered":"<p>Debemos volver una vez m\u00e1s al &#8220;caso&#8221; Febvre. Porque el que era novato en la&#8230;<\/p>\n","protected":false},"author":2,"featured_media":0,"comment_status":"open","ping_status":"open","sticky":false,"template":"","format":"standard","meta":{"om_disable_all_campaigns":false,"_monsterinsights_skip_tracking":false,"_monsterinsights_sitenote_active":false,"_monsterinsights_sitenote_note":"","_monsterinsights_sitenote_category":0,"_uf_show_specific_survey":0,"_uf_disable_surveys":false,"footnotes":""},"categories":[7,24],"tags":[5],"class_list":["post-12417","post","type-post","status-publish","format-standard","hentry","category-mx","category-mxgp","tag-slice"],"aioseo_notices":[],"_links":{"self":[{"href":"https:\/\/www.crossprensa.com.ar\/news\/wp-json\/wp\/v2\/posts\/12417","targetHints":{"allow":["GET"]}}],"collection":[{"href":"https:\/\/www.crossprensa.com.ar\/news\/wp-json\/wp\/v2\/posts"}],"about":[{"href":"https:\/\/www.crossprensa.com.ar\/news\/wp-json\/wp\/v2\/types\/post"}],"author":[{"embeddable":true,"href":"https:\/\/www.crossprensa.com.ar\/news\/wp-json\/wp\/v2\/users\/2"}],"replies":[{"embeddable":true,"href":"https:\/\/www.crossprensa.com.ar\/news\/wp-json\/wp\/v2\/comments?post=12417"}],"version-history":[{"count":1,"href":"https:\/\/www.crossprensa.com.ar\/news\/wp-json\/wp\/v2\/posts\/12417\/revisions"}],"predecessor-version":[{"id":12419,"href":"https:\/\/www.crossprensa.com.ar\/news\/wp-json\/wp\/v2\/posts\/12417\/revisions\/12419"}],"wp:attachment":[{"href":"https:\/\/www.crossprensa.com.ar\/news\/wp-json\/wp\/v2\/media?parent=12417"}],"wp:term":[{"taxonomy":"category","embeddable":true,"href":"https:\/\/www.crossprensa.com.ar\/news\/wp-json\/wp\/v2\/categories?post=12417"},{"taxonomy":"post_tag","embeddable":true,"href":"https:\/\/www.crossprensa.com.ar\/news\/wp-json\/wp\/v2\/tags?post=12417"}],"curies":[{"name":"wp","href":"https:\/\/api.w.org\/{rel}","templated":true}]}}