{"id":11868,"date":"2015-06-05T18:07:31","date_gmt":"2015-06-05T21:07:31","guid":{"rendered":"http:\/\/www.crossprensa.com.ar\/news\/?p=11868"},"modified":"2015-06-05T18:07:31","modified_gmt":"2015-06-05T21:07:31","slug":"crossprensa-radio-este-sabado-en-vivo-desde-las-9","status":"publish","type":"post","link":"https:\/\/www.crossprensa.com.ar\/news\/crossprensa-radio-este-sabado-en-vivo-desde-las-9\/crossprensa-radio\/","title":{"rendered":"CROSSPRENSA RADIO&#8230; Este s\u00e1bado en vivo desde las 9"},"content":{"rendered":"<p>Todo lo que pasa en el MOtocross, en todo el mundo, lo ten\u00e9s en Crossprensa. Este s\u00e1bado desde las 9, la previa del AMA PRO MOTOCROSS desde Muddy Creek. Lo que pas\u00f3 con La Rioja&#8230; Y se vuelve a correr ah\u00ed? Mas los pilotos argentinos y su actualidad, y un avance internacional impresionante porque hablar\u00e1 con nosotros JORGE PRADO GARCIA, el piloto espa\u00f1ol puntero del Campeonato Europeo de 125, y lo que pod\u00e9s ver en el video en la nota. Te lo vas a perder?<\/p>\n<p><!--more--><\/p>\n<p><iframe title=\"Crossprensa Radio, de verdad NO se detiene.\" width=\"640\" height=\"480\" src=\"https:\/\/www.youtube.com\/embed\/aAb3YQUNELQ?feature=oembed\" frameborder=\"0\" allow=\"accelerometer; autoplay; clipboard-write; encrypted-media; gyroscope; picture-in-picture; web-share\" referrerpolicy=\"strict-origin-when-cross-origin\" allowfullscreen><\/iframe><\/p>\n","protected":false},"excerpt":{"rendered":"<p>Todo lo que pasa en el MOtocross, en todo el mundo, lo ten\u00e9s en Crossprensa&#8230;.<\/p>\n","protected":false},"author":2,"featured_media":0,"comment_status":"open","ping_status":"open","sticky":false,"template":"","format":"standard","meta":{"om_disable_all_campaigns":false,"_monsterinsights_skip_tracking":false,"_monsterinsights_sitenote_active":false,"_monsterinsights_sitenote_note":"","_monsterinsights_sitenote_category":0,"_uf_show_specific_survey":0,"_uf_disable_surveys":false,"footnotes":""},"categories":[16],"tags":[6],"class_list":["post-11868","post","type-post","status-publish","format-standard","hentry","category-crossprensa-radio","tag-text"],"aioseo_notices":[],"_links":{"self":[{"href":"https:\/\/www.crossprensa.com.ar\/news\/wp-json\/wp\/v2\/posts\/11868","targetHints":{"allow":["GET"]}}],"collection":[{"href":"https:\/\/www.crossprensa.com.ar\/news\/wp-json\/wp\/v2\/posts"}],"about":[{"href":"https:\/\/www.crossprensa.com.ar\/news\/wp-json\/wp\/v2\/types\/post"}],"author":[{"embeddable":true,"href":"https:\/\/www.crossprensa.com.ar\/news\/wp-json\/wp\/v2\/users\/2"}],"replies":[{"embeddable":true,"href":"https:\/\/www.crossprensa.com.ar\/news\/wp-json\/wp\/v2\/comments?post=11868"}],"version-history":[{"count":1,"href":"https:\/\/www.crossprensa.com.ar\/news\/wp-json\/wp\/v2\/posts\/11868\/revisions"}],"predecessor-version":[{"id":11870,"href":"https:\/\/www.crossprensa.com.ar\/news\/wp-json\/wp\/v2\/posts\/11868\/revisions\/11870"}],"wp:attachment":[{"href":"https:\/\/www.crossprensa.com.ar\/news\/wp-json\/wp\/v2\/media?parent=11868"}],"wp:term":[{"taxonomy":"category","embeddable":true,"href":"https:\/\/www.crossprensa.com.ar\/news\/wp-json\/wp\/v2\/categories?post=11868"},{"taxonomy":"post_tag","embeddable":true,"href":"https:\/\/www.crossprensa.com.ar\/news\/wp-json\/wp\/v2\/tags?post=11868"}],"curies":[{"name":"wp","href":"https:\/\/api.w.org\/{rel}","templated":true}]}}