{"id":11695,"date":"2015-05-29T03:18:34","date_gmt":"2015-05-29T06:18:34","guid":{"rendered":"http:\/\/www.crossprensa.com.ar\/news\/?p=11695"},"modified":"2015-05-29T03:18:34","modified_gmt":"2015-05-29T06:18:34","slug":"ktm-y-husqvarna-usa-al-mundial","status":"publish","type":"post","link":"https:\/\/www.crossprensa.com.ar\/news\/ktm-y-husqvarna-usa-al-mundial\/mx\/","title":{"rendered":"KTM y HUSQVARNA USA, AL MUNDIAL"},"content":{"rendered":"<p>Recuerdan que hace unas tres semanas nos pregunt\u00e1bamos sobre Dungey en el mundial?, una vez mas les preguntamos: Donde lo vieron primero?<\/p>\n<p>Se confirm\u00f3 que los equipos oficiales de KTM y HUSQVARNA estar\u00e1n presenten en Glen Helen para la final del Mundial de Motocross.<\/p>\n<p><!--more--><\/p>\n<p><strong>KTM Racing se complace en anunciar que la l\u00ednea completa de su equipo Red Bull KTM de f\u00e1brica &#8211; en ambos lados del Atl\u00e1ntico correr\u00e1 la final de MXGP en el legendario circuito de Glen Helen en los Estados Unidos.<\/strong><\/p>\n<p><strong>KTM tendr\u00e1 una presencia adicional en la carrera con los equipos sat\u00e9lite de Estados Unidos con BTO Sports\u00a0KTM y Troy Lee \/ Lucas Oil \/ KTM por lo que es una verdadera celebraci\u00f3n de la marca naranja.<\/strong><\/p>\n<p>Beirer dijo que todos los equipos y sobre todo el deporte de Motocross se beneficiar\u00e1n de este alto nivel de competencia en un formato de carrera que es diferente del tradicional Motocross de las Naciones, donde los pilotos se unen para luchar por su gloria nacional individual.<\/p>\n<p>Pit Beirer, Director de KTM Motorsport dijo que se trata de una oportunidad \u00fanica no s\u00f3lo para el equipo KTM, sino tambi\u00e9n para los mejores pilotos del deporte para competir unos contra otros en un competiciones de alto nivel.<\/p>\n<p>&#8220;Vamos a Glen Helen con todos nuestros pilotos del Campeonato del Mundo de Motocross MXGP y US Series&#8221;, <strong>dijo Beirer.<\/strong> &#8220;Esto no s\u00f3lo traer\u00e1 a nuestros chicos\u00a0juntos en verdadera&#8221; Ready to Race &#8220;tradici\u00f3n KTM; sino\u00a0que tambi\u00e9n les dar\u00e1 la oportunidad de correr junto a los mejores del mundo. Queremos que la \u00faltima prueba de la temporada sea verdaderamente memorable y muchas esperanzas de que otros oficiales de los equipos oficiales de otras marca de los Estados Unidos tendr\u00e1n la invitaci\u00f3n y podr\u00e1n unirse a nosotros en Glen Helen. &#8221;<\/p>\n<p><a href=\"http:\/\/blog.mxbars.net\/2015\/05\/28\/husqvarna-e-ktm-confermano-la-presenza-di-tutti-i-loro-piloti-ufficiali-alla-finale-mxgp-di-glen-helen\/109736_pourcel-hangtownmx2015-cudby-005\/\" rel=\"attachment wp-att-47853\"><img fetchpriority=\"high\" decoding=\"async\" class=\"aligncenter  wp-image-47853\" src=\"http:\/\/blog.mxbars.net\/wp-content\/uploads\/2015\/05\/109736_Pourcel-HangtownMX2015-Cudby-005.jpg\" alt=\"109736_Pourcel-HangtownMX2015-Cudby-005\" width=\"800\" height=\"532\" \/><\/a><\/p>\n<div><\/div>\n<div>Husqvarna Motorsports anunci\u00f3 su intenci\u00f3n de participar en la \u00faltima prueba del Campeonato del Mundo de Motocross en 2015 con los pilotos de todos los equipos oficiales.<\/div>\n<div><\/div>\n<div>El equipo americano <strong>Rockstar Energy Husqvarna Factory Racing<\/strong> competir\u00e1 que junto con el equipo <strong>Red Bull Iceone Husqvarna Factory Racing<\/strong> y Team <strong>Wilvo Nestaan \u200b\u200bHusqvarna Factory Racing<\/strong> en Glen Helen, hist\u00f3rico circuito que este a\u00f1o acoge la \u00faltima carrera de la temporada en 2015 el mundo de motocross.<\/div>\n<div><\/div>\n<div>El nombramiento de Glen Helen es para el 29 y 30 de septiembre, una semana antes del Motocross de las Naciones, que este a\u00f1o se llevar\u00e1 a cabo en Francia.<\/div>\n<div><\/div>\n<div><strong>Robert Jonas, Responsable de Husqvarna Motorsports, dijo:<\/strong> &#8221; <em>Creemos que tener en la pista de Glen Helen los tres de nuestro equipo oficial ser\u00e1 algo \u00fanico, una verdadera celebraci\u00f3n de nuestro deporte. Es una oportunidad excepcional para los pilotos norteamericanos, sino tambi\u00e9n para los aficionados y para los equipos, que tendr\u00e1n la oportunidad de asistir a un reto apasionante entre los mejores pilotos del mundo<\/em> &#8220;.<\/div>\n<div><\/div>\n<div>Seg\u00fan Jonas, este es un momento excepcional\u00a0para el deporte en general: &#8221; <em>Nuestros pilotos MXGP tendr\u00e1n la oportunidad de competir con los mejores pilotos del extranjero y en este sentido Glen Helen es el lugar ideal. Una oportunidad m\u00e1s para terminar la temporada con una nota positiva. Espero que muchos de los mejores pilotos americanos tomen con benepl\u00e1cito la invitaci\u00f3n y se unan a nosotros para crear un fin de semana inolvidable &#8220;.<\/em><\/div>\n<p>&nbsp;<\/p>\n","protected":false},"excerpt":{"rendered":"<p>Recuerdan que hace unas tres semanas nos pregunt\u00e1bamos sobre Dungey en el mundial?, una vez&#8230;<\/p>\n","protected":false},"author":2,"featured_media":0,"comment_status":"open","ping_status":"open","sticky":false,"template":"","format":"standard","meta":{"om_disable_all_campaigns":false,"_monsterinsights_skip_tracking":false,"_monsterinsights_sitenote_active":false,"_monsterinsights_sitenote_note":"","_monsterinsights_sitenote_category":0,"_uf_show_specific_survey":0,"_uf_disable_surveys":false,"footnotes":""},"categories":[7],"tags":[6],"class_list":["post-11695","post","type-post","status-publish","format-standard","hentry","category-mx","tag-text"],"aioseo_notices":[],"_links":{"self":[{"href":"https:\/\/www.crossprensa.com.ar\/news\/wp-json\/wp\/v2\/posts\/11695","targetHints":{"allow":["GET"]}}],"collection":[{"href":"https:\/\/www.crossprensa.com.ar\/news\/wp-json\/wp\/v2\/posts"}],"about":[{"href":"https:\/\/www.crossprensa.com.ar\/news\/wp-json\/wp\/v2\/types\/post"}],"author":[{"embeddable":true,"href":"https:\/\/www.crossprensa.com.ar\/news\/wp-json\/wp\/v2\/users\/2"}],"replies":[{"embeddable":true,"href":"https:\/\/www.crossprensa.com.ar\/news\/wp-json\/wp\/v2\/comments?post=11695"}],"version-history":[{"count":1,"href":"https:\/\/www.crossprensa.com.ar\/news\/wp-json\/wp\/v2\/posts\/11695\/revisions"}],"predecessor-version":[{"id":11697,"href":"https:\/\/www.crossprensa.com.ar\/news\/wp-json\/wp\/v2\/posts\/11695\/revisions\/11697"}],"wp:attachment":[{"href":"https:\/\/www.crossprensa.com.ar\/news\/wp-json\/wp\/v2\/media?parent=11695"}],"wp:term":[{"taxonomy":"category","embeddable":true,"href":"https:\/\/www.crossprensa.com.ar\/news\/wp-json\/wp\/v2\/categories?post=11695"},{"taxonomy":"post_tag","embeddable":true,"href":"https:\/\/www.crossprensa.com.ar\/news\/wp-json\/wp\/v2\/tags?post=11695"}],"curies":[{"name":"wp","href":"https:\/\/api.w.org\/{rel}","templated":true}]}}