{"id":11682,"date":"2015-05-27T15:13:57","date_gmt":"2015-05-27T18:13:57","guid":{"rendered":"http:\/\/www.crossprensa.com.ar\/news\/?p=11682"},"modified":"2015-05-27T15:13:57","modified_gmt":"2015-05-27T18:13:57","slug":"conam-tener-memoria","status":"publish","type":"post","link":"https:\/\/www.crossprensa.com.ar\/news\/conam-tener-memoria\/mx\/","title":{"rendered":"CONAM: Tener memoria."},"content":{"rendered":"<p style=\"text-align: justify;\">Con motivo de la suspensi\u00f3n y traslado de circuito dentro de la misma provincia de La Rioja, de la 4ta. fecha del A\u00f1o del Motocross Argentino, surgieron algunas voces con ciertos comentarios.<\/p>\n<p style=\"text-align: justify;\">Creo que hay que tener memoria, es lo \u00fanico que voy a decir, y a ella apelo para lo que van a leer en la nota.<\/p>\n<p style=\"text-align: justify;\"><!--more--><\/p>\n<p style=\"text-align: justify;\">Hay cosas que no me gustan, y esto lo pens\u00e9 antes de escribirlo porque me conozco y me conocen. Que en lo personal soporte a cierta parte del ambiente que se encarga sistem\u00e1ticamente de hacer ciertas cosas en contra de Crossprensa no me sorprende, no me molesta y solo sirve para ponerme mas las pilas y seguir trabajando como siempre, aunque a veces la &#8220;salida de cadena&#8221; me resulta inevitable.<\/p>\n<p style=\"text-align: justify;\">Pero, a los que salieron a mandar mensajes, siempre en privado claro&#8230; O hacer comentarios para que otros los hagan correr, me parece directamente est\u00fapido. NI Omar Seibel ni David Caramella, necesitan que alguien los defienda pero esto de verdad no me gusta porque ensucia a dos personas que hasta inentendiblemente siguen poniendo dinero de su bolsillo para poder mantener la estructura que han conformado para tener un campeonato que hoy es simplemente digno.<\/p>\n<p style=\"text-align: justify;\">Se olvidan de como estaba todo luego de 2009? Tengo que traer a la memoria las razones del Motazo Nacional? Las peleas con Camod? El que ellos hayan agarrado un hierro caliente y lo manejaran como pudieron hasta ahora sacando adelante la actividad? HAY ALGUIEN MAS A QUIEN SE LE DEBA ESTO?<\/p>\n<p style=\"text-align: justify;\">NO. Solo a estas dos personas.<\/p>\n<p style=\"text-align: justify;\">Entonces: Si no hiciste nada, si no agarraste la pala, si no aportaste una idea&#8230; A que te met\u00e9s? que pod\u00e9s criticar? Nadie puede hoy asegurar una carrera en Argentina por los costos que tiene y por la forma en que se tiene que manejar merced a que antes siempre fue un desastre el manejo y nunca se han ocupado de que esto surja, crezca y de frutos LEGITIMOS, no que las carreras las financien los pilotos y de ah\u00ed varios &#8220;cobren sueldo&#8221;.<\/p>\n<p style=\"text-align: justify;\">NO hab\u00eda nada, hoy tienen mucho. Quiz\u00e1s falte, pero saben que es lo principal que dieron desde CONAM Seibel y Caramella? Transparencia, dignidad a los pilotos, reconocimiento e intentan hacerlo crecer para que pueda servir y manejarse como una empresa, no como un kiosco.<\/p>\n<p style=\"text-align: justify;\">Por eso, en lugar de la cr\u00edtica c\u00f3moda detr\u00e1s de un teclado, es mejor sumarse, apoyar e intentar darles la ayuda que necesitan. Nosotros, como Crossprensa nos alejamos porque las presiones que sufrieron ellos para que qui\u00e9n firma no estuviese, se les tornaron inmanejables, pero no nos pusieron en la vereda de en frente por eso, sino todo lo contrario. La sinceridad con que actuaron nos hizo estar a\u00fan mas al lado de Conam para apoyarlos y por eso esto que escribo.<\/p>\n<p style=\"text-align: justify;\">NO esperen NADA los que se ocuparon de eso, porque parece que hay cosas que siguen molestando, sobre todo que 4500 personas por d\u00eda nos sigan leyendo, d\u00eda a d\u00eda. Y esas personas, son las que dejan su opini\u00f3n o no al respecto de la marcha de ciertas cosas.<\/p>\n<p style=\"text-align: justify;\">Por eso, hicimos un acuerdo y un contrato para que seamos nosotros en exclusiva los que transmiti\u00e9ramos las carreras de Nacional en 2015 y 2016. Por eso, los dem\u00e1s medios TRABAJEN Y AYUDEN, para que esto sea bueno para todos nosotros, ya que desde 2011 siempre ayudamos para poder avanzar y superar la crisis sin pedir NADA.<\/p>\n<p style=\"text-align: justify;\">Basta, porque en alg\u00fan momento, se les corta el hilito de la careta. Se llevan MUCHO dinero de cada carrera ciertos personajes y en lugar de ayudar y aportar, se dedican a darle letra a los alcahuetes de turno para armar comentarios maliciosos que corren como reguero de p\u00f3lvora.<\/p>\n<p style=\"text-align: justify;\">Si no tienen dignidad, por lo menos tengan memoria, y recuerden el Motocross que tuvimos antes.<\/p>\n<p style=\"text-align: justify;\">Yo si me acuerdo.<\/p>\n<p>N\u00e9stor Guti\u00e9rrez.<\/p>\n<p>Director de Crossprensa.<\/p>\n","protected":false},"excerpt":{"rendered":"<p>Con motivo de la suspensi\u00f3n y traslado de circuito dentro de la misma provincia de&#8230;<\/p>\n","protected":false},"author":2,"featured_media":11683,"comment_status":"open","ping_status":"open","sticky":false,"template":"","format":"standard","meta":{"om_disable_all_campaigns":false,"_monsterinsights_skip_tracking":false,"_monsterinsights_sitenote_active":false,"_monsterinsights_sitenote_note":"","_monsterinsights_sitenote_category":0,"_uf_show_specific_survey":0,"_uf_disable_surveys":false,"footnotes":""},"categories":[7],"tags":[5],"class_list":["post-11682","post","type-post","status-publish","format-standard","has-post-thumbnail","hentry","category-mx","tag-slice"],"aioseo_notices":[],"_links":{"self":[{"href":"https:\/\/www.crossprensa.com.ar\/news\/wp-json\/wp\/v2\/posts\/11682","targetHints":{"allow":["GET"]}}],"collection":[{"href":"https:\/\/www.crossprensa.com.ar\/news\/wp-json\/wp\/v2\/posts"}],"about":[{"href":"https:\/\/www.crossprensa.com.ar\/news\/wp-json\/wp\/v2\/types\/post"}],"author":[{"embeddable":true,"href":"https:\/\/www.crossprensa.com.ar\/news\/wp-json\/wp\/v2\/users\/2"}],"replies":[{"embeddable":true,"href":"https:\/\/www.crossprensa.com.ar\/news\/wp-json\/wp\/v2\/comments?post=11682"}],"version-history":[{"count":1,"href":"https:\/\/www.crossprensa.com.ar\/news\/wp-json\/wp\/v2\/posts\/11682\/revisions"}],"predecessor-version":[{"id":11684,"href":"https:\/\/www.crossprensa.com.ar\/news\/wp-json\/wp\/v2\/posts\/11682\/revisions\/11684"}],"wp:featuredmedia":[{"embeddable":true,"href":"https:\/\/www.crossprensa.com.ar\/news\/wp-json\/wp\/v2\/media\/11683"}],"wp:attachment":[{"href":"https:\/\/www.crossprensa.com.ar\/news\/wp-json\/wp\/v2\/media?parent=11682"}],"wp:term":[{"taxonomy":"category","embeddable":true,"href":"https:\/\/www.crossprensa.com.ar\/news\/wp-json\/wp\/v2\/categories?post=11682"},{"taxonomy":"post_tag","embeddable":true,"href":"https:\/\/www.crossprensa.com.ar\/news\/wp-json\/wp\/v2\/tags?post=11682"}],"curies":[{"name":"wp","href":"https:\/\/api.w.org\/{rel}","templated":true}]}}