{"id":11433,"date":"2015-05-18T15:38:49","date_gmt":"2015-05-18T18:38:49","guid":{"rendered":"http:\/\/www.crossprensa.com.ar\/news\/?p=11433"},"modified":"2015-05-19T17:05:39","modified_gmt":"2015-05-19T20:05:39","slug":"linea-ktm-sx-2016","status":"publish","type":"post","link":"https:\/\/www.crossprensa.com.ar\/news\/linea-ktm-sx-2016\/mx\/","title":{"rendered":"LINEA KTM SX 2016"},"content":{"rendered":"<p>La nueva l\u00ednea de KTM con pl\u00e1sticos diferentes y distinta decoraci\u00f3n, fue presentada hoy en Maggiora, Italia.<\/p>\n<p>Aqu\u00ed las primeras fotos de las campeonas del Mundo y del Ama Supercross.<\/p>\n<p><!--more--><\/p>\n<p><a href=\"http:\/\/www.crossprensa.com.ar\/news\/wp-content\/uploads\/2015\/05\/zzzzzz2352640_n1.jpg\"><img fetchpriority=\"high\" decoding=\"async\" class=\"aligncenter size-large wp-image-11435\" src=\"http:\/\/www.crossprensa.com.ar\/news\/wp-content\/uploads\/2015\/05\/zzzzzz2352640_n1-600x400.jpg\" alt=\"zzzzzz2352640_n\" width=\"600\" height=\"400\" \/><\/a><\/p>\n<p><a href=\"http:\/\/www.crossprensa.com.ar\/news\/wp-content\/uploads\/2015\/05\/zzzzzz2352641_n1.jpg\"><img decoding=\"async\" class=\"aligncenter size-large wp-image-11436\" src=\"http:\/\/www.crossprensa.com.ar\/news\/wp-content\/uploads\/2015\/05\/zzzzzz2352641_n1-602x400.jpg\" alt=\"zzzzzz2352641_n\" width=\"602\" height=\"400\" \/><\/a><\/p>\n","protected":false},"excerpt":{"rendered":"<p>La nueva l\u00ednea de KTM con pl\u00e1sticos diferentes y distinta decoraci\u00f3n, fue presentada hoy en&#8230;<\/p>\n","protected":false},"author":2,"featured_media":0,"comment_status":"open","ping_status":"open","sticky":false,"template":"","format":"standard","meta":{"om_disable_all_campaigns":false,"_monsterinsights_skip_tracking":false,"_monsterinsights_sitenote_active":false,"_monsterinsights_sitenote_note":"","_monsterinsights_sitenote_category":0,"_uf_show_specific_survey":0,"_uf_disable_surveys":false,"footnotes":""},"categories":[7,8],"tags":[6],"class_list":["post-11433","post","type-post","status-publish","format-standard","hentry","category-mx","category-sx","tag-text"],"aioseo_notices":[],"_links":{"self":[{"href":"https:\/\/www.crossprensa.com.ar\/news\/wp-json\/wp\/v2\/posts\/11433","targetHints":{"allow":["GET"]}}],"collection":[{"href":"https:\/\/www.crossprensa.com.ar\/news\/wp-json\/wp\/v2\/posts"}],"about":[{"href":"https:\/\/www.crossprensa.com.ar\/news\/wp-json\/wp\/v2\/types\/post"}],"author":[{"embeddable":true,"href":"https:\/\/www.crossprensa.com.ar\/news\/wp-json\/wp\/v2\/users\/2"}],"replies":[{"embeddable":true,"href":"https:\/\/www.crossprensa.com.ar\/news\/wp-json\/wp\/v2\/comments?post=11433"}],"version-history":[{"count":1,"href":"https:\/\/www.crossprensa.com.ar\/news\/wp-json\/wp\/v2\/posts\/11433\/revisions"}],"predecessor-version":[{"id":11437,"href":"https:\/\/www.crossprensa.com.ar\/news\/wp-json\/wp\/v2\/posts\/11433\/revisions\/11437"}],"wp:attachment":[{"href":"https:\/\/www.crossprensa.com.ar\/news\/wp-json\/wp\/v2\/media?parent=11433"}],"wp:term":[{"taxonomy":"category","embeddable":true,"href":"https:\/\/www.crossprensa.com.ar\/news\/wp-json\/wp\/v2\/categories?post=11433"},{"taxonomy":"post_tag","embeddable":true,"href":"https:\/\/www.crossprensa.com.ar\/news\/wp-json\/wp\/v2\/tags?post=11433"}],"curies":[{"name":"wp","href":"https:\/\/api.w.org\/{rel}","templated":true}]}}