{"id":11374,"date":"2015-05-15T19:49:57","date_gmt":"2015-05-15T22:49:57","guid":{"rendered":"http:\/\/www.crossprensa.com.ar\/news\/?p=11374"},"modified":"2015-05-15T19:49:57","modified_gmt":"2015-05-15T22:49:57","slug":"petrov-se-une-kawasaki","status":"publish","type":"post","link":"https:\/\/www.crossprensa.com.ar\/news\/petrov-se-une-kawasaki\/mx\/","title":{"rendered":"Petrov se une Kawasaki !!!"},"content":{"rendered":"<p style=\"text-align: justify;\">Apenas a una semana de la 7ma fecha de MXGP en\u00a0Matterley Bassin, Jordi Tixier y Thomas Covington recibir\u00e1n a un nuevo compa\u00f1ero de equipo. Con\u00a0tan solo 20 a\u00f1os de edad, Petar ya tiene gran experiencia en MX2, donde corre desde 2010 despu\u00e9s de resultados prometedores en 85 y 125.<\/p>\n<p style=\"text-align: justify;\"><!--more--><\/p>\n<p style=\"text-align: justify;\">Por primera vez en su carrera el joven b\u00falgaro correr\u00e1 en una moto oficial de f\u00e1brica. Despu\u00e9s de haber logrado muchos top ten y un par de top five, Petar est\u00e1 listo para otro desaf\u00edo. \u00c9l tendr\u00e1 varios d\u00edas de pruebas para familiarizarse con su nueva moto y nuevo equipo antes de viajar a Gran Breta\u00f1a para competir en la s\u00e9ptima fecha de MXGP el fin de semana del 23 y 24 de Mayo.<\/p>\n<p style=\"text-align: justify;\"><strong>Jean Jacques Luisetti (propietario del equipo):<\/strong><\/p>\n<blockquote>\n<p style=\"text-align: justify;\">&#8220;Tuvimos que tomar una decisi\u00f3n r\u00e1pida, ya que queremos ofrecer a nuestros socios y patrocinadores tres pilotos\u00a0en el partidor\u00a0para el pr\u00f3ximo GP. En este momento de la temporada muy pocos pilotos de primera calidad est\u00e1n disponibles. La buena fortuna sonri\u00f3 para\u00a0nosotros y hemos sido capaces de seleccionar a Petar Petrov, un piloto joven que le dar\u00e1 a\u00fan m\u00e1s exposici\u00f3n Internacional para el equipo. Nosotros le ayudaremos a que se sienta como en casa, as\u00ed como ofrecer todo nuestro apoyo a Dylan Ferrandis durante su per\u00edodo de recuperaci\u00f3n despu\u00e9s de la cirug\u00eda &#8220;.<\/p>\n<\/blockquote>\n<p style=\"text-align: justify;\"><strong>Petar Petrov:<\/strong><\/p>\n<blockquote>\n<p style=\"text-align: justify;\">&#8220;Estoy muy feliz y emocionado por esta oportunidad. El\u00a0Monster Energy Team Kawasaki Racing Team es un equipo oficial\u00a0y estoy muy feliz de que ellos crean en m\u00ed.Creo que puedo hacerlo bien con el apoyo que me est\u00e1n ofreciendo y con la experiencia que tienen.\u00a0Estoy con muchas ganas de correr con ellos y ver qu\u00e9 pasa. Naturalmente que quiero dar las gracias a todo el personal por su confianza y por creer en m\u00ed &#8220;.<\/p>\n<\/blockquote>\n","protected":false},"excerpt":{"rendered":"<p>Apenas a una semana de la 7ma fecha de MXGP en\u00a0Matterley Bassin, Jordi Tixier y&#8230;<\/p>\n","protected":false},"author":2,"featured_media":0,"comment_status":"open","ping_status":"open","sticky":false,"template":"","format":"standard","meta":{"om_disable_all_campaigns":false,"_monsterinsights_skip_tracking":false,"_monsterinsights_sitenote_active":false,"_monsterinsights_sitenote_note":"","_monsterinsights_sitenote_category":0,"_uf_show_specific_survey":0,"_uf_disable_surveys":false,"footnotes":""},"categories":[7],"tags":[6],"class_list":["post-11374","post","type-post","status-publish","format-standard","hentry","category-mx","tag-text"],"aioseo_notices":[],"_links":{"self":[{"href":"https:\/\/www.crossprensa.com.ar\/news\/wp-json\/wp\/v2\/posts\/11374","targetHints":{"allow":["GET"]}}],"collection":[{"href":"https:\/\/www.crossprensa.com.ar\/news\/wp-json\/wp\/v2\/posts"}],"about":[{"href":"https:\/\/www.crossprensa.com.ar\/news\/wp-json\/wp\/v2\/types\/post"}],"author":[{"embeddable":true,"href":"https:\/\/www.crossprensa.com.ar\/news\/wp-json\/wp\/v2\/users\/2"}],"replies":[{"embeddable":true,"href":"https:\/\/www.crossprensa.com.ar\/news\/wp-json\/wp\/v2\/comments?post=11374"}],"version-history":[{"count":1,"href":"https:\/\/www.crossprensa.com.ar\/news\/wp-json\/wp\/v2\/posts\/11374\/revisions"}],"predecessor-version":[{"id":11376,"href":"https:\/\/www.crossprensa.com.ar\/news\/wp-json\/wp\/v2\/posts\/11374\/revisions\/11376"}],"wp:attachment":[{"href":"https:\/\/www.crossprensa.com.ar\/news\/wp-json\/wp\/v2\/media?parent=11374"}],"wp:term":[{"taxonomy":"category","embeddable":true,"href":"https:\/\/www.crossprensa.com.ar\/news\/wp-json\/wp\/v2\/categories?post=11374"},{"taxonomy":"post_tag","embeddable":true,"href":"https:\/\/www.crossprensa.com.ar\/news\/wp-json\/wp\/v2\/tags?post=11374"}],"curies":[{"name":"wp","href":"https:\/\/api.w.org\/{rel}","templated":true}]}}