{"id":11315,"date":"2015-05-13T02:09:54","date_gmt":"2015-05-13T05:09:54","guid":{"rendered":"http:\/\/www.crossprensa.com.ar\/news\/?p=11315"},"modified":"2015-05-13T02:09:54","modified_gmt":"2015-05-13T05:09:54","slug":"confirmado-malcom-stewart-no-corre-el-mx-ama","status":"publish","type":"post","link":"https:\/\/www.crossprensa.com.ar\/news\/confirmado-malcom-stewart-no-corre-el-mx-ama\/mx\/","title":{"rendered":"Confirmado: Malcom Stewart no corre el MX Ama."},"content":{"rendered":"<p>A\u00a0pesar de su gran actuaci\u00f3n en el Monster Energy Western Regional de Supercross Series 250 &#8211; incluyendo una victoria en el SX Oakland &#8211; Malcolm Stewart no regresar\u00e1 como un miembro del equipo GEICO Honda.<\/p>\n<p><!--more--><\/p>\n<p>Con Justin Bogle, RJ Hampshire, Matt Bisceglia y Jordan Smith todos sanos, el equipo tiene sus motos ocupadas\u00a0para el verano norteamericano. Aunque hubo cierta especulaci\u00f3n de que Mookie encontrar\u00eda una 450 para el MX, podemos confirmarles que regresar\u00e1 para la 250 eb Supercross en 2016 a bordo de una GEICO Honda, pero ya con los planes de pasar a 450 para el pr\u00f3ximo a\u00f1o en MX.<\/p>\n<p>Recordemos que M. Stewart se retir\u00f3 el a\u00f1o pasado en Red Bud con un caso de deshidrataci\u00f3n extrema.<\/p>\n","protected":false},"excerpt":{"rendered":"<p>A\u00a0pesar de su gran actuaci\u00f3n en el Monster Energy Western Regional de Supercross Series 250&#8230;<\/p>\n","protected":false},"author":2,"featured_media":0,"comment_status":"open","ping_status":"open","sticky":false,"template":"","format":"standard","meta":{"om_disable_all_campaigns":false,"_monsterinsights_skip_tracking":false,"_monsterinsights_sitenote_active":false,"_monsterinsights_sitenote_note":"","_monsterinsights_sitenote_category":0,"_uf_show_specific_survey":0,"_uf_disable_surveys":false,"footnotes":""},"categories":[7],"tags":[5],"class_list":["post-11315","post","type-post","status-publish","format-standard","hentry","category-mx","tag-slice"],"aioseo_notices":[],"_links":{"self":[{"href":"https:\/\/www.crossprensa.com.ar\/news\/wp-json\/wp\/v2\/posts\/11315","targetHints":{"allow":["GET"]}}],"collection":[{"href":"https:\/\/www.crossprensa.com.ar\/news\/wp-json\/wp\/v2\/posts"}],"about":[{"href":"https:\/\/www.crossprensa.com.ar\/news\/wp-json\/wp\/v2\/types\/post"}],"author":[{"embeddable":true,"href":"https:\/\/www.crossprensa.com.ar\/news\/wp-json\/wp\/v2\/users\/2"}],"replies":[{"embeddable":true,"href":"https:\/\/www.crossprensa.com.ar\/news\/wp-json\/wp\/v2\/comments?post=11315"}],"version-history":[{"count":1,"href":"https:\/\/www.crossprensa.com.ar\/news\/wp-json\/wp\/v2\/posts\/11315\/revisions"}],"predecessor-version":[{"id":11317,"href":"https:\/\/www.crossprensa.com.ar\/news\/wp-json\/wp\/v2\/posts\/11315\/revisions\/11317"}],"wp:attachment":[{"href":"https:\/\/www.crossprensa.com.ar\/news\/wp-json\/wp\/v2\/media?parent=11315"}],"wp:term":[{"taxonomy":"category","embeddable":true,"href":"https:\/\/www.crossprensa.com.ar\/news\/wp-json\/wp\/v2\/categories?post=11315"},{"taxonomy":"post_tag","embeddable":true,"href":"https:\/\/www.crossprensa.com.ar\/news\/wp-json\/wp\/v2\/tags?post=11315"}],"curies":[{"name":"wp","href":"https:\/\/api.w.org\/{rel}","templated":true}]}}