{"id":10973,"date":"2015-05-06T09:23:33","date_gmt":"2015-05-06T12:23:33","guid":{"rendered":"http:\/\/www.crossprensa.com.ar\/news\/?p=10973"},"modified":"2015-05-06T09:23:33","modified_gmt":"2015-05-06T12:23:33","slug":"carlos-aimar-su-primera-vez","status":"publish","type":"post","link":"https:\/\/www.crossprensa.com.ar\/news\/carlos-aimar-su-primera-vez\/mx\/","title":{"rendered":"Carlos Aimar, su primera vez."},"content":{"rendered":"<p style=\"text-align: justify;\">Y si, siempre hay una primera vez. Carlos Aimar (h) debut\u00f3 como ganador en el Argentino, el fin de semana pasado en San Juan.<\/p>\n<p style=\"text-align: justify;\">Un excelente piloto y mas a\u00fan una gran persona, llena de humildad y buena onda como para que merezca algo mas que una nota.<\/p>\n<p><!--more--><\/p>\n<p>Nombre completo: Carlos Aimar<\/p>\n<p>Fecha de Nacimiento: 29\/07\/93<\/p>\n<p>Nombre de tus padres: Carlos Aimar y Stella Perez<\/p>\n<p>Sponsors:\u00a0 Aimarcampos y motomass<\/p>\n<p>Moto\/a\u00f1o: Yamaha 450 modelo 2015<\/p>\n<p>Mec\u00e1nico: Rodrigo Fernandez<\/p>\n<p>&nbsp;<\/p>\n<p>1- Hola Carlitos! Se di\u00f3 por fin tu primera victoria! cuantos a\u00f1os llev\u00e1s corriendo? Y cuantos en el Argentino?<\/p>\n<blockquote><p>Si la verdad que feliz de haber logrado un triunfo en la categoria 450.<\/p>\n<p>Empece a correr cuando tenia 6 a\u00f1os en una KTM 50cc en la categoria principiante ya que en el pampeano no habia categoria minicross, asique imaginate largando con una 50cc contra principante con cilindradas 250 2T y hasta xr650, y en el argentino debute en la categoria 85cc con una yamaha en el 2006 en villa mercedes.<\/p><\/blockquote>\n<p>&nbsp;<\/p>\n<p>2- Porqu\u00e9 la decisi\u00f3n de cambiarte de categor\u00eda?<\/p>\n<blockquote><p>La verdad que lo pensamos mucho al tema de cambiar de categoria, a nivel argentino\u00a0 la verdad que la MX2 &#8220;A&#8221; estaba muy competitiva y divertida, pero por temas de tiempo no podia ir a todas las carreras y prepararme de la mejor manera para poder correrlo y en el pampeano corriamos con 250 contra todas 450 y decicimos pegar el salto para igualarnos en cilindrada en el pampeano y tambien probar algo nuevo.<\/p><\/blockquote>\n<p>&nbsp;<\/p>\n<p>3- Evidentemente te benefici\u00f3 hacerlo, donde encontr\u00e1s la ventaja?<\/p>\n<blockquote><p>La 450 la verdad que me gusto mucho la gran potencia que tiene y la posibilidad de tener que exigirte menos a la hora de tener que\u00a0 saltar y salir de lugares pesados, pero tambien hay que reconocer que es una moto que cansa el doble y que por ahi los golpes son un poco mas fuerte si no estas en tu mejor estado fisico, HAY QUE CAMBIAR MUCHO EL MANEJO DE LA 250 A LA 450.<\/p><\/blockquote>\n<p>&nbsp;<\/p>\n<p>4- Como fue tu carrera?<\/p>\n<blockquote><p>Fue un finde en san juan salio redondo ya que logramos la POLE el dia sabado y el dia domingo ganamos las dos mangas, gracias a que tube dos buenas largadas donde me entrevere varias vueltas con los pilotos rapidos de la categoria A y eso hizo que hiciera una leve ventaja con respecto a los de mi grupo y despues a mitad de carrera trate de buscar lineas sanas ya que el circuito se habia roto bastante, y mas que nada tratar de no bajar tanto el ritmo y mantenerlo hasta el final de carrera.<\/p><\/blockquote>\n<p>&nbsp;<\/p>\n<p>5- En que pensaste en el podio?<\/p>\n<blockquote><p>En el podio la verdad que pense en todo el esfuerzo que hace mi familia para poder llevarme a correr, porque si no fuera por ellos no podria hacer nada de este lindo deporte y tambien un poco en el esfuerzo que hago diariamente yendo a la facultad y a la misma vez tratando de entrenar lo que mayor pueda fisicamente ,sabiendo que me subo a la moto 1 o 2 veces al mes nomas por vivir lejos de mi pueblo.<\/p><\/blockquote>\n<p>&nbsp;<\/p>\n<p>6- Vas a seguir todo el campeonato?<\/p>\n<blockquote><p>Me encantaria seguir el campeonato, pero la verdad que hay carreras que se me complican con las fechas de parciale o epocas de estudio y preferiria primero logar el titulo en la facultad para despues ir a buscar un titulo en el argentino de motocross.<\/p><\/blockquote>\n<p>&nbsp;<\/p>\n<p>7- Como es tu rutina de entrenamientos?<\/p>\n<blockquote><p>Mi rutina al no tener la posibilidad de andar en moto durante la semana ya que no la tengo disponible en la ciudad donde estudio es basicamente ir al gymnacio 1 o 2 horas todos los dias y mejorar principalmente la resistencia muscular y tambien ayudo ese entrenamiento saliendo\u00a0 a trotar para mejorar la parte aerobica.<\/p><\/blockquote>\n<p>&nbsp;<\/p>\n<p>8- Est\u00e1s estudiando? que carrera segu\u00eds?<\/p>\n<blockquote><p>Si, estoy estudiando ingeniero agronomo en la facultad nacional de la pampa, estoy en tercer a\u00f1o de la facultad y la verdad que demandan muchas horas pero igual trato de hacerme mi tiempo en la semana para poder entrenar en el gymnacio y algunos findes poder ir a correr.<\/p><\/blockquote>\n<p>&nbsp;<\/p>\n<p>9- A qui\u00e9n ten\u00e9s que agradecerle?<\/p>\n<blockquote><p>Dejame agradecer principalmente a mi familia que sin ellos no hubiera logrado nada de lo que soy hoy y tambien a mi mecanico RODRIGO FERNADEZ que trabaja dia y noche para dejar mi moto 10 puntos para lograr los mejores resultados cada fecha, tambien a liz busso que siempre me ayuda en todo dentro y fuera de la pista, y la gente de mi pueblo (RANCUL)\u00a0 que me alienta y pregunta como me va en las carreras.<\/p>\n<p>Tambien a CONAM que esta haciendo un gran trabajo con el argentino y se lo ve reflejado en cada fecha que podemos ir.<\/p><\/blockquote>\n<p>&nbsp;<\/p>\n<p>10- Cual ser\u00eda tu sue\u00f1o en el motocross?<\/p>\n<blockquote><p>Un sue\u00f1o concreto no tengo, pero la verdad que estoy agradecido del motocross por la posibilidad que me ah dado de conocer muchisima gente buena y lugares hermosos que por ahi si no haria este deporte no los podria haber conocer nunca.<\/p>\n<p>&nbsp;<\/p><\/blockquote>\n<p>NOTA: Prensa Conam.<\/p>\n","protected":false},"excerpt":{"rendered":"<p>Y si, siempre hay una primera vez. Carlos Aimar (h) debut\u00f3 como ganador en el&#8230;<\/p>\n","protected":false},"author":2,"featured_media":10974,"comment_status":"open","ping_status":"open","sticky":false,"template":"","format":"standard","meta":{"om_disable_all_campaigns":false,"_monsterinsights_skip_tracking":false,"_monsterinsights_sitenote_active":false,"_monsterinsights_sitenote_note":"","_monsterinsights_sitenote_category":0,"_uf_show_specific_survey":0,"_uf_disable_surveys":false,"footnotes":""},"categories":[7],"tags":[5],"class_list":["post-10973","post","type-post","status-publish","format-standard","has-post-thumbnail","hentry","category-mx","tag-slice"],"aioseo_notices":[],"_links":{"self":[{"href":"https:\/\/www.crossprensa.com.ar\/news\/wp-json\/wp\/v2\/posts\/10973","targetHints":{"allow":["GET"]}}],"collection":[{"href":"https:\/\/www.crossprensa.com.ar\/news\/wp-json\/wp\/v2\/posts"}],"about":[{"href":"https:\/\/www.crossprensa.com.ar\/news\/wp-json\/wp\/v2\/types\/post"}],"author":[{"embeddable":true,"href":"https:\/\/www.crossprensa.com.ar\/news\/wp-json\/wp\/v2\/users\/2"}],"replies":[{"embeddable":true,"href":"https:\/\/www.crossprensa.com.ar\/news\/wp-json\/wp\/v2\/comments?post=10973"}],"version-history":[{"count":1,"href":"https:\/\/www.crossprensa.com.ar\/news\/wp-json\/wp\/v2\/posts\/10973\/revisions"}],"predecessor-version":[{"id":10975,"href":"https:\/\/www.crossprensa.com.ar\/news\/wp-json\/wp\/v2\/posts\/10973\/revisions\/10975"}],"wp:featuredmedia":[{"embeddable":true,"href":"https:\/\/www.crossprensa.com.ar\/news\/wp-json\/wp\/v2\/media\/10974"}],"wp:attachment":[{"href":"https:\/\/www.crossprensa.com.ar\/news\/wp-json\/wp\/v2\/media?parent=10973"}],"wp:term":[{"taxonomy":"category","embeddable":true,"href":"https:\/\/www.crossprensa.com.ar\/news\/wp-json\/wp\/v2\/categories?post=10973"},{"taxonomy":"post_tag","embeddable":true,"href":"https:\/\/www.crossprensa.com.ar\/news\/wp-json\/wp\/v2\/tags?post=10973"}],"curies":[{"name":"wp","href":"https:\/\/api.w.org\/{rel}","templated":true}]}}