{"id":871,"date":"2014-07-20T21:30:44","date_gmt":"2014-07-21T00:30:44","guid":{"rendered":"http:\/\/www.crossprensa.com.ar\/news\/?p=871"},"modified":"2014-07-21T15:03:14","modified_gmt":"2014-07-21T18:03:14","slug":"grave-accidente-de-brian-festa","status":"publish","type":"post","link":"http:\/\/www.crossprensa.com.ar\/news\/grave-accidente-de-brian-festa\/mx\/","title":{"rendered":"Grave accidente de Brian Festa."},"content":{"rendered":"<p><strong>MEJOR NO HABLAR DE CIERTAS COSAS, NO&#8230;?<\/strong><\/p>\n<p style=\"text-align: justify;\">El piloto de Sunchales (que corriera el Argentino espor\u00e1dicamente en 85cc.), estaba \u00a0ahora participando en una YZ125 con la que demostr\u00f3 que andaba MUY fuerte, y lo comprobamos peleando por la punta con las 450 en el campeonato provincial santafesino.<\/p>\n<p style=\"text-align: justify;\">En el d\u00eda de ayer, sufri\u00f3 un fuerte accidente en los entrenamientos de la carrera de San Francisco por el campeonato cordob\u00e9s donde se vio afectada su columna vertebral.<\/p>\n<p style=\"text-align: justify;\"><!--more--><\/p>\n<p style=\"text-align: justify;\">La llamada me dej\u00f3 helado porque conozco a Brian desde su primer carrera, \u00a0y hemos compartido mucho, pero mucho con su familia y ser amigos desde hace mas de 15 a\u00f1os quiz\u00e1s me de otra visi\u00f3n de esto que pas\u00f3. Duele, mucho duele, como con cualquier piloto que le ocurra algo as\u00ed pero con 25 a\u00f1os de edad es dif\u00edcil. Mas que estamos justo en el momento de preparar todo lo que estamos haciendo para Mariano Petto y es como que la sensibilidad queda a flor de piel.<\/p>\n<p style=\"text-align: justify;\">Lo que mas me molesta es que no se diga nada. No pretendo que se pare una carrera ni mucho menos porque estar\u00eda diciendo una estupidez porque yo he estado relatando en situaciones peores y por nada quiero que el motocross se detenga. Pero me parece una verdadera estupidez hacer como que nada pasa y que todo siga de esta forma. UN mensaje en el muro oficial, UN mensaje del organizador, ALGO que demuestre mas preocupaci\u00f3n. Son las reglas del juego y sabemos a que estamos expuestos todos pero UNA palabra diciendo ALGO no est\u00e1 dem\u00e1s, demostrar un poquito de humanidad no est\u00e1 dem\u00e1s. Solamente eso, no solamente escribir en el muro VENGAN, CORRAN, NO FALTEN (O sea, dejen su dinerito en la mesa&#8230;), ser humanos. SER humanos, es lo que menos cuesta, y lo lamento se enoje quien se enoje. Este deporte tambi\u00e9n tiene esto, lo se y lo vi muchas veces pero cuando habl\u00e9 con Vane (su novia) por tel\u00e9fono y escuchar el dolor contenido (Y desde ya agradezco de CORAZON que me haya atendido) me hizo pensar en muchas cosas, igual cuando habl\u00e9 con Pablo Perez que estaba al lado de \u00e9l entrenando en el momento del accidente.<\/p>\n<p style=\"text-align: justify;\">21:42 &#8211; Acabamos de tomar contacto con su mam\u00e1 y nos pint\u00f3 un panorama. No vamos a ampliar mucho mas ahora, si que la cobertura m\u00e9dica se ha portado excelente.<\/p>\n<p style=\"text-align: justify;\">Desde Crossprensa, todo nuestro apoyo y los rezos que pediste Vane. Dios, por favor hoy pon\u00e9 tu mano. Y vos amigo, sos un luchador desde siempre, en esta no te rindas.<\/p>\n<p style=\"text-align: justify;\">A los pilotos y a todo sus amigos, los necesita mas que nunca con sus mensajes de aliento. Lo que dejen aqu\u00ed, se lo haremos llegar. Mejor no hablar de ciertas cosas dec\u00eda Luca Prodan. Pero yo de estas cosas, si hablo.<\/p>\n<p style=\"text-align: justify;\"><a href=\"http:\/\/www.crossprensa.com.ar\/news\/wp-content\/uploads\/2014\/07\/zzzzzz126_n.jpg\"><img fetchpriority=\"high\" decoding=\"async\" class=\"aligncenter size-full wp-image-873\" src=\"http:\/\/www.crossprensa.com.ar\/news\/wp-content\/uploads\/2014\/07\/zzzzzz126_n.jpg\" alt=\"zzzzzz126_n\" width=\"620\" height=\"397\" \/><\/a><\/p>\n","protected":false},"excerpt":{"rendered":"<p>MEJOR NO HABLAR DE CIERTAS COSAS, NO&#8230;? El piloto de Sunchales (que corriera el Argentino&#8230;<\/p>\n","protected":false},"author":2,"featured_media":0,"comment_status":"open","ping_status":"open","sticky":false,"template":"","format":"standard","meta":{"om_disable_all_campaigns":false,"_monsterinsights_skip_tracking":false,"_monsterinsights_sitenote_active":false,"_monsterinsights_sitenote_note":"","_monsterinsights_sitenote_category":0,"_uf_show_specific_survey":0,"_uf_disable_surveys":false,"footnotes":""},"categories":[7],"tags":[5],"class_list":["post-871","post","type-post","status-publish","format-standard","hentry","category-mx","tag-slice"],"aioseo_notices":[],"_links":{"self":[{"href":"http:\/\/www.crossprensa.com.ar\/news\/wp-json\/wp\/v2\/posts\/871","targetHints":{"allow":["GET"]}}],"collection":[{"href":"http:\/\/www.crossprensa.com.ar\/news\/wp-json\/wp\/v2\/posts"}],"about":[{"href":"http:\/\/www.crossprensa.com.ar\/news\/wp-json\/wp\/v2\/types\/post"}],"author":[{"embeddable":true,"href":"http:\/\/www.crossprensa.com.ar\/news\/wp-json\/wp\/v2\/users\/2"}],"replies":[{"embeddable":true,"href":"http:\/\/www.crossprensa.com.ar\/news\/wp-json\/wp\/v2\/comments?post=871"}],"version-history":[{"count":5,"href":"http:\/\/www.crossprensa.com.ar\/news\/wp-json\/wp\/v2\/posts\/871\/revisions"}],"predecessor-version":[{"id":891,"href":"http:\/\/www.crossprensa.com.ar\/news\/wp-json\/wp\/v2\/posts\/871\/revisions\/891"}],"wp:attachment":[{"href":"http:\/\/www.crossprensa.com.ar\/news\/wp-json\/wp\/v2\/media?parent=871"}],"wp:term":[{"taxonomy":"category","embeddable":true,"href":"http:\/\/www.crossprensa.com.ar\/news\/wp-json\/wp\/v2\/categories?post=871"},{"taxonomy":"post_tag","embeddable":true,"href":"http:\/\/www.crossprensa.com.ar\/news\/wp-json\/wp\/v2\/tags?post=871"}],"curies":[{"name":"wp","href":"https:\/\/api.w.org\/{rel}","templated":true}]}}