{"id":80242,"date":"2026-03-10T12:09:59","date_gmt":"2026-03-10T15:09:59","guid":{"rendered":"https:\/\/www.crossprensa.com.ar\/news\/?p=80242"},"modified":"2026-03-10T12:11:38","modified_gmt":"2026-03-10T15:11:38","slug":"mxgp-argentina-exitosa-primera-fecha-de-2026-j-poli-y-b-garib-campeones-latinoamericanos","status":"publish","type":"post","link":"http:\/\/www.crossprensa.com.ar\/news\/mxgp-argentina-exitosa-primera-fecha-de-2026-j-poli-y-b-garib-campeones-latinoamericanos\/mxgp\/","title":{"rendered":"MXGP ARGENTINA: Exitosa primera fecha de 2026! J. Poli y B. Garib campeones latinoamericanos!"},"content":{"rendered":"<p>Aparte de un accidente y el 11\u00b0 puesto en la carrera de clasificaci\u00f3n en el que Herlings admiti\u00f3 que tuvo un peque\u00f1o problema con la moto debido al accidente, el debut del holand\u00e9s en MXGP con una Honda fue casi perfecto!<\/p>\n<p><!--more--><\/p>\n<p>Fue un debut so\u00f1ado para Honda con sus nuevos pilotos, ya que Viall\u00e9 gan\u00f3 la clasificatoria del S\u00e1bado y el Domingo Herlings mostr\u00f3 que no hab\u00eda sido solo DAR VUELTAS sobre la CRF a la que se lo v\u00e9 muy adaptado. Por el lado de Fern\u00e1ndez no le cay\u00f3 bien la pista pero estuvo segundo en la primera largada de la 2da. manga.<\/p>\n<p>Por lo dem\u00e1s, al que s\u00ed le falta es a Gajser sobre la Yamaha, deber\u00e1 tener varios d\u00edas de entrenamiento a\u00fan, y Febr\u00e9 sobre su KX tiene que ponerse de acuerdo \u00e9l sobre la nueva moto que tiene muchas piezas especiales nuevas que despu\u00e9s les mostraremos.<\/p>\n<p>En MX2, Laengenfelder es una APLANADORA sobre esa KTM! Imparable.<\/p>\n<p>Para pararse y aplaudir el trabajo del chileno Benjam\u00edn Garib con la moto del equipo de Rogerio Nogueira, mezclado entre los mejores europeos gan\u00f3 el campeonato latinoamericano de MX2, y lo mismo con Joaqu\u00edn Poli que gana el campeonato latino de MXGP con la Kawasaki oficial de Argentina. Impecable carrera de ambos!!!<\/p>\n<p>Y sobre este tema quiero hacer una aclaraci\u00f3n: El d\u00eda S\u00e1bado (cosa que me entero luego) Benjam\u00edn Garib no aparec\u00eda como inscripto entre los latinos, por lo que obviamente me limit\u00e9 a nombrar a quienes s\u00ed lo estaban y yo pens\u00e9 que estaba solo inscripto para el Mundial, por eso mi error de no nombrarlo. Gracias a la gente del equipo que hizo la correcci\u00f3n que correspond\u00eda.<\/p>\n<p>Aqu\u00ed los resultados y en breve el an\u00e1lisis completo de todo lo que pas\u00f3 el fin de semana.<\/p>\n<p class=\"rtejustify\"><strong>MX2 \u2013 Grand Prix Race 1 \u2013\u00a0Top 10 Classification:\u00a0<\/strong>1. Simon L\u00e4ngenfelder (GER, KTM), 34:55.834; 2. Sacha Coenen (BEL, KTM), +0:04.422; 3. Guillem Farres (ESP, Triumph), +0:13.557; 4. Janis Martins Reisulis (LAT, Yamaha), +0:16.928; 5. Mathis Valin (FRA, Kawasaki), +0:19.977; 6. Camden Mc Lellan (RSA, Triumph), +0:21.342; 7. Liam Everts (BEL, Husqvarna), +0:34.164; 8. Valerio Lata (ITA, Honda), +0:36.712; 9. Karlis Alberts Reisulis (LAT, Yamaha), +0:45.409; 10. Jens Walvoort (NED, KTM), +0:56.574<\/p>\n<p class=\"rtejustify\"><strong>MX2 \u2013 Grand Prix Race 2 \u2013 Top 10 Classification:<\/strong>\u00a01. Simon L\u00e4ngenfelder (GER, KTM), 35:08.451; 2. Camden Mc Lellan (RSA, Triumph), +0:03.500; 3. Liam Everts (BEL, Husqvarna), +0:20.975; 4. Guillem Farres (ESP, Triumph), +0:34.985; 5. Karlis Alberts Reisulis (LAT, Yamaha), +0:36.783; 6. Janis Martins Reisulis (LAT, Yamaha), +0:37.465; 7. Mathis Valin (FRA, Kawasaki), +0:39.823; 8. Cas Valk (NED, TM), +1:01.988; 9. Julius Mikula (CZE, KTM), +1:08.553; 10. Scott Smulders (NED, Husqvarna), +1:23.225<\/p>\n<p class=\"rtejustify\"><strong>MX2 Overall \u2013 Top 10 Classification:<\/strong>\u00a01. Simon L\u00e4ngenfelder (GER, KTM), 50 points; 2. Guillem Farres (ESP, TRI), 38 p.; 3. Camden Mc Lellan (RSA, TRI), 37 p.; 4. Liam Everts (BEL, HUS), 34 p.; 5. Janis Martins Reisulis (LAT, YAM), 33 p.; 6. Mathis Valin (FRA, KAW), 30 p.; 7. Karlis Alberts Reisulis (LAT, YAM), 28 p.; 8. Sacha Coenen (BEL, KTM), 22 p.; 9. Jens Walvoort (NED, KTM), 21 p.; 10. Cas Valk (NED, TM), 20 p.<\/p>\n<p class=\"rtejustify\"><strong>MX2 \u2013 World Championship Classification:<\/strong>\u00a01. Simon L\u00e4ngenfelder (GER, KTM), 50 points; 2. Guillem Farres (ESP, TRI), 47 p.; 3. Camden Mc Lellan (RSA, TRI), 43 p.; 4. Liam Everts (BEL, HUS), 41 p.; 5. Mathis Valin (FRA, KAW), 38 p.; 6. Janis Martins Reisulis (LAT, YAM), 38 p.; 7. Sacha Coenen (BEL, KTM), 32 p.; 8. Karlis Alberts Reisulis (LAT, YAM), 29 p.; 9. Cas Valk (NED, TM), 22 p.; 10. Jens Walvoort (NED, KTM), 21 p.<\/p>\n<p class=\"rtejustify\"><strong>MX2 \u2013 Manufacturers Classification:<\/strong>\u00a01. KTM, 60 points; 2. Triumph, 51 p.; 3. Husqvarna, 41 p.; 4. Yamaha, 39 p.; 5. Kawasaki, 38 p.; 6. Honda, 26 p.; 7. TM, 22 p.; 8. GASGAS, 10 p.; 9. Ducati, 9 p.; 10. Fantic, 8 p.<\/p>\n<p align=\"center\">\n","protected":false},"excerpt":{"rendered":"<p>Aparte de un accidente y el 11\u00b0 puesto en la carrera de clasificaci\u00f3n en el&#8230;<\/p>\n","protected":false},"author":2,"featured_media":80249,"comment_status":"closed","ping_status":"closed","sticky":false,"template":"","format":"standard","meta":{"om_disable_all_campaigns":false,"_monsterinsights_skip_tracking":false,"_monsterinsights_sitenote_active":false,"_monsterinsights_sitenote_note":"","_monsterinsights_sitenote_category":0,"_uf_show_specific_survey":0,"_uf_disable_surveys":false,"footnotes":""},"categories":[24,115],"tags":[],"class_list":["post-80242","post","type-post","status-publish","format-standard","has-post-thumbnail","hentry","category-mxgp","category-mxgp-argentina"],"aioseo_notices":[],"_links":{"self":[{"href":"http:\/\/www.crossprensa.com.ar\/news\/wp-json\/wp\/v2\/posts\/80242","targetHints":{"allow":["GET"]}}],"collection":[{"href":"http:\/\/www.crossprensa.com.ar\/news\/wp-json\/wp\/v2\/posts"}],"about":[{"href":"http:\/\/www.crossprensa.com.ar\/news\/wp-json\/wp\/v2\/types\/post"}],"author":[{"embeddable":true,"href":"http:\/\/www.crossprensa.com.ar\/news\/wp-json\/wp\/v2\/users\/2"}],"replies":[{"embeddable":true,"href":"http:\/\/www.crossprensa.com.ar\/news\/wp-json\/wp\/v2\/comments?post=80242"}],"version-history":[{"count":4,"href":"http:\/\/www.crossprensa.com.ar\/news\/wp-json\/wp\/v2\/posts\/80242\/revisions"}],"predecessor-version":[{"id":80251,"href":"http:\/\/www.crossprensa.com.ar\/news\/wp-json\/wp\/v2\/posts\/80242\/revisions\/80251"}],"wp:featuredmedia":[{"embeddable":true,"href":"http:\/\/www.crossprensa.com.ar\/news\/wp-json\/wp\/v2\/media\/80249"}],"wp:attachment":[{"href":"http:\/\/www.crossprensa.com.ar\/news\/wp-json\/wp\/v2\/media?parent=80242"}],"wp:term":[{"taxonomy":"category","embeddable":true,"href":"http:\/\/www.crossprensa.com.ar\/news\/wp-json\/wp\/v2\/categories?post=80242"},{"taxonomy":"post_tag","embeddable":true,"href":"http:\/\/www.crossprensa.com.ar\/news\/wp-json\/wp\/v2\/tags?post=80242"}],"curies":[{"name":"wp","href":"https:\/\/api.w.org\/{rel}","templated":true}]}}