{"id":78965,"date":"2025-12-12T10:14:39","date_gmt":"2025-12-12T13:14:39","guid":{"rendered":"https:\/\/www.crossprensa.com.ar\/news\/?p=78965"},"modified":"2025-12-12T10:16:25","modified_gmt":"2025-12-12T13:16:25","slug":"haiden-deegan-ahora-de-450-a-250","status":"publish","type":"post","link":"http:\/\/www.crossprensa.com.ar\/news\/haiden-deegan-ahora-de-450-a-250\/ama-motocross\/","title":{"rendered":"HAIDEN DEEGAN. Ahora de 450 a 250&#8230;"},"content":{"rendered":"<p>Falta solo UN MES para que otra vez est\u00e9n en el partidor los mejores pilotos de Supercross del mundo, y empecemos a vibrar con otra gran temporada, que obviamente pueden tener EN VIVO a trav\u00e9s de Crossprensa! Deegan publicit\u00f3 mucho su ingreso a 450, pero se ver\u00e1 demorado hasta la temporada de motocross en Mayo, cuando comience.<\/p>\n<p>Que pas\u00f3? te lo contamos.<\/p>\n<p><!--more--><\/p>\n<p><img fetchpriority=\"high\" decoding=\"async\" class=\"alignnone size-full wp-image-78736\" src=\"https:\/\/www.crossprensa.com.ar\/news\/wp-content\/uploads\/2025\/11\/smxba.gif\" alt=\"\" width=\"1200\" height=\"100\" \/><\/p>\n<p><span dir=\"auto\">Tras dos carreras de SX1 (450cc) en el Campeonato Mundial de Supercross FIM (WSX),\u00a0<\/span><span dir=\"auto\">Haiden Deegan<\/span><span dir=\"auto\">\u00a0a\u00fan est\u00e1 listo para competir en la categor\u00eda 250SX del Monster Energy AMA Supercross 2026. Deegan gan\u00f3 el t\u00edtulo de la Divisi\u00f3n Oeste de 250SX en 2025 y\u00a0<\/span><span dir=\"auto\">renov\u00f3 su contrato con Monster Energy Yamaha Star Racing para 2026<\/span><span dir=\"auto\"> en Agosto, antes de defender su t\u00edtulo del Campeonato AMA Pro Motocross 2024 con otra placa MX n\u00famero 1.<\/span><\/p>\n<p><a href=\"https:\/\/www.instagram.com\/wwracingmx\/\"><img decoding=\"async\" class=\"alignnone wp-image-75909 size-full\" src=\"https:\/\/www.crossprensa.com.ar\/news\/wp-content\/uploads\/2025\/04\/wwracing.gif\" alt=\"\" width=\"1200\" height=\"100\" \/><\/a><\/p>\n<p><span dir=\"auto\">El nuevo contrato de Deegan le permit\u00eda competir en 250SX en 2026 y luego saltar a la categor\u00eda 450 a tiempo completo, comenzando con Pro Motocross y los Playoffs de SMX. Ahora, tras sus dos participaciones como comod\u00edn en WSX, donde disput\u00f3 sus dos primeras carreras en 450, Deegan anunci\u00f3 en Instagram que volver\u00e1 a su 250F para supercross. Obviamente, esto podr\u00eda cambiar con el Campeonato Mundial Monster Energy SMX de 2026 a un mes de distancia, pero por el momento esperamos ver a Deegan en la primera carrera de Anaheim 1 Supercross el 10 de enero con su placa #1W en la Divisi\u00f3n Oeste de 250SX. No solo correr\u00eda con una placa #1 si compitiera en 250SX Oeste, sino que tambi\u00e9n tendr\u00eda un descanso m\u00e1s adelante en el calendario de SX en primavera para comenzar a probar 450 Pro Motocross.<\/span><\/p>\n<p><a href=\"https:\/\/www.instagram.com\/maxxis.com.ar\/\"><img decoding=\"async\" class=\"alignnone wp-image-78351 size-full\" src=\"https:\/\/www.crossprensa.com.ar\/news\/wp-content\/uploads\/2025\/10\/maxxis.gif\" alt=\"\" width=\"1200\" height=\"100\" \/><\/a><\/p>\n<p><img \/><img \/><img \/><span dir=\"auto\">A pesar de que el equipo Monster Energy Yamaha Star Racing 250 es un equipo patrocinado por THOR desde hace varios a\u00f1os, el nuevo acuerdo de Deegan con Yamaha lo dejar\u00e1 fuera del cami\u00f3n 450 en las carreras, por lo que continuar\u00e1 usando su nuevo equipo Fox Racing.<\/span><\/p>\n<p><a href=\"https:\/\/www.instagram.com\/foxracingargentina\/\"><img loading=\"lazy\" decoding=\"async\" class=\"alignnone wp-image-76513 size-full\" src=\"https:\/\/www.crossprensa.com.ar\/news\/wp-content\/uploads\/2025\/05\/fox-scaled.jpg\" alt=\"\" width=\"2560\" height=\"234\" \/><\/a><\/p>\n","protected":false},"excerpt":{"rendered":"<p>Falta solo UN MES para que otra vez est\u00e9n en el partidor los mejores pilotos&#8230;<\/p>\n","protected":false},"author":2,"featured_media":78967,"comment_status":"closed","ping_status":"closed","sticky":false,"template":"","format":"standard","meta":{"om_disable_all_campaigns":false,"_monsterinsights_skip_tracking":false,"_monsterinsights_sitenote_active":false,"_monsterinsights_sitenote_note":"","_monsterinsights_sitenote_category":0,"_uf_show_specific_survey":0,"_uf_disable_surveys":false,"footnotes":""},"categories":[25,30],"tags":[],"class_list":["post-78965","post","type-post","status-publish","format-standard","has-post-thumbnail","hentry","category-ama-motocross","category-ama-supercross"],"aioseo_notices":[],"_links":{"self":[{"href":"http:\/\/www.crossprensa.com.ar\/news\/wp-json\/wp\/v2\/posts\/78965","targetHints":{"allow":["GET"]}}],"collection":[{"href":"http:\/\/www.crossprensa.com.ar\/news\/wp-json\/wp\/v2\/posts"}],"about":[{"href":"http:\/\/www.crossprensa.com.ar\/news\/wp-json\/wp\/v2\/types\/post"}],"author":[{"embeddable":true,"href":"http:\/\/www.crossprensa.com.ar\/news\/wp-json\/wp\/v2\/users\/2"}],"replies":[{"embeddable":true,"href":"http:\/\/www.crossprensa.com.ar\/news\/wp-json\/wp\/v2\/comments?post=78965"}],"version-history":[{"count":1,"href":"http:\/\/www.crossprensa.com.ar\/news\/wp-json\/wp\/v2\/posts\/78965\/revisions"}],"predecessor-version":[{"id":78966,"href":"http:\/\/www.crossprensa.com.ar\/news\/wp-json\/wp\/v2\/posts\/78965\/revisions\/78966"}],"wp:featuredmedia":[{"embeddable":true,"href":"http:\/\/www.crossprensa.com.ar\/news\/wp-json\/wp\/v2\/media\/78967"}],"wp:attachment":[{"href":"http:\/\/www.crossprensa.com.ar\/news\/wp-json\/wp\/v2\/media?parent=78965"}],"wp:term":[{"taxonomy":"category","embeddable":true,"href":"http:\/\/www.crossprensa.com.ar\/news\/wp-json\/wp\/v2\/categories?post=78965"},{"taxonomy":"post_tag","embeddable":true,"href":"http:\/\/www.crossprensa.com.ar\/news\/wp-json\/wp\/v2\/tags?post=78965"}],"curies":[{"name":"wp","href":"https:\/\/api.w.org\/{rel}","templated":true}]}}