{"id":78801,"date":"2025-12-04T20:13:21","date_gmt":"2025-12-04T23:13:21","guid":{"rendered":"https:\/\/www.crossprensa.com.ar\/news\/?p=78801"},"modified":"2025-12-04T20:14:45","modified_gmt":"2025-12-04T23:14:45","slug":"actualizacion-de-lesiones-jo-shimoda","status":"publish","type":"post","link":"http:\/\/www.crossprensa.com.ar\/news\/actualizacion-de-lesiones-jo-shimoda\/ama-motocross\/","title":{"rendered":"ACTUALIZACI\u00d3N DE LESIONES \u2013 Jo Shimoda"},"content":{"rendered":"<p>Jo Shimoda sufri\u00f3 dos fracturas y desplazamiento de v\u00e9rtebras tras un accidente de entrenamiento la semana pasada en las instalaciones de The Dog Pound en Florida. El campe\u00f3n de 250 SMX fue operado con \u00e9xito al d\u00eda siguiente en el Hospital General de Tampa.<\/p>\n<p><!--more--><\/p>\n<p><img fetchpriority=\"high\" decoding=\"async\" class=\"alignnone size-full wp-image-76574\" src=\"https:\/\/www.crossprensa.com.ar\/news\/wp-content\/uploads\/2025\/05\/1200x100px.gif\" alt=\"\" width=\"1200\" height=\"100\" \/><\/p>\n<p><span dir=\"auto\">La buena noticia: Shimoda ha recuperado la movilidad y la sensibilidad, sin da\u00f1os en la m\u00e9dula espinal.<\/span><br \/>\n<span dir=\"auto\">Su recuperaci\u00f3n estimada es de tres meses, lo que significa que probablemente se perder\u00e1 el inicio de la temporada 2026 del Monster Energy Supercross.<\/span><\/p>\n<p><span dir=\"auto\">Shimoda dice que ya est\u00e1 centrado en la rehabilitaci\u00f3n y est\u00e1 agradecido por todo el apoyo que ha recibido.<\/span><\/p>\n<p><img decoding=\"async\" class=\"alignnone size-full wp-image-75467\" src=\"https:\/\/www.crossprensa.com.ar\/news\/wp-content\/uploads\/2025\/03\/marengo-1.gif\" alt=\"\" width=\"1200\" height=\"100\" \/><\/p>\n<p><img decoding=\"async\" class=\"alignnone size-full wp-image-78206\" src=\"https:\/\/www.crossprensa.com.ar\/news\/wp-content\/uploads\/2025\/10\/pighetti.gif\" alt=\"\" width=\"1812\" height=\"151\" \/><\/p>\n","protected":false},"excerpt":{"rendered":"<p>Jo Shimoda sufri\u00f3 dos fracturas y desplazamiento de v\u00e9rtebras tras un accidente de entrenamiento la&#8230;<\/p>\n","protected":false},"author":2,"featured_media":78705,"comment_status":"closed","ping_status":"closed","sticky":false,"template":"","format":"standard","meta":{"om_disable_all_campaigns":false,"_monsterinsights_skip_tracking":false,"_monsterinsights_sitenote_active":false,"_monsterinsights_sitenote_note":"","_monsterinsights_sitenote_category":0,"_uf_show_specific_survey":0,"_uf_disable_surveys":false,"footnotes":""},"categories":[25,30],"tags":[],"class_list":["post-78801","post","type-post","status-publish","format-standard","has-post-thumbnail","hentry","category-ama-motocross","category-ama-supercross"],"aioseo_notices":[],"_links":{"self":[{"href":"http:\/\/www.crossprensa.com.ar\/news\/wp-json\/wp\/v2\/posts\/78801","targetHints":{"allow":["GET"]}}],"collection":[{"href":"http:\/\/www.crossprensa.com.ar\/news\/wp-json\/wp\/v2\/posts"}],"about":[{"href":"http:\/\/www.crossprensa.com.ar\/news\/wp-json\/wp\/v2\/types\/post"}],"author":[{"embeddable":true,"href":"http:\/\/www.crossprensa.com.ar\/news\/wp-json\/wp\/v2\/users\/2"}],"replies":[{"embeddable":true,"href":"http:\/\/www.crossprensa.com.ar\/news\/wp-json\/wp\/v2\/comments?post=78801"}],"version-history":[{"count":1,"href":"http:\/\/www.crossprensa.com.ar\/news\/wp-json\/wp\/v2\/posts\/78801\/revisions"}],"predecessor-version":[{"id":78802,"href":"http:\/\/www.crossprensa.com.ar\/news\/wp-json\/wp\/v2\/posts\/78801\/revisions\/78802"}],"wp:featuredmedia":[{"embeddable":true,"href":"http:\/\/www.crossprensa.com.ar\/news\/wp-json\/wp\/v2\/media\/78705"}],"wp:attachment":[{"href":"http:\/\/www.crossprensa.com.ar\/news\/wp-json\/wp\/v2\/media?parent=78801"}],"wp:term":[{"taxonomy":"category","embeddable":true,"href":"http:\/\/www.crossprensa.com.ar\/news\/wp-json\/wp\/v2\/categories?post=78801"},{"taxonomy":"post_tag","embeddable":true,"href":"http:\/\/www.crossprensa.com.ar\/news\/wp-json\/wp\/v2\/tags?post=78801"}],"curies":[{"name":"wp","href":"https:\/\/api.w.org\/{rel}","templated":true}]}}