{"id":78704,"date":"2025-11-28T14:35:29","date_gmt":"2025-11-28T17:35:29","guid":{"rendered":"https:\/\/www.crossprensa.com.ar\/news\/?p=78704"},"modified":"2025-11-28T14:35:29","modified_gmt":"2025-11-28T17:35:29","slug":"jo-shimoda-lesionado-paso-por-el-quirofano","status":"publish","type":"post","link":"http:\/\/www.crossprensa.com.ar\/news\/jo-shimoda-lesionado-paso-por-el-quirofano\/ama-motocross\/","title":{"rendered":"JO SHIMODA LESIONADO, pas\u00f3 por el quir\u00f3fano."},"content":{"rendered":"<p><span data-olk-copy-source=\"MessageBody\">Tal como lo adelantamos y tras un accidente el 25 de noviembre durante un entrenamiento de pretemporada en el hip\u00f3dromo The Dog Pound en Florida, el piloto de Honda HRC Progressive, Jo Shimoda, ha sido operado para reparar dos v\u00e9rtebras fracturadas y desplazadas en la parte superior de la espalda y la parte baja del cuello.<\/span><\/p>\n<p><!--more--><\/p>\n<p data-olk-copy-source=\"MessageBody\">El procedimiento tuvo lugar el 26 de noviembre en el Hospital General de Tampa. La columna vertebral de Shimoda est\u00e1 completamente intacta y tiene todo el movimiento y la sensibilidad.<\/p>\n<p>Shimoda, que disfrut\u00f3 de una temporada destacada en 2025 marcada por su victoria en el Campeonato de SuperMotocross 250, se espera que se recupere por completo, aunque es com\u00fan que ese proceso dure aproximadamente tres meses con esta lesi\u00f3n.<\/p>\n<p><em>&#8220;Es una pena lesionarme mientras me preparaba para la nueva temporada&#8221;<\/em>, <strong>dijo Shimoda<\/strong>. <em>&#8220;He estado montando bien y hemos avanzado bien con la moto. Sab\u00eda cuando me desplom\u00e9 que algo iba mal, pero es una suerte que la m\u00e9dula espinal est\u00e9 bien. Gracias a mis m\u00e9dicos por la excelente atenci\u00f3n que he recibido. Me siento motivado para empezar a trabajar en mi recuperaci\u00f3n, y espero que vaya lo antes posible.&#8221;<\/em><\/p>\n<p><em>&#8220;Siento que Jo tenga que pasar por esto&#8221;<\/em>, <strong>a\u00f1adi\u00f3 Brandon Wilson, Gerente de Carreras y Publicidad de American Honda.<\/strong> <em>&#8220;La temporada pasada demostr\u00f3 que es uno de los 250 mejores pilotos del deporte, y las pruebas de pretemporada iban bien. Las lesiones de espalda siempre son preocupantes, as\u00ed que agradezco mucho c\u00f3mo nuestros miembros del equipo y amigos del sector se han conectado para asegurar que Jo estuviera r\u00e1pidamente bajo el cuidado de especialistas m\u00e9dicos de primer nivel. Todos en Honda le deseamos lo mejor a Jo, y le apoyamos totalmente mientras empieza a trabajar en una recuperaci\u00f3n completa.&#8221;<\/em><\/p>\n","protected":false},"excerpt":{"rendered":"<p>Tal como lo adelantamos y tras un accidente el 25 de noviembre durante un entrenamiento&#8230;<\/p>\n","protected":false},"author":2,"featured_media":78705,"comment_status":"closed","ping_status":"closed","sticky":false,"template":"","format":"standard","meta":{"om_disable_all_campaigns":false,"_monsterinsights_skip_tracking":false,"_monsterinsights_sitenote_active":false,"_monsterinsights_sitenote_note":"","_monsterinsights_sitenote_category":0,"_uf_show_specific_survey":0,"_uf_disable_surveys":false,"footnotes":""},"categories":[25,30],"tags":[],"class_list":["post-78704","post","type-post","status-publish","format-standard","has-post-thumbnail","hentry","category-ama-motocross","category-ama-supercross"],"aioseo_notices":[],"_links":{"self":[{"href":"http:\/\/www.crossprensa.com.ar\/news\/wp-json\/wp\/v2\/posts\/78704","targetHints":{"allow":["GET"]}}],"collection":[{"href":"http:\/\/www.crossprensa.com.ar\/news\/wp-json\/wp\/v2\/posts"}],"about":[{"href":"http:\/\/www.crossprensa.com.ar\/news\/wp-json\/wp\/v2\/types\/post"}],"author":[{"embeddable":true,"href":"http:\/\/www.crossprensa.com.ar\/news\/wp-json\/wp\/v2\/users\/2"}],"replies":[{"embeddable":true,"href":"http:\/\/www.crossprensa.com.ar\/news\/wp-json\/wp\/v2\/comments?post=78704"}],"version-history":[{"count":1,"href":"http:\/\/www.crossprensa.com.ar\/news\/wp-json\/wp\/v2\/posts\/78704\/revisions"}],"predecessor-version":[{"id":78706,"href":"http:\/\/www.crossprensa.com.ar\/news\/wp-json\/wp\/v2\/posts\/78704\/revisions\/78706"}],"wp:featuredmedia":[{"embeddable":true,"href":"http:\/\/www.crossprensa.com.ar\/news\/wp-json\/wp\/v2\/media\/78705"}],"wp:attachment":[{"href":"http:\/\/www.crossprensa.com.ar\/news\/wp-json\/wp\/v2\/media?parent=78704"}],"wp:term":[{"taxonomy":"category","embeddable":true,"href":"http:\/\/www.crossprensa.com.ar\/news\/wp-json\/wp\/v2\/categories?post=78704"},{"taxonomy":"post_tag","embeddable":true,"href":"http:\/\/www.crossprensa.com.ar\/news\/wp-json\/wp\/v2\/tags?post=78704"}],"curies":[{"name":"wp","href":"https:\/\/api.w.org\/{rel}","templated":true}]}}