{"id":78589,"date":"2025-11-20T15:22:21","date_gmt":"2025-11-20T18:22:21","guid":{"rendered":"https:\/\/www.crossprensa.com.ar\/news\/?p=78589"},"modified":"2025-11-20T15:33:18","modified_gmt":"2025-11-20T18:33:18","slug":"jorge-prado-volvio-a-ktm-y-el-mismo-lo-cuenta","status":"publish","type":"post","link":"http:\/\/www.crossprensa.com.ar\/news\/jorge-prado-volvio-a-ktm-y-el-mismo-lo-cuenta\/ama-motocross\/","title":{"rendered":"JORGE PRADO volvi\u00f3 a KTM, y \u00e9l mismo lo cuenta!"},"content":{"rendered":"<p>Hac\u00eda mucho, pero MUCHO tiempo que no ve\u00eda una situaci\u00f3n como \u00e9sta y no voy a recordar las pasadas. Lo importante ahora es que el 4 veces campe\u00f3n del mundo Jorge Prado, comenz\u00f3 a sentirse a gusto de nuevo&#8230;<\/p>\n<p>Y quiere acci\u00f3n!<\/p>\n<p><!--more--><\/p>\n<p><iframe title=\"The journey: BACK IN ORANGE\" width=\"640\" height=\"360\" src=\"https:\/\/www.youtube.com\/embed\/71YwgXGDUPM?start=35&#038;feature=oembed\" frameborder=\"0\" allow=\"accelerometer; autoplay; clipboard-write; encrypted-media; gyroscope; picture-in-picture; web-share\" referrerpolicy=\"strict-origin-when-cross-origin\" allowfullscreen><\/iframe><\/p>\n","protected":false},"excerpt":{"rendered":"<p>Hac\u00eda mucho, pero MUCHO tiempo que no ve\u00eda una situaci\u00f3n como \u00e9sta y no voy&#8230;<\/p>\n","protected":false},"author":2,"featured_media":78590,"comment_status":"closed","ping_status":"closed","sticky":false,"template":"","format":"standard","meta":{"om_disable_all_campaigns":false,"_monsterinsights_skip_tracking":false,"_monsterinsights_sitenote_active":false,"_monsterinsights_sitenote_note":"","_monsterinsights_sitenote_category":0,"_uf_show_specific_survey":0,"_uf_disable_surveys":false,"footnotes":""},"categories":[25,30],"tags":[],"class_list":["post-78589","post","type-post","status-publish","format-standard","has-post-thumbnail","hentry","category-ama-motocross","category-ama-supercross"],"aioseo_notices":[],"_links":{"self":[{"href":"http:\/\/www.crossprensa.com.ar\/news\/wp-json\/wp\/v2\/posts\/78589","targetHints":{"allow":["GET"]}}],"collection":[{"href":"http:\/\/www.crossprensa.com.ar\/news\/wp-json\/wp\/v2\/posts"}],"about":[{"href":"http:\/\/www.crossprensa.com.ar\/news\/wp-json\/wp\/v2\/types\/post"}],"author":[{"embeddable":true,"href":"http:\/\/www.crossprensa.com.ar\/news\/wp-json\/wp\/v2\/users\/2"}],"replies":[{"embeddable":true,"href":"http:\/\/www.crossprensa.com.ar\/news\/wp-json\/wp\/v2\/comments?post=78589"}],"version-history":[{"count":1,"href":"http:\/\/www.crossprensa.com.ar\/news\/wp-json\/wp\/v2\/posts\/78589\/revisions"}],"predecessor-version":[{"id":78591,"href":"http:\/\/www.crossprensa.com.ar\/news\/wp-json\/wp\/v2\/posts\/78589\/revisions\/78591"}],"wp:featuredmedia":[{"embeddable":true,"href":"http:\/\/www.crossprensa.com.ar\/news\/wp-json\/wp\/v2\/media\/78590"}],"wp:attachment":[{"href":"http:\/\/www.crossprensa.com.ar\/news\/wp-json\/wp\/v2\/media?parent=78589"}],"wp:term":[{"taxonomy":"category","embeddable":true,"href":"http:\/\/www.crossprensa.com.ar\/news\/wp-json\/wp\/v2\/categories?post=78589"},{"taxonomy":"post_tag","embeddable":true,"href":"http:\/\/www.crossprensa.com.ar\/news\/wp-json\/wp\/v2\/tags?post=78589"}],"curies":[{"name":"wp","href":"https:\/\/api.w.org\/{rel}","templated":true}]}}