{"id":78489,"date":"2025-11-12T16:46:44","date_gmt":"2025-11-12T19:46:44","guid":{"rendered":"https:\/\/www.crossprensa.com.ar\/news\/?p=78489"},"modified":"2025-11-12T16:46:44","modified_gmt":"2025-11-12T19:46:44","slug":"ama-sx-mx-shimoda-firma-con-honda-para-2026","status":"publish","type":"post","link":"http:\/\/www.crossprensa.com.ar\/news\/ama-sx-mx-shimoda-firma-con-honda-para-2026\/ama-motocross\/","title":{"rendered":"AMA SX\/MX: SHIMODA FIRMA CON HONDA PARA 2026"},"content":{"rendered":"<p>Como era de esperar, Shimoda regresa al equipo Honda de f\u00e1brica para pilotear un CRF250R en 250SMX del Campeonato Mundial de SuperMotocross el pr\u00f3ximo a\u00f1o en Estados Unidos.<\/p>\n<p><!--more--><\/p>\n<p>Shimoda comenz\u00f3 la temporada 2025 con una victoria en el Anaheim 1 SX luego gan\u00f3 la final de SMX este oto\u00f1o norteamericano y obtuvo el t\u00edtulo 250 SMX, su primer t\u00edtulo profesional. Tambi\u00e9n se convirti\u00f3 en el primer piloto japon\u00e9s en ganar un campeonato AMA a nivel profesional.<\/p>\n<p><a href=\"https:\/\/www.instagram.com\/marengomotos\/\"><img fetchpriority=\"high\" decoding=\"async\" class=\"alignnone wp-image-75467 size-full\" src=\"https:\/\/www.crossprensa.com.ar\/news\/wp-content\/uploads\/2025\/03\/marengo-1.gif\" alt=\"\" width=\"1200\" height=\"100\" \/><\/a><\/p>\n<p>Shimoda dijo lo siguiente en un comunicado de Honda:<br \/>\n<em><strong>&#8220;Desde que era joven, he pensado que HRC es uno de los equipos m\u00e1s avanzados en toda la industria del deporte de motor. Ser parte de eso es incre\u00edble. Donde crec\u00ed, tienen el Circuito Suzuka, donde Honda est\u00e1 por todas partes\u2014 \u00a1Honda Racing Corporation est\u00e1 justo al lado de mi casa! Hay mucho en eso, y significa mucho para m\u00ed. \u201d<\/strong><\/em><\/p>\n<p><img decoding=\"async\" class=\"alignnone size-full wp-image-78491\" src=\"https:\/\/www.crossprensa.com.ar\/news\/wp-content\/uploads\/2025\/11\/shimoda-e1723486623363.jpg\" alt=\"\" width=\"1100\" height=\"619\" srcset=\"https:\/\/www.crossprensa.com.ar\/news\/wp-content\/uploads\/2025\/11\/shimoda-e1723486623363.jpg 1100w, https:\/\/www.crossprensa.com.ar\/news\/wp-content\/uploads\/2025\/11\/shimoda-e1723486623363-300x169.jpg 300w, https:\/\/www.crossprensa.com.ar\/news\/wp-content\/uploads\/2025\/11\/shimoda-e1723486623363-620x349.jpg 620w, https:\/\/www.crossprensa.com.ar\/news\/wp-content\/uploads\/2025\/11\/shimoda-e1723486623363-768x432.jpg 768w, https:\/\/www.crossprensa.com.ar\/news\/wp-content\/uploads\/2025\/11\/shimoda-e1723486623363-1024x576.jpg 1024w\" sizes=\"(max-width: 1100px) 100vw, 1100px\" \/><\/p>\n","protected":false},"excerpt":{"rendered":"<p>Como era de esperar, Shimoda regresa al equipo Honda de f\u00e1brica para pilotear un CRF250R&#8230;<\/p>\n","protected":false},"author":2,"featured_media":78490,"comment_status":"closed","ping_status":"closed","sticky":false,"template":"","format":"standard","meta":{"om_disable_all_campaigns":false,"_monsterinsights_skip_tracking":false,"_monsterinsights_sitenote_active":false,"_monsterinsights_sitenote_note":"","_monsterinsights_sitenote_category":0,"_uf_show_specific_survey":0,"_uf_disable_surveys":false,"footnotes":""},"categories":[25,30],"tags":[],"class_list":["post-78489","post","type-post","status-publish","format-standard","has-post-thumbnail","hentry","category-ama-motocross","category-ama-supercross"],"aioseo_notices":[],"_links":{"self":[{"href":"http:\/\/www.crossprensa.com.ar\/news\/wp-json\/wp\/v2\/posts\/78489","targetHints":{"allow":["GET"]}}],"collection":[{"href":"http:\/\/www.crossprensa.com.ar\/news\/wp-json\/wp\/v2\/posts"}],"about":[{"href":"http:\/\/www.crossprensa.com.ar\/news\/wp-json\/wp\/v2\/types\/post"}],"author":[{"embeddable":true,"href":"http:\/\/www.crossprensa.com.ar\/news\/wp-json\/wp\/v2\/users\/2"}],"replies":[{"embeddable":true,"href":"http:\/\/www.crossprensa.com.ar\/news\/wp-json\/wp\/v2\/comments?post=78489"}],"version-history":[{"count":1,"href":"http:\/\/www.crossprensa.com.ar\/news\/wp-json\/wp\/v2\/posts\/78489\/revisions"}],"predecessor-version":[{"id":78492,"href":"http:\/\/www.crossprensa.com.ar\/news\/wp-json\/wp\/v2\/posts\/78489\/revisions\/78492"}],"wp:featuredmedia":[{"embeddable":true,"href":"http:\/\/www.crossprensa.com.ar\/news\/wp-json\/wp\/v2\/media\/78490"}],"wp:attachment":[{"href":"http:\/\/www.crossprensa.com.ar\/news\/wp-json\/wp\/v2\/media?parent=78489"}],"wp:term":[{"taxonomy":"category","embeddable":true,"href":"http:\/\/www.crossprensa.com.ar\/news\/wp-json\/wp\/v2\/categories?post=78489"},{"taxonomy":"post_tag","embeddable":true,"href":"http:\/\/www.crossprensa.com.ar\/news\/wp-json\/wp\/v2\/tags?post=78489"}],"curies":[{"name":"wp","href":"https:\/\/api.w.org\/{rel}","templated":true}]}}