{"id":77544,"date":"2025-08-15T19:49:50","date_gmt":"2025-08-15T22:49:50","guid":{"rendered":"https:\/\/www.crossprensa.com.ar\/news\/?p=77544"},"modified":"2025-08-15T19:49:50","modified_gmt":"2025-08-15T22:49:50","slug":"mx-brasileno-y-latinoamericano-de-125cc-con-argentinos","status":"publish","type":"post","link":"http:\/\/www.crossprensa.com.ar\/news\/mx-brasileno-y-latinoamericano-de-125cc-con-argentinos\/mx-brasileiro\/","title":{"rendered":"MX BRASILE\u00d1O Y LATINOAMERICANO DE 125cc. CON ARGENTINOS!!!"},"content":{"rendered":"<p>A las exitosas y habituales presencias en el gigante Campeonato Brasile\u00f1o de Motocross MXGP 1, se suma este fin de semana la presencia del piloto de San Mart\u00edn de Los Andes, Sebasti\u00e1n Figueroa que acompa\u00f1ado como siempre por su padre Roberto, dar\u00e1 batalla en la dur\u00edsima copa Latinoamericana BluCru.<\/p>\n<p><!--more--><\/p>\n<p>El circuito PARQUE DUAS RODAS de Brumadinho es el escenario para la 7ma. fecha del MX Brasile\u00f1o y la copa latinoamericana como ya detallamos. Toda la carrera, la tendr\u00e1n EN VIVO aqu\u00ed en Crossprensa, como siempre.<\/p>\n<p>Se la van a perder? Est\u00e9n atentos a las publicaciones de ma\u00f1ana S\u00e1bado y el Domingo!<\/p>\n<p><img fetchpriority=\"high\" decoding=\"async\" class=\"alignnone size-full wp-image-77336\" src=\"https:\/\/www.crossprensa.com.ar\/news\/wp-content\/uploads\/2025\/07\/sanfco.gif\" alt=\"\" width=\"1200\" height=\"100\" \/><\/p>\n<p>Juanfe Garc\u00eda estar\u00e1 con la Yamaha Oficial en la categor\u00eda MX2 y Francesco Copetti con una KTM Oficial en la numerosa categor\u00eda MX JUNIOR 105, donde lidera el campeonato. En el latinoamericano, Sebas Figueroa usar\u00e1 la YZ 125 #131.<\/p>\n<p><img decoding=\"async\" class=\"alignnone size-full wp-image-77546\" src=\"https:\/\/www.crossprensa.com.ar\/news\/wp-content\/uploads\/2025\/08\/PXL_20250814_170322512-scaled.jpg\" alt=\"\" width=\"2560\" height=\"1928\" srcset=\"https:\/\/www.crossprensa.com.ar\/news\/wp-content\/uploads\/2025\/08\/PXL_20250814_170322512-scaled.jpg 2560w, https:\/\/www.crossprensa.com.ar\/news\/wp-content\/uploads\/2025\/08\/PXL_20250814_170322512-300x226.jpg 300w, https:\/\/www.crossprensa.com.ar\/news\/wp-content\/uploads\/2025\/08\/PXL_20250814_170322512-531x400.jpg 531w, https:\/\/www.crossprensa.com.ar\/news\/wp-content\/uploads\/2025\/08\/PXL_20250814_170322512-768x578.jpg 768w, https:\/\/www.crossprensa.com.ar\/news\/wp-content\/uploads\/2025\/08\/PXL_20250814_170322512-1536x1157.jpg 1536w, https:\/\/www.crossprensa.com.ar\/news\/wp-content\/uploads\/2025\/08\/PXL_20250814_170322512-2048x1542.jpg 2048w, https:\/\/www.crossprensa.com.ar\/news\/wp-content\/uploads\/2025\/08\/PXL_20250814_170322512-1024x771.jpg 1024w\" sizes=\"(max-width: 2560px) 100vw, 2560px\" \/> <img decoding=\"async\" class=\"alignnone size-full wp-image-77547\" src=\"https:\/\/www.crossprensa.com.ar\/news\/wp-content\/uploads\/2025\/08\/PXL_20250814_175801209-scaled.jpg\" alt=\"\" width=\"2560\" height=\"1928\" srcset=\"https:\/\/www.crossprensa.com.ar\/news\/wp-content\/uploads\/2025\/08\/PXL_20250814_175801209-scaled.jpg 2560w, https:\/\/www.crossprensa.com.ar\/news\/wp-content\/uploads\/2025\/08\/PXL_20250814_175801209-300x226.jpg 300w, https:\/\/www.crossprensa.com.ar\/news\/wp-content\/uploads\/2025\/08\/PXL_20250814_175801209-531x400.jpg 531w, https:\/\/www.crossprensa.com.ar\/news\/wp-content\/uploads\/2025\/08\/PXL_20250814_175801209-768x578.jpg 768w, https:\/\/www.crossprensa.com.ar\/news\/wp-content\/uploads\/2025\/08\/PXL_20250814_175801209-1536x1157.jpg 1536w, https:\/\/www.crossprensa.com.ar\/news\/wp-content\/uploads\/2025\/08\/PXL_20250814_175801209-2048x1542.jpg 2048w, https:\/\/www.crossprensa.com.ar\/news\/wp-content\/uploads\/2025\/08\/PXL_20250814_175801209-1024x771.jpg 1024w\" sizes=\"(max-width: 2560px) 100vw, 2560px\" \/> <img loading=\"lazy\" decoding=\"async\" class=\"alignnone size-full wp-image-77548\" src=\"https:\/\/www.crossprensa.com.ar\/news\/wp-content\/uploads\/2025\/08\/PXL_20250814_180440283.MP_-scaled.jpg\" alt=\"\" width=\"2560\" height=\"1928\" srcset=\"https:\/\/www.crossprensa.com.ar\/news\/wp-content\/uploads\/2025\/08\/PXL_20250814_180440283.MP_-scaled.jpg 2560w, https:\/\/www.crossprensa.com.ar\/news\/wp-content\/uploads\/2025\/08\/PXL_20250814_180440283.MP_-300x226.jpg 300w, https:\/\/www.crossprensa.com.ar\/news\/wp-content\/uploads\/2025\/08\/PXL_20250814_180440283.MP_-531x400.jpg 531w, https:\/\/www.crossprensa.com.ar\/news\/wp-content\/uploads\/2025\/08\/PXL_20250814_180440283.MP_-768x578.jpg 768w, https:\/\/www.crossprensa.com.ar\/news\/wp-content\/uploads\/2025\/08\/PXL_20250814_180440283.MP_-1536x1157.jpg 1536w, https:\/\/www.crossprensa.com.ar\/news\/wp-content\/uploads\/2025\/08\/PXL_20250814_180440283.MP_-2048x1542.jpg 2048w, https:\/\/www.crossprensa.com.ar\/news\/wp-content\/uploads\/2025\/08\/PXL_20250814_180440283.MP_-1024x771.jpg 1024w\" sizes=\"(max-width: 2560px) 100vw, 2560px\" \/><\/p>\n<p>&nbsp;<\/p>\n","protected":false},"excerpt":{"rendered":"<p>A las exitosas y habituales presencias en el gigante Campeonato Brasile\u00f1o de Motocross MXGP 1,&#8230;<\/p>\n","protected":false},"author":2,"featured_media":77545,"comment_status":"closed","ping_status":"closed","sticky":false,"template":"","format":"standard","meta":{"om_disable_all_campaigns":false,"_monsterinsights_skip_tracking":false,"_monsterinsights_sitenote_active":false,"_monsterinsights_sitenote_note":"","_monsterinsights_sitenote_category":0,"_uf_show_specific_survey":0,"_uf_disable_surveys":false,"footnotes":""},"categories":[92],"tags":[],"class_list":["post-77544","post","type-post","status-publish","format-standard","has-post-thumbnail","hentry","category-mx-brasileiro"],"aioseo_notices":[],"_links":{"self":[{"href":"http:\/\/www.crossprensa.com.ar\/news\/wp-json\/wp\/v2\/posts\/77544","targetHints":{"allow":["GET"]}}],"collection":[{"href":"http:\/\/www.crossprensa.com.ar\/news\/wp-json\/wp\/v2\/posts"}],"about":[{"href":"http:\/\/www.crossprensa.com.ar\/news\/wp-json\/wp\/v2\/types\/post"}],"author":[{"embeddable":true,"href":"http:\/\/www.crossprensa.com.ar\/news\/wp-json\/wp\/v2\/users\/2"}],"replies":[{"embeddable":true,"href":"http:\/\/www.crossprensa.com.ar\/news\/wp-json\/wp\/v2\/comments?post=77544"}],"version-history":[{"count":1,"href":"http:\/\/www.crossprensa.com.ar\/news\/wp-json\/wp\/v2\/posts\/77544\/revisions"}],"predecessor-version":[{"id":77549,"href":"http:\/\/www.crossprensa.com.ar\/news\/wp-json\/wp\/v2\/posts\/77544\/revisions\/77549"}],"wp:featuredmedia":[{"embeddable":true,"href":"http:\/\/www.crossprensa.com.ar\/news\/wp-json\/wp\/v2\/media\/77545"}],"wp:attachment":[{"href":"http:\/\/www.crossprensa.com.ar\/news\/wp-json\/wp\/v2\/media?parent=77544"}],"wp:term":[{"taxonomy":"category","embeddable":true,"href":"http:\/\/www.crossprensa.com.ar\/news\/wp-json\/wp\/v2\/categories?post=77544"},{"taxonomy":"post_tag","embeddable":true,"href":"http:\/\/www.crossprensa.com.ar\/news\/wp-json\/wp\/v2\/tags?post=77544"}],"curies":[{"name":"wp","href":"https:\/\/api.w.org\/{rel}","templated":true}]}}