{"id":77372,"date":"2025-07-31T07:35:27","date_gmt":"2025-07-31T10:35:27","guid":{"rendered":"https:\/\/www.crossprensa.com.ar\/news\/?p=77372"},"modified":"2025-07-31T07:35:27","modified_gmt":"2025-07-31T10:35:27","slug":"mxgp-el-historico-lommel-volvera-a-brillar","status":"publish","type":"post","link":"http:\/\/www.crossprensa.com.ar\/news\/mxgp-el-historico-lommel-volvera-a-brillar\/mxgp\/","title":{"rendered":"MXGP: El hist\u00f3rico Lommel, volver\u00e1 a brillar!"},"content":{"rendered":"<p><span>El\u00a0\u00a0<strong>\u00a0Campeonato Mundial de Motocross FIM\u00a0<\/strong><strong>2025\u00a0<\/strong><\/span><strong><span>se<\/span><\/strong><span>\u00a0\u00a0prepara para la decimoquinta ronda de la temporada 2025 en la dura pista de arena de\u00a0\u00a0<strong>Lommel<\/strong>\u00a0para el\u00a0\u00a0<strong>GP de Flandes<\/strong> (Belgica), los d\u00edas 2 y 3 de agosto.<\/span><\/p>\n<p><span>Consulta los horarios y las listas de inscritos en la nota:<\/span><\/p>\n<p><!--more--><\/p>\n<p><a href=\"https:\/\/www.instagram.com\/cassano.automobili\/\"><img fetchpriority=\"high\" decoding=\"async\" class=\"alignnone wp-image-76510 size-full\" src=\"https:\/\/www.crossprensa.com.ar\/news\/wp-content\/uploads\/2025\/05\/cassano.jpg\" alt=\"\" width=\"2104\" height=\"227\" \/><\/a><\/p>\n<p>Parec\u00eda que en MX2, De Wolf se llevar\u00eda todo con su Husqvarna, pero&#8230; se lo complicaron! Everts en principio (pero ahora lesionado), tambi\u00e9n Adamo del que se esperaba m\u00e1s, Beninstant, Lata, etc., formaban un grupo enorme dentro del cual tambi\u00e9n Sacha Coenen era de los candidatos que poco a poco se diluyeron. Este fin de semana, puede haber sorpresas!<\/p>\n<p><strong data-olk-copy-source=\"MessageBody\">MX2 &#8211; World Championship Top 10 Classification:<\/strong>\u00a01. Simon L\u00e4ngenfelder (GER, KTM), 665 Points;\u00a02. Andrea Adamo (ITA, KTM), 618 Pts;\u00a0 3. Kay de Wolf (NED, HUS), 606 Pts; 4. Sacha Coenen (BEL, KTM), 520 Pts; 5. Thibault Benistant (FRA, YAM), 492 Pts; 6. Liam Everts (BEL, HUS), 464 Pts; 7. Camden McLellan (RSA, TRI), 417 Pts; 8. Valerio Lata (ITA, HON), 330 Pts; 9. Guillem Farres (ESP, TRI), 306 Pts; 10. Cas Valk (NED, KTM), 299 Pts.<\/p>\n<p><a href=\"https:\/\/www.instagram.com\/maximaracingargentina\/\"><img decoding=\"async\" class=\"alignnone wp-image-76522 size-full\" src=\"https:\/\/www.crossprensa.com.ar\/news\/wp-content\/uploads\/2025\/05\/maxima.jpeg\" alt=\"\" width=\"1283\" height=\"110\" \/><\/a><\/p>\n<p>Que a\u00f1o intenso para el MXGP! Empez\u00f3 con una expectativa, que luego se transform\u00f3 en otra, y finalmente deriva EN OTRA. Renaux da el primer golpe en Argentina y se lleva la placa roja. Gajser, que devuelve el golpe y se adue\u00f1a de la punta. Luego Febvr\u00e9, que mantiene la placa roja, pero el que est\u00e1 ganando todo es L. Coenen&#8230; Y resumiendo, qui\u00e9n ser\u00e1 el campe\u00f3n???<\/p>\n<p>Aqu\u00ed les dejamos las listas de inscriptos en ambas categor\u00edas, porque este fin de semana se cumplir\u00e1 la fecha 15 sobre un total de 22, y todav\u00eda no hay nada dicho!<\/p>\n<p><strong data-olk-copy-source=\"MessageBody\">MXGP &#8211; Clasificaci\u00f3n Top 10 del Campeonato del Mundo:<\/strong>\u00a01. Romain Febvre (FRA, KAW), 678 puntos; 2. Lucas Coenen (BEL, KTM), 668 puntos; 3. Glenn Coldenhoff (NED, FAN), 494 puntos; 4. Rub\u00e9n Fern\u00e1ndez (ESP, HON), 451 puntos; 5. Calvin Vlaanderen (NED, YAM) 392 puntos; 6. Andrea Bonacorsi (ITA, FAN), 370 puntos; 7. Maxime Renaux (FRA, YAM), 368 puntos; 8. Jeremy Seewer (SUI, DUC), 327 puntos; 9. Jeffrey Herlings (NED, KTM), 325 puntos; 10. Tim Gajser (SLO, HON), 305 puntos.<\/p>\n<p><a href=\"https:\/\/www.instagram.com\/gasgas.sportadventure\/\"><img decoding=\"async\" class=\"alignnone wp-image-76516 size-full\" src=\"https:\/\/www.crossprensa.com.ar\/news\/wp-content\/uploads\/2025\/05\/gasgassportadventure.jpeg\" alt=\"\" width=\"1283\" height=\"109\" \/><\/a><\/p>\n<p><img loading=\"lazy\" decoding=\"async\" class=\"alignnone size-full wp-image-77373\" src=\"https:\/\/www.crossprensa.com.ar\/news\/wp-content\/uploads\/2025\/07\/Schermata-2025-07-30-alle-20.12.55.png.pagespeed.ce_.IdF013fLhe.png\" alt=\"\" width=\"1192\" height=\"1176\" srcset=\"https:\/\/www.crossprensa.com.ar\/news\/wp-content\/uploads\/2025\/07\/Schermata-2025-07-30-alle-20.12.55.png.pagespeed.ce_.IdF013fLhe.png 1192w, https:\/\/www.crossprensa.com.ar\/news\/wp-content\/uploads\/2025\/07\/Schermata-2025-07-30-alle-20.12.55.png.pagespeed.ce_.IdF013fLhe-300x296.png 300w, https:\/\/www.crossprensa.com.ar\/news\/wp-content\/uploads\/2025\/07\/Schermata-2025-07-30-alle-20.12.55.png.pagespeed.ce_.IdF013fLhe-405x400.png 405w, https:\/\/www.crossprensa.com.ar\/news\/wp-content\/uploads\/2025\/07\/Schermata-2025-07-30-alle-20.12.55.png.pagespeed.ce_.IdF013fLhe-768x758.png 768w, https:\/\/www.crossprensa.com.ar\/news\/wp-content\/uploads\/2025\/07\/Schermata-2025-07-30-alle-20.12.55.png.pagespeed.ce_.IdF013fLhe-1024x1010.png 1024w\" sizes=\"(max-width: 1192px) 100vw, 1192px\" \/><\/p>\n<p><img loading=\"lazy\" decoding=\"async\" class=\"alignnone size-full wp-image-77374\" src=\"https:\/\/www.crossprensa.com.ar\/news\/wp-content\/uploads\/2025\/07\/Schermata-2025-07-30-alle-20.12.38.png.pagespeed.ce_.2vcEK61C1r.png\" alt=\"\" width=\"1340\" height=\"1064\" \/><\/p>\n","protected":false},"excerpt":{"rendered":"<p>El\u00a0\u00a0\u00a0Campeonato Mundial de Motocross FIM\u00a02025\u00a0se\u00a0\u00a0prepara para la decimoquinta ronda de la temporada 2025 en la&#8230;<\/p>\n","protected":false},"author":2,"featured_media":77375,"comment_status":"closed","ping_status":"closed","sticky":false,"template":"","format":"standard","meta":{"om_disable_all_campaigns":false,"_monsterinsights_skip_tracking":false,"_monsterinsights_sitenote_active":false,"_monsterinsights_sitenote_note":"","_monsterinsights_sitenote_category":0,"_uf_show_specific_survey":0,"_uf_disable_surveys":false,"footnotes":""},"categories":[24],"tags":[],"class_list":["post-77372","post","type-post","status-publish","format-standard","has-post-thumbnail","hentry","category-mxgp"],"aioseo_notices":[],"_links":{"self":[{"href":"http:\/\/www.crossprensa.com.ar\/news\/wp-json\/wp\/v2\/posts\/77372","targetHints":{"allow":["GET"]}}],"collection":[{"href":"http:\/\/www.crossprensa.com.ar\/news\/wp-json\/wp\/v2\/posts"}],"about":[{"href":"http:\/\/www.crossprensa.com.ar\/news\/wp-json\/wp\/v2\/types\/post"}],"author":[{"embeddable":true,"href":"http:\/\/www.crossprensa.com.ar\/news\/wp-json\/wp\/v2\/users\/2"}],"replies":[{"embeddable":true,"href":"http:\/\/www.crossprensa.com.ar\/news\/wp-json\/wp\/v2\/comments?post=77372"}],"version-history":[{"count":1,"href":"http:\/\/www.crossprensa.com.ar\/news\/wp-json\/wp\/v2\/posts\/77372\/revisions"}],"predecessor-version":[{"id":77376,"href":"http:\/\/www.crossprensa.com.ar\/news\/wp-json\/wp\/v2\/posts\/77372\/revisions\/77376"}],"wp:featuredmedia":[{"embeddable":true,"href":"http:\/\/www.crossprensa.com.ar\/news\/wp-json\/wp\/v2\/media\/77375"}],"wp:attachment":[{"href":"http:\/\/www.crossprensa.com.ar\/news\/wp-json\/wp\/v2\/media?parent=77372"}],"wp:term":[{"taxonomy":"category","embeddable":true,"href":"http:\/\/www.crossprensa.com.ar\/news\/wp-json\/wp\/v2\/categories?post=77372"},{"taxonomy":"post_tag","embeddable":true,"href":"http:\/\/www.crossprensa.com.ar\/news\/wp-json\/wp\/v2\/tags?post=77372"}],"curies":[{"name":"wp","href":"https:\/\/api.w.org\/{rel}","templated":true}]}}