{"id":77235,"date":"2025-07-20T11:25:35","date_gmt":"2025-07-20T14:25:35","guid":{"rendered":"https:\/\/www.crossprensa.com.ar\/news\/?p=77235"},"modified":"2025-07-20T11:29:57","modified_gmt":"2025-07-20T14:29:57","slug":"mx-brasilero-en-vivo-con-fran-copetti-y-juanfe-garcia","status":"publish","type":"post","link":"http:\/\/www.crossprensa.com.ar\/news\/mx-brasilero-en-vivo-con-fran-copetti-y-juanfe-garcia\/mx-brasileiro\/","title":{"rendered":"MX BRASILERO EN VIVO CON FRAN COPETTI Y JUANFE GARC\u00cdA!"},"content":{"rendered":"<p>D\u00eda final de carreras para dos grand\u00edsimos pilotos argentinos luchando contra los mejores de sudamerica en Capibarib\u00e9, en la 6ta. fecha del MX BRASILERO que aqu\u00ed tienen EN VIVO en Crossprensa!<\/p>\n<p><!--more--><\/p>\n<p><img fetchpriority=\"high\" decoding=\"async\" class=\"alignnone size-full wp-image-77238\" src=\"https:\/\/www.crossprensa.com.ar\/news\/wp-content\/uploads\/2025\/07\/WhatsApp-Image-2025-07-20-at-11.29.17.jpeg\" alt=\"\" width=\"738\" height=\"1045\" \/><\/p>\n<p><iframe title=\"\ud83d\udfe2 Sportbay BRMX 2025 \ud83d\udd34 (Ao Vivo) Domingo - 20\/07 (STA. CRUZ DO CAPIBARIBE-PE)\" width=\"640\" height=\"360\" src=\"https:\/\/www.youtube.com\/embed\/Qo1Neg1ct1M?feature=oembed\" frameborder=\"0\" allow=\"accelerometer; autoplay; clipboard-write; encrypted-media; gyroscope; picture-in-picture; web-share\" referrerpolicy=\"strict-origin-when-cross-origin\" allowfullscreen><\/iframe><\/p>\n","protected":false},"excerpt":{"rendered":"<p>D\u00eda final de carreras para dos grand\u00edsimos pilotos argentinos luchando contra los mejores de sudamerica&#8230;<\/p>\n","protected":false},"author":2,"featured_media":77236,"comment_status":"closed","ping_status":"closed","sticky":false,"template":"","format":"standard","meta":{"om_disable_all_campaigns":false,"_monsterinsights_skip_tracking":false,"_monsterinsights_sitenote_active":false,"_monsterinsights_sitenote_note":"","_monsterinsights_sitenote_category":0,"_uf_show_specific_survey":0,"_uf_disable_surveys":false,"footnotes":""},"categories":[92],"tags":[],"class_list":["post-77235","post","type-post","status-publish","format-standard","has-post-thumbnail","hentry","category-mx-brasileiro"],"aioseo_notices":[],"_links":{"self":[{"href":"http:\/\/www.crossprensa.com.ar\/news\/wp-json\/wp\/v2\/posts\/77235","targetHints":{"allow":["GET"]}}],"collection":[{"href":"http:\/\/www.crossprensa.com.ar\/news\/wp-json\/wp\/v2\/posts"}],"about":[{"href":"http:\/\/www.crossprensa.com.ar\/news\/wp-json\/wp\/v2\/types\/post"}],"author":[{"embeddable":true,"href":"http:\/\/www.crossprensa.com.ar\/news\/wp-json\/wp\/v2\/users\/2"}],"replies":[{"embeddable":true,"href":"http:\/\/www.crossprensa.com.ar\/news\/wp-json\/wp\/v2\/comments?post=77235"}],"version-history":[{"count":3,"href":"http:\/\/www.crossprensa.com.ar\/news\/wp-json\/wp\/v2\/posts\/77235\/revisions"}],"predecessor-version":[{"id":77240,"href":"http:\/\/www.crossprensa.com.ar\/news\/wp-json\/wp\/v2\/posts\/77235\/revisions\/77240"}],"wp:featuredmedia":[{"embeddable":true,"href":"http:\/\/www.crossprensa.com.ar\/news\/wp-json\/wp\/v2\/media\/77236"}],"wp:attachment":[{"href":"http:\/\/www.crossprensa.com.ar\/news\/wp-json\/wp\/v2\/media?parent=77235"}],"wp:term":[{"taxonomy":"category","embeddable":true,"href":"http:\/\/www.crossprensa.com.ar\/news\/wp-json\/wp\/v2\/categories?post=77235"},{"taxonomy":"post_tag","embeddable":true,"href":"http:\/\/www.crossprensa.com.ar\/news\/wp-json\/wp\/v2\/tags?post=77235"}],"curies":[{"name":"wp","href":"https:\/\/api.w.org\/{rel}","templated":true}]}}