{"id":75816,"date":"2025-04-01T16:40:19","date_gmt":"2025-04-01T19:40:19","guid":{"rendered":"https:\/\/www.crossprensa.com.ar\/news\/?p=75816"},"modified":"2025-04-01T16:40:19","modified_gmt":"2025-04-01T19:40:19","slug":"vuelve-juanpi-luzzardi","status":"publish","type":"post","link":"http:\/\/www.crossprensa.com.ar\/news\/vuelve-juanpi-luzzardi\/mx-argentino\/","title":{"rendered":"Vuelve Juanpi Luzzardi?"},"content":{"rendered":"<p>Ya el mismo se encarg\u00f3 de mostrar sus nuevas motos en las redes sociales, pero ya no es noticia ni novedad.<\/p>\n<p>LA NOTICIA y LA NOVEDAD, es otra&#8230;<\/p>\n<p><!--more--><\/p>\n<p>Juanpi nunca se alej\u00f3 de las motos cuando dej\u00f3 de correr pero sin abandonar la actividad y era cuesti\u00f3n de tiempo que vuelva a picarle &#8220;el bichito mx&#8221;, que parece le inyect\u00f3 otra vez fuerza a esas ganas que nunca perdi\u00f3.<\/p>\n<p>Ahora, est\u00e1 entrenando, est\u00e1 andando en enduro como hizo un par de a\u00f1os y hoy tuvimos una charla v\u00eda whatssap con el barilochense (campe\u00f3n argentino de MX2 2013 y de MX1 2019) y le consultamos si iba a volver, a lo que nos respondi\u00f3:<\/p>\n<p><em><strong>&#8220;Hola Pampero! si, estoy con ganas de motocross&#8230; Seguro voy a correr la fecha del MX del Sur de la Rep\u00fablica a La Cascada ac\u00e1 en mi ciudad (Bariloche) 26 y 27 de Abril, y tengo ganas de hacer alguna del Argentino de Motocross. No Victorica porque no estoy entrenado pero a Cipolletti seguro que voy a la MX1 si me siento bien.&#8221;<\/strong><\/em><\/p>\n<p>CHAN! dijo mi cerebro&#8230; cuando pise una pista de Cross, volver\u00e1 al enduro o seguir\u00e1 en el motocross?<\/p>\n<p>No te pierdas mas novedades, a esta misma hora por el mismo canal!<\/p>\n<p>Crossprensa!<\/p>\n<p><img fetchpriority=\"high\" decoding=\"async\" class=\"alignnone size-full wp-image-75818\" src=\"https:\/\/www.crossprensa.com.ar\/news\/wp-content\/uploads\/2025\/04\/WhatsApp-Image-2025-03-31-at-16.46.39.jpeg\" alt=\"\" width=\"960\" height=\"1280\" srcset=\"https:\/\/www.crossprensa.com.ar\/news\/wp-content\/uploads\/2025\/04\/WhatsApp-Image-2025-03-31-at-16.46.39.jpeg 960w, https:\/\/www.crossprensa.com.ar\/news\/wp-content\/uploads\/2025\/04\/WhatsApp-Image-2025-03-31-at-16.46.39-225x300.jpeg 225w, https:\/\/www.crossprensa.com.ar\/news\/wp-content\/uploads\/2025\/04\/WhatsApp-Image-2025-03-31-at-16.46.39-300x400.jpeg 300w, https:\/\/www.crossprensa.com.ar\/news\/wp-content\/uploads\/2025\/04\/WhatsApp-Image-2025-03-31-at-16.46.39-768x1024.jpeg 768w\" sizes=\"(max-width: 960px) 100vw, 960px\" \/><\/p>\n","protected":false},"excerpt":{"rendered":"<p>Ya el mismo se encarg\u00f3 de mostrar sus nuevas motos en las redes sociales, pero&#8230;<\/p>\n","protected":false},"author":2,"featured_media":75817,"comment_status":"closed","ping_status":"closed","sticky":false,"template":"","format":"standard","meta":{"om_disable_all_campaigns":false,"_monsterinsights_skip_tracking":false,"_monsterinsights_sitenote_active":false,"_monsterinsights_sitenote_note":"","_monsterinsights_sitenote_category":0,"_uf_show_specific_survey":0,"_uf_disable_surveys":false,"footnotes":""},"categories":[27],"tags":[],"class_list":["post-75816","post","type-post","status-publish","format-standard","has-post-thumbnail","hentry","category-mx-argentino"],"aioseo_notices":[],"_links":{"self":[{"href":"http:\/\/www.crossprensa.com.ar\/news\/wp-json\/wp\/v2\/posts\/75816","targetHints":{"allow":["GET"]}}],"collection":[{"href":"http:\/\/www.crossprensa.com.ar\/news\/wp-json\/wp\/v2\/posts"}],"about":[{"href":"http:\/\/www.crossprensa.com.ar\/news\/wp-json\/wp\/v2\/types\/post"}],"author":[{"embeddable":true,"href":"http:\/\/www.crossprensa.com.ar\/news\/wp-json\/wp\/v2\/users\/2"}],"replies":[{"embeddable":true,"href":"http:\/\/www.crossprensa.com.ar\/news\/wp-json\/wp\/v2\/comments?post=75816"}],"version-history":[{"count":1,"href":"http:\/\/www.crossprensa.com.ar\/news\/wp-json\/wp\/v2\/posts\/75816\/revisions"}],"predecessor-version":[{"id":75819,"href":"http:\/\/www.crossprensa.com.ar\/news\/wp-json\/wp\/v2\/posts\/75816\/revisions\/75819"}],"wp:featuredmedia":[{"embeddable":true,"href":"http:\/\/www.crossprensa.com.ar\/news\/wp-json\/wp\/v2\/media\/75817"}],"wp:attachment":[{"href":"http:\/\/www.crossprensa.com.ar\/news\/wp-json\/wp\/v2\/media?parent=75816"}],"wp:term":[{"taxonomy":"category","embeddable":true,"href":"http:\/\/www.crossprensa.com.ar\/news\/wp-json\/wp\/v2\/categories?post=75816"},{"taxonomy":"post_tag","embeddable":true,"href":"http:\/\/www.crossprensa.com.ar\/news\/wp-json\/wp\/v2\/tags?post=75816"}],"curies":[{"name":"wp","href":"https:\/\/api.w.org\/{rel}","templated":true}]}}