{"id":75173,"date":"2025-02-19T20:29:27","date_gmt":"2025-02-19T23:29:27","guid":{"rendered":"https:\/\/www.crossprensa.com.ar\/news\/?p=75173"},"modified":"2025-02-19T20:30:36","modified_gmt":"2025-02-19T23:30:36","slug":"el-mundial-de-motocross-tuvo-su-lanzamiento-en-cordoba","status":"publish","type":"post","link":"http:\/\/www.crossprensa.com.ar\/news\/el-mundial-de-motocross-tuvo-su-lanzamiento-en-cordoba\/mxgp\/","title":{"rendered":"El Mundial de Motocross tuvo su lanzamiento en C\u00f3rdoba"},"content":{"rendered":"<p><span data-olk-copy-source=\"MessageBody\">El MXGP Argentina YPF 2025, que se realizar\u00e1 el pr\u00f3ximo 1 y 2 de marzo, tuvo su lanzamiento oficial en C\u00f3rdoba Capital, marcando el comienzo de la cuenta regresiva para la \u00fanica fecha del Campeonato Mundial de Motocross en Am\u00e9rica.<\/span><\/p>\n<p><!--more--><\/p>\n<p>Foto de tapa, de izq. a der.: <span data-olk-copy-source=\"MessageBody\">Cristian Martin, Ra\u00fal Sansica, Agust\u00edn Calleri, Dar\u00edo Capitani, David Eli y H\u00e9ctor Campana en la conferencia.<\/span><\/p>\n<table class=\"x_templateContainer\" border=\"0\" width=\"100%\" cellspacing=\"0\" cellpadding=\"0\">\n<tbody>\n<tr>\n<td id=\"x_templateFooter\" valign=\"top\"><\/td>\n<td id=\"x_templateHeader\" valign=\"top\">\n<table class=\"x_mcnTextBlock\" border=\"0\" width=\"100%\" cellspacing=\"0\" cellpadding=\"0\">\n<tbody class=\"x_mcnTextBlockOuter\">\n<tr>\n<td class=\"x_mcnTextBlockInner\" valign=\"top\">\n<table class=\"x_mcnTextContentContainer\" border=\"0\" width=\"100%\" cellspacing=\"0\" cellpadding=\"0\" align=\"left\">\n<tbody>\n<tr>\n<td class=\"x_mcnTextContent\" valign=\"top\"><span data-olk-copy-source=\"MessageBody\">La Conferencia de Prensa, realizada en el Centro de Convenciones de C\u00f3rdoba, cont\u00f3 con la presencia de David Eli (Director de +Eventos y organizador general del MXGP en Argentina), Cristian Martin (CEO Infinito Open), Dario Capitani (Presidente Agencia C\u00f3rdoba Deportes), Agust\u00edn Calleri (Presidente de la Agencia C\u00f3rdoba Deportes), Ra\u00fal Sansica (Presidente Agencia C\u00f3rdoba Cultura) y H\u00e9ctor Campana (Secretario de Fortalecimiento Vecinal y Deportes de la Municipalidad de C\u00f3rdoba).<\/span><\/p>\n<p>\u201cEs un gran desaf\u00edo poder traer este evento a C\u00f3rdoba. Este Mundial es justo para esta provincia, que es una provincia de grandes eventos. El MXGP Argentina YPF tiene un amplio poder de convocatoria y tendr\u00e1 presentes a los mejores pilotos del planeta\u201d, coment\u00f3 David Eli adelantando lo se viene.<\/p>\n<p>Por su parte, Cristian Martin se refiri\u00f3 a la transformaci\u00f3n de Infinito Open a ra\u00edz de la construcci\u00f3n del Infinito Race Track: \u201cSe logr\u00f3 un escenario impresionante, en muy poco tiempo, con una obra muy importante. Es todo un desaf\u00edo que Infinito se ponga en marcha con un evento as\u00ed. Va a ser un show espectacular y de nivel internacional\u201d.<\/p>\n<p>\u201cPichi\u201d Campana valor\u00f3 las facilidades que propone C\u00f3rdoba Capital para la gran afluencia de p\u00fablico que se espera para el Mundial de Motocross: \u201cEsto es una pol\u00edtica de estado. La ubicaci\u00f3n geogr\u00e1fica de C\u00f3rdoba permite que venga gente de distintos pa\u00edses. Los accesos que tiene la provincia son muy importantes y esto permite que el p\u00fablico pueda disfrutar\u201d.<\/td>\n<\/tr>\n<\/tbody>\n<\/table>\n<\/td>\n<\/tr>\n<\/tbody>\n<\/table>\n<table class=\"x_mcnImageBlock\" border=\"0\" width=\"100%\" cellspacing=\"0\" cellpadding=\"0\">\n<tbody class=\"x_mcnImageBlockOuter\">\n<tr>\n<td class=\"x_mcnImageBlockInner\" valign=\"top\">\n<table class=\"x_mcnImageContentContainer\" border=\"0\" width=\"100%\" cellspacing=\"0\" cellpadding=\"0\" align=\"left\">\n<tbody>\n<tr>\n<td class=\"x_mcnImageContent\" valign=\"top\"><a class=\"\" title=\"https:\/\/maseventos.us4.list-manage.com\/track\/click?u=75146c3981d47a073d3cdb858&amp;id=c1601a4e66&amp;e=f18304d135\" href=\"https:\/\/maseventos.us4.list-manage.com\/track\/click?u=75146c3981d47a073d3cdb858&amp;id=c1601a4e66&amp;e=f18304d135\" target=\"_blank\" rel=\"noopener noreferrer\" data-auth=\"NotApplicable\" data-linkindex=\"9\"><img decoding=\"async\" class=\"x_mcnImage\" src=\"https:\/\/mcusercontent.com\/75146c3981d47a073d3cdb858\/images\/004aa406-9d20-4c31-fafb-ca60a51b25e4.jpg\" alt=\"\" width=\"564\" align=\"center\" data-imagetype=\"External\" \/><\/a><\/td>\n<\/tr>\n<\/tbody>\n<\/table>\n<\/td>\n<\/tr>\n<\/tbody>\n<\/table>\n<table class=\"x_mcnTextBlock\" border=\"0\" width=\"100%\" cellspacing=\"0\" cellpadding=\"0\">\n<tbody class=\"x_mcnTextBlockOuter\">\n<tr>\n<td class=\"x_mcnTextBlockInner\" valign=\"top\">\n<table class=\"x_mcnTextContentContainer\" border=\"0\" width=\"100%\" cellspacing=\"0\" cellpadding=\"0\" align=\"left\">\n<tbody>\n<tr>\n<td class=\"x_mcnTextContent\" valign=\"top\"><span style=\"font-family: arial, helvetica neue, helvetica, sans-serif;\">La prensa invitada realiz\u00f3 una visita especial por el Infinito Race Track.\u00a0<\/span><\/td>\n<\/tr>\n<\/tbody>\n<\/table>\n<\/td>\n<\/tr>\n<\/tbody>\n<\/table>\n<table class=\"x_mcnTextBlock\" border=\"0\" width=\"100%\" cellspacing=\"0\" cellpadding=\"0\">\n<tbody class=\"x_mcnTextBlockOuter\">\n<tr>\n<td class=\"x_mcnTextBlockInner\" valign=\"top\">\n<table class=\"x_mcnTextContentContainer\" border=\"0\" width=\"100%\" cellspacing=\"0\" cellpadding=\"0\" align=\"left\">\n<tbody>\n<tr>\n<td class=\"x_mcnTextContent\" valign=\"top\">Por su parte, Ra\u00fal Sansica valor\u00f3 el gran trabajo en equipo por parte de todas las \u00e1reas para la realizaci\u00f3n del MXGP Argentina YPF: \u201cEste evento es un hecho cultural en s\u00ed mismo. Es una gran oportunidad para los cordobeses para poder mostrar c\u00f3mo se trabaja de manera conjunta. As\u00ed como el circuito es 360\u00b0, nosotros estamos trabajando, todos los sectores, 360\u00b0\u201d.<\/p>\n<p>\u201cEsta es una oportunidad m\u00e1s que importante, por el hecho de volver a tener un Mundial y traer este evento tan importante a la provincia. Estas competencias generan gran importancia en lo deportivo y tambi\u00e9n, en lo tur\u00edstico. Se viene una gran fiesta del motocross\u201d, mencion\u00f3 Agust\u00edn Calleri quien tambi\u00e9n se mostr\u00f3 maravillado por la magnitud del trabajo realizado en el nuevo trazado.<\/p>\n<p>Mientras que Dar\u00edo Capitani concluy\u00f3: \u201cEs una nueva oportunidad para el desarrollo tur\u00edstico de C\u00f3rdoba al tener un evento de esta jerarqu\u00eda. Pone a C\u00f3rdoba, sin dudas, en un lugar protag\u00f3nico en t\u00e9rminos de Mundiales\u201d.<\/p>\n<p>Asimismo, tras la conferencia de prensa, las autoridades y la prensa invitada, realizaron una visita exclusiva por el nuevo Infinito Race Track para conocer un poco m\u00e1s de cerca -y como gran anticipo-, lo que ser\u00e1 el escenario que en pocos d\u00edas m\u00e1s ya recibir\u00e1 a los mejores pilotos de la especialidad.<\/p>\n<p>La cuenta regresiva para el MXGP Argentina ya ha comenzado. En tan solo una semana, C\u00f3rdoba vivir\u00e1 la gran fiesta del motocross.<\/td>\n<\/tr>\n<\/tbody>\n<\/table>\n<\/td>\n<\/tr>\n<\/tbody>\n<\/table>\n<table class=\"x_mcnDividerBlock\" border=\"0\" width=\"100%\" cellspacing=\"0\" cellpadding=\"0\">\n<tbody class=\"x_mcnDividerBlockOuter\">\n<tr>\n<td class=\"x_mcnDividerBlockInner\">\n<table class=\"x_mcnDividerContent\" border=\"0\" width=\"100%\" cellspacing=\"0\" cellpadding=\"0\">\n<tbody>\n<tr>\n<td><img fetchpriority=\"high\" decoding=\"async\" class=\"alignnone size-full wp-image-74702\" src=\"https:\/\/www.crossprensa.com.ar\/news\/wp-content\/uploads\/2025\/01\/Llega-a-Cordoba-5.gif\" alt=\"\" width=\"1200\" height=\"100\" \/><\/td>\n<\/tr>\n<\/tbody>\n<\/table>\n<\/td>\n<\/tr>\n<\/tbody>\n<\/table>\n<table class=\"x_mcnTextBlock\" border=\"0\" width=\"100%\" cellspacing=\"0\" cellpadding=\"0\">\n<tbody class=\"x_mcnTextBlockOuter\">\n<tr>\n<td class=\"x_mcnTextBlockInner\" valign=\"top\">\n<table class=\"x_mcnTextContentContainer\" border=\"0\" width=\"100%\" cellspacing=\"0\" cellpadding=\"0\" align=\"left\">\n<tbody>\n<tr>\n<td class=\"x_mcnTextContent\" valign=\"top\"><strong>\u00a1\u00daltimas entradas a la venta!<\/strong><br \/>\nLas entradas Generales y VIP para ser parte de esta fecha imperdible se pueden adquirir por Ticketek (<a title=\"https:\/\/maseventos.us4.list-manage.com\/track\/click?u=75146c3981d47a073d3cdb858&amp;id=f4e79a9600&amp;e=f18304d135\" href=\"https:\/\/maseventos.us4.list-manage.com\/track\/click?u=75146c3981d47a073d3cdb858&amp;id=f4e79a9600&amp;e=f18304d135\" target=\"_blank\" rel=\"noopener noreferrer\" data-auth=\"NotApplicable\" data-linkindex=\"10\">https:\/\/www.ticketek.com.ar\/mxgp\/infinito-race-track<\/a>) y Paseshow (<a title=\"https:\/\/maseventos.us4.list-manage.com\/track\/click?u=75146c3981d47a073d3cdb858&amp;id=958163a515&amp;e=f18304d135\" href=\"https:\/\/maseventos.us4.list-manage.com\/track\/click?u=75146c3981d47a073d3cdb858&amp;id=958163a515&amp;e=f18304d135\" target=\"_blank\" rel=\"noopener noreferrer\" data-auth=\"NotApplicable\" data-linkindex=\"11\">https:\/\/www.paseshow.com.ar\/eventos\/mxgp-cordoba-marzo-2025<\/a>).<\/td>\n<\/tr>\n<\/tbody>\n<\/table>\n<\/td>\n<\/tr>\n<\/tbody>\n<\/table>\n<table class=\"x_mcnDividerBlock\" border=\"0\" width=\"100%\" cellspacing=\"0\" cellpadding=\"0\">\n<tbody class=\"x_mcnDividerBlockOuter\">\n<tr>\n<td class=\"x_mcnDividerBlockInner\">\n<table class=\"x_mcnDividerContent\" border=\"0\" width=\"100%\" cellspacing=\"0\" cellpadding=\"0\">\n<tbody>\n<tr>\n<td><\/td>\n<\/tr>\n<\/tbody>\n<\/table>\n<\/td>\n<\/tr>\n<\/tbody>\n<\/table>\n<table class=\"x_mcnButtonBlock\" border=\"0\" width=\"100%\" cellspacing=\"0\" cellpadding=\"0\">\n<tbody class=\"x_mcnButtonBlockOuter\">\n<tr>\n<td class=\"x_mcnButtonBlockInner\" align=\"center\" valign=\"top\">\n<table class=\"x_mcnButtonContentContainer\" border=\"0\" width=\"100%\" cellspacing=\"0\" cellpadding=\"0\">\n<tbody>\n<tr>\n<td class=\"x_mcnButtonContent\" align=\"center\" valign=\"middle\"><a class=\"x_mcnButton\" title=\"https:\/\/maseventos.us4.list-manage.com\/track\/click?u=75146c3981d47a073d3cdb858&amp;id=88751ca450&amp;e=f18304d135\" href=\"https:\/\/maseventos.us4.list-manage.com\/track\/click?u=75146c3981d47a073d3cdb858&amp;id=88751ca450&amp;e=f18304d135\" target=\"_blank\" rel=\"noopener noreferrer\" data-auth=\"NotApplicable\" data-linkindex=\"12\">Cronograma MXGP Argentina YPF 2025<\/a><\/td>\n<\/tr>\n<\/tbody>\n<\/table>\n<\/td>\n<\/tr>\n<\/tbody>\n<\/table>\n<table class=\"x_mcnButtonBlock\" border=\"0\" width=\"100%\" cellspacing=\"0\" cellpadding=\"0\">\n<tbody class=\"x_mcnButtonBlockOuter\">\n<tr>\n<td class=\"x_mcnButtonBlockInner\" align=\"center\" valign=\"top\">\n<table class=\"x_mcnButtonContentContainer\" border=\"0\" width=\"100%\" cellspacing=\"0\" cellpadding=\"0\">\n<tbody>\n<tr>\n<td class=\"x_mcnButtonContent\" align=\"center\" valign=\"middle\"><a class=\"x_mcnButton\" title=\"https:\/\/maseventos.us4.list-manage.com\/track\/click?u=75146c3981d47a073d3cdb858&amp;id=0f7f9de5b3&amp;e=f18304d135\" href=\"https:\/\/maseventos.us4.list-manage.com\/track\/click?u=75146c3981d47a073d3cdb858&amp;id=0f7f9de5b3&amp;e=f18304d135\" target=\"_blank\" rel=\"noopener noreferrer\" data-auth=\"NotApplicable\" data-linkindex=\"13\">Listado de Inscriptos MXGP Argentina YPF 2025<\/a><\/td>\n<\/tr>\n<\/tbody>\n<\/table>\n<\/td>\n<\/tr>\n<\/tbody>\n<\/table>\n<table class=\"x_mcnButtonBlock\" border=\"0\" width=\"100%\" cellspacing=\"0\" cellpadding=\"0\">\n<tbody class=\"x_mcnButtonBlockOuter\">\n<tr>\n<td class=\"x_mcnButtonBlockInner\" align=\"center\" valign=\"top\">\n<table class=\"x_mcnButtonContentContainer\" border=\"0\" width=\"100%\" cellspacing=\"0\" cellpadding=\"0\">\n<tbody>\n<tr>\n<td class=\"x_mcnButtonContent\" align=\"center\" valign=\"middle\"><a class=\"x_mcnButton\" title=\"https:\/\/maseventos.us4.list-manage.com\/track\/click?u=75146c3981d47a073d3cdb858&amp;id=a76335ca3e&amp;e=f18304d135\" href=\"https:\/\/maseventos.us4.list-manage.com\/track\/click?u=75146c3981d47a073d3cdb858&amp;id=a76335ca3e&amp;e=f18304d135\" target=\"_blank\" rel=\"noopener noreferrer\" data-auth=\"NotApplicable\" data-linkindex=\"14\">\u00daltimos ganadores del MXGP Argentina<\/a><\/td>\n<\/tr>\n<\/tbody>\n<\/table>\n<\/td>\n<\/tr>\n<\/tbody>\n<\/table>\n<table class=\"x_mcnButtonBlock\" border=\"0\" width=\"100%\" cellspacing=\"0\" cellpadding=\"0\">\n<tbody class=\"x_mcnButtonBlockOuter\">\n<tr>\n<td class=\"x_mcnButtonBlockInner\" align=\"center\" valign=\"top\">\n<table class=\"x_mcnButtonContentContainer\" border=\"0\" width=\"100%\" cellspacing=\"0\" cellpadding=\"0\">\n<tbody>\n<tr>\n<td class=\"x_mcnButtonContent\" align=\"center\" valign=\"middle\"><a class=\"x_mcnButton\" title=\"https:\/\/maseventos.us4.list-manage.com\/track\/click?u=75146c3981d47a073d3cdb858&amp;id=fc399d7840&amp;e=f18304d135\" href=\"https:\/\/maseventos.us4.list-manage.com\/track\/click?u=75146c3981d47a073d3cdb858&amp;id=fc399d7840&amp;e=f18304d135\" target=\"_blank\" rel=\"noopener noreferrer\" data-auth=\"NotApplicable\" data-linkindex=\"15\">Noticias del MXGP Argentina YPF 2025<\/a><\/td>\n<\/tr>\n<\/tbody>\n<\/table>\n<\/td>\n<\/tr>\n<\/tbody>\n<\/table>\n<table class=\"x_mcnButtonBlock\" border=\"0\" width=\"100%\" cellspacing=\"0\" cellpadding=\"0\">\n<tbody class=\"x_mcnButtonBlockOuter\">\n<tr>\n<td class=\"x_mcnButtonBlockInner\" align=\"center\" valign=\"top\">\n<table class=\"x_mcnButtonContentContainer\" border=\"0\" width=\"100%\" cellspacing=\"0\" cellpadding=\"0\">\n<tbody>\n<tr>\n<td class=\"x_mcnButtonContent\" align=\"center\" valign=\"middle\"><a class=\"x_mcnButton\" title=\"https:\/\/maseventos.us4.list-manage.com\/track\/click?u=75146c3981d47a073d3cdb858&amp;id=3a501e39a0&amp;e=f18304d135\" href=\"https:\/\/maseventos.us4.list-manage.com\/track\/click?u=75146c3981d47a073d3cdb858&amp;id=3a501e39a0&amp;e=f18304d135\" target=\"_blank\" rel=\"noopener noreferrer\" data-auth=\"NotApplicable\" data-linkindex=\"16\">Campeonato Latinoamericano de Motocross<\/a><\/td>\n<\/tr>\n<\/tbody>\n<\/table>\n<\/td>\n<\/tr>\n<\/tbody>\n<\/table>\n<table class=\"x_mcnButtonBlock\" border=\"0\" width=\"100%\" cellspacing=\"0\" cellpadding=\"0\">\n<tbody class=\"x_mcnButtonBlockOuter\">\n<tr>\n<td class=\"x_mcnButtonBlockInner\" align=\"center\" valign=\"top\">\n<table class=\"x_mcnButtonContentContainer\" border=\"0\" width=\"100%\" cellspacing=\"0\" cellpadding=\"0\">\n<tbody>\n<tr>\n<td class=\"x_mcnButtonContent\" align=\"center\" valign=\"middle\"><a class=\"x_mcnButton\" title=\"https:\/\/maseventos.us4.list-manage.com\/track\/click?u=75146c3981d47a073d3cdb858&amp;id=5b882387dd&amp;e=f18304d135\" href=\"https:\/\/maseventos.us4.list-manage.com\/track\/click?u=75146c3981d47a073d3cdb858&amp;id=5b882387dd&amp;e=f18304d135\" target=\"_blank\" rel=\"noopener noreferrer\" data-auth=\"NotApplicable\" data-linkindex=\"17\">Informaci\u00f3n sobre entradas<\/a><\/td>\n<\/tr>\n<\/tbody>\n<\/table>\n<\/td>\n<\/tr>\n<\/tbody>\n<\/table>\n<table class=\"x_mcnButtonBlock\" border=\"0\" width=\"100%\" cellspacing=\"0\" cellpadding=\"0\">\n<tbody class=\"x_mcnButtonBlockOuter\">\n<tr>\n<td class=\"x_mcnButtonBlockInner\" align=\"center\" valign=\"top\">\n<table class=\"x_mcnButtonContentContainer\" border=\"0\" width=\"100%\" cellspacing=\"0\" cellpadding=\"0\">\n<tbody>\n<tr>\n<td class=\"x_mcnButtonContent\" align=\"center\" valign=\"middle\"><a class=\"x_mcnButton\" title=\"https:\/\/maseventos.us4.list-manage.com\/track\/click?u=75146c3981d47a073d3cdb858&amp;id=108609a3d9&amp;e=f18304d135\" href=\"https:\/\/maseventos.us4.list-manage.com\/track\/click?u=75146c3981d47a073d3cdb858&amp;id=108609a3d9&amp;e=f18304d135\" target=\"_blank\" rel=\"noopener noreferrer\" data-auth=\"NotApplicable\" data-linkindex=\"18\">Infinito Race Track<\/a><\/td>\n<\/tr>\n<\/tbody>\n<\/table>\n<\/td>\n<\/tr>\n<\/tbody>\n<\/table>\n<\/td>\n<td id=\"x_templateBody\" valign=\"top\">\n<table class=\"x_mcnDividerBlock\" border=\"0\" width=\"100%\" cellspacing=\"0\" cellpadding=\"0\">\n<tbody class=\"x_mcnDividerBlockOuter\">\n<tr>\n<td class=\"x_mcnDividerBlockInner\">\n<table class=\"x_mcnDividerContent\" border=\"0\" width=\"100%\" cellspacing=\"0\" cellpadding=\"0\">\n<tbody>\n<tr>\n<td><\/td>\n<\/tr>\n<\/tbody>\n<\/table>\n<\/td>\n<\/tr>\n<\/tbody>\n<\/table>\n<table class=\"x_mcnImageBlock\" border=\"0\" width=\"100%\" cellspacing=\"0\" cellpadding=\"0\">\n<tbody class=\"x_mcnImageBlockOuter\">\n<tr>\n<td class=\"x_mcnImageBlockInner\" valign=\"top\">\n<table class=\"x_mcnImageContentContainer\" border=\"0\" width=\"100%\" cellspacing=\"0\" cellpadding=\"0\" align=\"left\">\n<tbody>\n<tr>\n<td class=\"x_mcnImageContent\" valign=\"top\"><img decoding=\"async\" class=\"x_mcnImage\" src=\"https:\/\/mcusercontent.com\/75146c3981d47a073d3cdb858\/images\/4228821d-28d5-89df-7a34-d55c5eefaf29.jpeg\" alt=\"\" width=\"564\" align=\"center\" data-imagetype=\"External\" \/><\/td>\n<\/tr>\n<\/tbody>\n<\/table>\n<\/td>\n<\/tr>\n<\/tbody>\n<\/table>\n<\/td>\n<td id=\"x_templateFooter\" valign=\"top\">\n<table class=\"x_mcnDividerBlock\" border=\"0\" width=\"100%\" cellspacing=\"0\" cellpadding=\"0\">\n<tbody class=\"x_mcnDividerBlockOuter\">\n<tr>\n<td class=\"x_mcnDividerBlockInner\">\n<table class=\"x_mcnDividerContent\" border=\"0\" width=\"100%\" cellspacing=\"0\" cellpadding=\"0\">\n<tbody>\n<tr>\n<td><\/td>\n<\/tr>\n<\/tbody>\n<\/table>\n<\/td>\n<\/tr>\n<\/tbody>\n<\/table>\n<\/td>\n<\/tr>\n<\/tbody>\n<\/table>\n<p><img decoding=\"async\" src=\"https:\/\/mcusercontent.com\/75146c3981d47a073d3cdb858\/images\/4228821d-28d5-89df-7a34-d55c5eefaf29.jpeg\" \/><\/p>\n","protected":false},"excerpt":{"rendered":"<p>El MXGP Argentina YPF 2025, que se realizar\u00e1 el pr\u00f3ximo 1 y 2 de marzo,&#8230;<\/p>\n","protected":false},"author":2,"featured_media":75174,"comment_status":"closed","ping_status":"closed","sticky":false,"template":"","format":"standard","meta":{"om_disable_all_campaigns":false,"_monsterinsights_skip_tracking":false,"_monsterinsights_sitenote_active":false,"_monsterinsights_sitenote_note":"","_monsterinsights_sitenote_category":0,"_uf_show_specific_survey":0,"_uf_disable_surveys":false,"footnotes":""},"categories":[24,115],"tags":[],"class_list":["post-75173","post","type-post","status-publish","format-standard","has-post-thumbnail","hentry","category-mxgp","category-mxgp-argentina"],"aioseo_notices":[],"_links":{"self":[{"href":"http:\/\/www.crossprensa.com.ar\/news\/wp-json\/wp\/v2\/posts\/75173","targetHints":{"allow":["GET"]}}],"collection":[{"href":"http:\/\/www.crossprensa.com.ar\/news\/wp-json\/wp\/v2\/posts"}],"about":[{"href":"http:\/\/www.crossprensa.com.ar\/news\/wp-json\/wp\/v2\/types\/post"}],"author":[{"embeddable":true,"href":"http:\/\/www.crossprensa.com.ar\/news\/wp-json\/wp\/v2\/users\/2"}],"replies":[{"embeddable":true,"href":"http:\/\/www.crossprensa.com.ar\/news\/wp-json\/wp\/v2\/comments?post=75173"}],"version-history":[{"count":2,"href":"http:\/\/www.crossprensa.com.ar\/news\/wp-json\/wp\/v2\/posts\/75173\/revisions"}],"predecessor-version":[{"id":75176,"href":"http:\/\/www.crossprensa.com.ar\/news\/wp-json\/wp\/v2\/posts\/75173\/revisions\/75176"}],"wp:featuredmedia":[{"embeddable":true,"href":"http:\/\/www.crossprensa.com.ar\/news\/wp-json\/wp\/v2\/media\/75174"}],"wp:attachment":[{"href":"http:\/\/www.crossprensa.com.ar\/news\/wp-json\/wp\/v2\/media?parent=75173"}],"wp:term":[{"taxonomy":"category","embeddable":true,"href":"http:\/\/www.crossprensa.com.ar\/news\/wp-json\/wp\/v2\/categories?post=75173"},{"taxonomy":"post_tag","embeddable":true,"href":"http:\/\/www.crossprensa.com.ar\/news\/wp-json\/wp\/v2\/tags?post=75173"}],"curies":[{"name":"wp","href":"https:\/\/api.w.org\/{rel}","templated":true}]}}