{"id":73900,"date":"2024-12-10T07:42:05","date_gmt":"2024-12-10T10:42:05","guid":{"rendered":"https:\/\/www.crossprensa.com.ar\/news\/?p=73900"},"modified":"2024-12-10T07:42:05","modified_gmt":"2024-12-10T10:42:05","slug":"ktm-lista-para-apuntar-a-un-nuevo-campeonato-en-el-ama-sx","status":"publish","type":"post","link":"http:\/\/www.crossprensa.com.ar\/news\/ktm-lista-para-apuntar-a-un-nuevo-campeonato-en-el-ama-sx\/ama-supercross\/","title":{"rendered":"KTM LISTA PARA APUNTAR A UN NUEVO CAMPEONATO EN EL AMA SX!"},"content":{"rendered":"<p>Si bien son conocidas las noticias de las dificultades econ\u00f3micas que atraviesa la marca, los equipos no se dan de baja y continuar\u00e1n desarrollando las motos para los mejores pilotos del mundo que comenzar\u00e1n en Anaheim 1 con un campeonato que promete tener much\u00edsima acci\u00f3n!<\/p>\n<p><!--more--><\/p>\n<p><span>Con un probado y efectivo grupo de cuatro pilotos, Red Bull KTM Factory Racing se lanza a la nueva temporada armado con las \u00faltimas motos KTM 250 SX-F FACTORY EDITION y KTM 450 SX-F FACTORY EDITION. El campe\u00f3n de motocross 2024, Chase Sexton, lidera al equipo con Aaron Plessinger en la 450, mientras que Julien Beaumer comienza su segunda temporada junto al actual campe\u00f3n de 250SX East, Tom Vialle, en la 250.<\/span><\/p>\n<p><span>La temporada 2025 comienza dentro del ic\u00f3nico Angel Stadium en Anaheim el 12 de enero. Y aqu\u00ed te mostramos el equipo!<\/span><\/p>\n<p><iframe title=\"Red Bull KTM Factory Racing are READY TO RACE SuperMotocross in 2025! | KTM\" width=\"640\" height=\"360\" src=\"https:\/\/www.youtube.com\/embed\/A1RV5jVHsmE?start=1&#038;feature=oembed\" frameborder=\"0\" allow=\"accelerometer; autoplay; clipboard-write; encrypted-media; gyroscope; picture-in-picture; web-share\" referrerpolicy=\"strict-origin-when-cross-origin\" allowfullscreen><\/iframe><\/p>\n","protected":false},"excerpt":{"rendered":"<p>Si bien son conocidas las noticias de las dificultades econ\u00f3micas que atraviesa la marca, los&#8230;<\/p>\n","protected":false},"author":2,"featured_media":73901,"comment_status":"closed","ping_status":"closed","sticky":false,"template":"","format":"standard","meta":{"om_disable_all_campaigns":false,"_monsterinsights_skip_tracking":false,"_monsterinsights_sitenote_active":false,"_monsterinsights_sitenote_note":"","_monsterinsights_sitenote_category":0,"_uf_show_specific_survey":0,"_uf_disable_surveys":false,"footnotes":""},"categories":[30],"tags":[],"class_list":["post-73900","post","type-post","status-publish","format-standard","has-post-thumbnail","hentry","category-ama-supercross"],"aioseo_notices":[],"_links":{"self":[{"href":"http:\/\/www.crossprensa.com.ar\/news\/wp-json\/wp\/v2\/posts\/73900","targetHints":{"allow":["GET"]}}],"collection":[{"href":"http:\/\/www.crossprensa.com.ar\/news\/wp-json\/wp\/v2\/posts"}],"about":[{"href":"http:\/\/www.crossprensa.com.ar\/news\/wp-json\/wp\/v2\/types\/post"}],"author":[{"embeddable":true,"href":"http:\/\/www.crossprensa.com.ar\/news\/wp-json\/wp\/v2\/users\/2"}],"replies":[{"embeddable":true,"href":"http:\/\/www.crossprensa.com.ar\/news\/wp-json\/wp\/v2\/comments?post=73900"}],"version-history":[{"count":1,"href":"http:\/\/www.crossprensa.com.ar\/news\/wp-json\/wp\/v2\/posts\/73900\/revisions"}],"predecessor-version":[{"id":73902,"href":"http:\/\/www.crossprensa.com.ar\/news\/wp-json\/wp\/v2\/posts\/73900\/revisions\/73902"}],"wp:featuredmedia":[{"embeddable":true,"href":"http:\/\/www.crossprensa.com.ar\/news\/wp-json\/wp\/v2\/media\/73901"}],"wp:attachment":[{"href":"http:\/\/www.crossprensa.com.ar\/news\/wp-json\/wp\/v2\/media?parent=73900"}],"wp:term":[{"taxonomy":"category","embeddable":true,"href":"http:\/\/www.crossprensa.com.ar\/news\/wp-json\/wp\/v2\/categories?post=73900"},{"taxonomy":"post_tag","embeddable":true,"href":"http:\/\/www.crossprensa.com.ar\/news\/wp-json\/wp\/v2\/tags?post=73900"}],"curies":[{"name":"wp","href":"https:\/\/api.w.org\/{rel}","templated":true}]}}