{"id":73888,"date":"2024-12-09T10:46:53","date_gmt":"2024-12-09T13:46:53","guid":{"rendered":"https:\/\/www.crossprensa.com.ar\/news\/?p=73888"},"modified":"2024-12-09T10:46:53","modified_gmt":"2024-12-09T13:46:53","slug":"el-accidente-de-jorge-prado-y-sus-consecuencias","status":"publish","type":"post","link":"http:\/\/www.crossprensa.com.ar\/news\/el-accidente-de-jorge-prado-y-sus-consecuencias\/ama-supercross\/","title":{"rendered":"EL ACCIDENTE DE JORGE PRADO y sus consecuencias."},"content":{"rendered":"<p>Cuando Jorge Prado estuvo ausente en las sesiones de los Media Days de la semana pasada en el Angel Stadium de Anaheim, California, se especul\u00f3 que hab\u00eda sufrido un accidente durante las pr\u00e1cticas, y eso era cierto. Nosotros NO desmentimos el golpe, pero si ACLARAMOS que no era grave y el mismo Jorge Prado nos lo agradeci\u00f3.<\/p>\n<p><!--more--><\/p>\n<p><a href=\"https:\/\/www.instagram.com\/kawasaki.argentina\/\"><img fetchpriority=\"high\" decoding=\"async\" class=\"alignnone wp-image-61902 size-full\" src=\"https:\/\/www.crossprensa.com.ar\/news\/wp-content\/uploads\/2022\/12\/kawa1200x100_animado.gif\" alt=\"\" width=\"1200\" height=\"100\" \/><\/a><\/p>\n<p>&nbsp;<\/p>\n<blockquote class=\"twitter-tweet\">\n<p dir=\"ltr\" lang=\"es\">Menos mal que hay alguien que pregunta <a href=\"https:\/\/t.co\/JE3Sj5kXSc\">https:\/\/t.co\/JE3Sj5kXSc<\/a><\/p>\n<p>\u2014 JORGE PRADO GARC\u00cdA (@jorgeprado61) <a href=\"https:\/\/twitter.com\/jorgeprado61\/status\/1865423303055380990?ref_src=twsrc%5Etfw\">December 7, 2024<\/a><\/p><\/blockquote>\n<p><script async src=\"https:\/\/platform.twitter.com\/widgets.js\" charset=\"utf-8\"><\/script><\/p>\n<p>&#8220;Seg\u00fan fuentes cercanas al piloto, Prado se golpe\u00f3 el brazo y la cabeza, pero no tuvo lesiones graves como se dijo y menos que no fuese a correr el AMA SX. El espa\u00f1ol dej\u00f3 unos d\u00edas la moto hasta sentirse al 100% y en su lugar se dedic\u00f3 a andar en bicicleta. Se espera que est\u00e9 listo para la primera carrera en Anaheim el 11 de enero de 2025 y podr\u00eda volver a la pista de entrenamientos de Kawasaki esta misma semana.<\/p>\n<p>El equipo inform\u00f3 de su ca\u00edda y confirm\u00f3 que <span class=\"LinkEnhancement\">Prado correr\u00e1 a tiempo completo en la serie Supercross en la divisi\u00f3n 450<\/span>. Corri\u00f3 cuatro carreras de Supercross a principios de 2024 antes de regresar a Europa para lograr su segundo campeonato MXGP consecutivo con 11 victorias generales, incluidas las \u00faltimas tres fechas.<\/p>\n<p>El mejor resultado de Prado en Supercross fue el s\u00e9ptimo lugar en San Francisco.<\/p>\n<p>Por lo dem\u00e1s, que digan lo que quieran para sumar clicks y likes, nosotros decimos la verdad y no sumamos gente en nuestras redes magnificando nada, simplemente lo hacemos diciendo la verdad.<\/p>\n<p>Fin de la historia.<\/p>\n","protected":false},"excerpt":{"rendered":"<p>Cuando Jorge Prado estuvo ausente en las sesiones de los Media Days de la semana&#8230;<\/p>\n","protected":false},"author":2,"featured_media":73890,"comment_status":"closed","ping_status":"closed","sticky":false,"template":"","format":"standard","meta":{"om_disable_all_campaigns":false,"_monsterinsights_skip_tracking":false,"_monsterinsights_sitenote_active":false,"_monsterinsights_sitenote_note":"","_monsterinsights_sitenote_category":0,"_uf_show_specific_survey":0,"_uf_disable_surveys":false,"footnotes":""},"categories":[30],"tags":[],"class_list":["post-73888","post","type-post","status-publish","format-standard","has-post-thumbnail","hentry","category-ama-supercross"],"aioseo_notices":[],"_links":{"self":[{"href":"http:\/\/www.crossprensa.com.ar\/news\/wp-json\/wp\/v2\/posts\/73888","targetHints":{"allow":["GET"]}}],"collection":[{"href":"http:\/\/www.crossprensa.com.ar\/news\/wp-json\/wp\/v2\/posts"}],"about":[{"href":"http:\/\/www.crossprensa.com.ar\/news\/wp-json\/wp\/v2\/types\/post"}],"author":[{"embeddable":true,"href":"http:\/\/www.crossprensa.com.ar\/news\/wp-json\/wp\/v2\/users\/2"}],"replies":[{"embeddable":true,"href":"http:\/\/www.crossprensa.com.ar\/news\/wp-json\/wp\/v2\/comments?post=73888"}],"version-history":[{"count":2,"href":"http:\/\/www.crossprensa.com.ar\/news\/wp-json\/wp\/v2\/posts\/73888\/revisions"}],"predecessor-version":[{"id":73891,"href":"http:\/\/www.crossprensa.com.ar\/news\/wp-json\/wp\/v2\/posts\/73888\/revisions\/73891"}],"wp:featuredmedia":[{"embeddable":true,"href":"http:\/\/www.crossprensa.com.ar\/news\/wp-json\/wp\/v2\/media\/73890"}],"wp:attachment":[{"href":"http:\/\/www.crossprensa.com.ar\/news\/wp-json\/wp\/v2\/media?parent=73888"}],"wp:term":[{"taxonomy":"category","embeddable":true,"href":"http:\/\/www.crossprensa.com.ar\/news\/wp-json\/wp\/v2\/categories?post=73888"},{"taxonomy":"post_tag","embeddable":true,"href":"http:\/\/www.crossprensa.com.ar\/news\/wp-json\/wp\/v2\/tags?post=73888"}],"curies":[{"name":"wp","href":"https:\/\/api.w.org\/{rel}","templated":true}]}}