{"id":73725,"date":"2024-11-28T05:37:31","date_gmt":"2024-11-28T08:37:31","guid":{"rendered":"https:\/\/www.crossprensa.com.ar\/news\/?p=73725"},"modified":"2024-11-28T05:37:31","modified_gmt":"2024-11-28T08:37:31","slug":"ama-sx-confirmado-el-calendario-2025","status":"publish","type":"post","link":"http:\/\/www.crossprensa.com.ar\/news\/ama-sx-confirmado-el-calendario-2025\/ama-supercross\/","title":{"rendered":"AMA SX &#8211; CONFIRMADO EL CALENDARIO 2025"},"content":{"rendered":"<p>Se avecina una temporada m\u00e1s, que no ser\u00e1 UNA MAS, porque Jorge Prado sobre la Kawasaki oficial le da un condimiento muy especial para todos los latinos y europeos ya que vimos lo que es capaz de hacer con solo 4 carreras y sin casi entrenar a principios de este a\u00f1o. Que har\u00e1 el a\u00f1o pr\u00f3ximo frente a frente con los mejores del planeta?<\/p>\n<p><!--more--><\/p>\n<p><strong><em>Y para tener todo en vivo y en directo en tu dispositivo (celular, computadora, tablet, smart TV o lo que sea) toma contacto con nosotros, haciendo CLICK en el banner aqu\u00ed debajo.\u00a0<\/em><\/strong><\/p>\n<p><a href=\"https:\/\/wa.link\/edhdrn\"><img fetchpriority=\"high\" decoding=\"async\" class=\"alignnone wp-image-72483 size-full\" src=\"https:\/\/www.crossprensa.com.ar\/news\/wp-content\/uploads\/2024\/09\/CROSSPRENSA-ABRIL-23-1.png\" alt=\"\" width=\"1201\" height=\"182\" \/><\/a><\/p>\n<p><strong>2025 Monster Energy AMA Supercross Championship schedule<\/strong><\/p>\n<p>1. Anaheim \u2013 11 de Enero<\/p>\n<p>2. San Diego \u2013 18 de Enero<\/p>\n<p>3. Anaheim 2 \u2013 25 de Enero<\/p>\n<p>4. Glendale \u2013 1 de Febrero<\/p>\n<p>5. Tampa \u2013 8 de Febrero<\/p>\n<p>6. Detroit \u2013 15 de Febrero<\/p>\n<p>7. Arlington \u2013 22 de Febrero<\/p>\n<p>8. Daytona \u2013 1 de Marzo<\/p>\n<p>9. Indianapolis \u2013 8 de Marzo<\/p>\n<p>10. Birmingham \u2013 22 de Marzo<\/p>\n<p>11. Seattle \u2013 29 de Marzo<\/p>\n<p>12. Foxborough \u2013 5 de Abril<\/p>\n<p>13. Philadelphia \u2013 12 de Abril<\/p>\n<p>14. East Rutherford \u2013 19 de Abril<\/p>\n<p>15. Pittsburgh \u2013 26 de Abril<\/p>\n<p>16. Denver \u2013 3 de Mayo<\/p>\n<p>17. Salt Lake City \u2013 10 de Mayo<\/p>\n","protected":false},"excerpt":{"rendered":"<p>Se avecina una temporada m\u00e1s, que no ser\u00e1 UNA MAS, porque Jorge Prado sobre la&#8230;<\/p>\n","protected":false},"author":2,"featured_media":73726,"comment_status":"closed","ping_status":"closed","sticky":false,"template":"","format":"standard","meta":{"om_disable_all_campaigns":false,"_monsterinsights_skip_tracking":false,"_monsterinsights_sitenote_active":false,"_monsterinsights_sitenote_note":"","_monsterinsights_sitenote_category":0,"_uf_show_specific_survey":0,"_uf_disable_surveys":false,"footnotes":""},"categories":[30],"tags":[],"class_list":["post-73725","post","type-post","status-publish","format-standard","has-post-thumbnail","hentry","category-ama-supercross"],"aioseo_notices":[],"_links":{"self":[{"href":"http:\/\/www.crossprensa.com.ar\/news\/wp-json\/wp\/v2\/posts\/73725","targetHints":{"allow":["GET"]}}],"collection":[{"href":"http:\/\/www.crossprensa.com.ar\/news\/wp-json\/wp\/v2\/posts"}],"about":[{"href":"http:\/\/www.crossprensa.com.ar\/news\/wp-json\/wp\/v2\/types\/post"}],"author":[{"embeddable":true,"href":"http:\/\/www.crossprensa.com.ar\/news\/wp-json\/wp\/v2\/users\/2"}],"replies":[{"embeddable":true,"href":"http:\/\/www.crossprensa.com.ar\/news\/wp-json\/wp\/v2\/comments?post=73725"}],"version-history":[{"count":1,"href":"http:\/\/www.crossprensa.com.ar\/news\/wp-json\/wp\/v2\/posts\/73725\/revisions"}],"predecessor-version":[{"id":73727,"href":"http:\/\/www.crossprensa.com.ar\/news\/wp-json\/wp\/v2\/posts\/73725\/revisions\/73727"}],"wp:featuredmedia":[{"embeddable":true,"href":"http:\/\/www.crossprensa.com.ar\/news\/wp-json\/wp\/v2\/media\/73726"}],"wp:attachment":[{"href":"http:\/\/www.crossprensa.com.ar\/news\/wp-json\/wp\/v2\/media?parent=73725"}],"wp:term":[{"taxonomy":"category","embeddable":true,"href":"http:\/\/www.crossprensa.com.ar\/news\/wp-json\/wp\/v2\/categories?post=73725"},{"taxonomy":"post_tag","embeddable":true,"href":"http:\/\/www.crossprensa.com.ar\/news\/wp-json\/wp\/v2\/tags?post=73725"}],"curies":[{"name":"wp","href":"https:\/\/api.w.org\/{rel}","templated":true}]}}