{"id":72077,"date":"2024-08-21T17:23:18","date_gmt":"2024-08-21T20:23:18","guid":{"rendered":"https:\/\/www.crossprensa.com.ar\/news\/?p=72077"},"modified":"2024-08-21T17:23:18","modified_gmt":"2024-08-21T20:23:18","slug":"eli-tomac-firmo-hasta-2025-con-yamaha","status":"publish","type":"post","link":"http:\/\/www.crossprensa.com.ar\/news\/eli-tomac-firmo-hasta-2025-con-yamaha\/ama-supercross\/","title":{"rendered":"ELI TOMAC FIRM\u00d3 HASTA 2025 CON YAMAHA."},"content":{"rendered":"<p>Yamaha Star Racing anunci\u00f3 que Eli Tomac regresar\u00e1 con el equipo para un \u00faltimo a\u00f1o de carreras en el Campeonato Mundial de SuperMotocross 2025. Una de las leyendas del deporte con un total combinado de ocho t\u00edtulos en AMA Supercross y Pro Motocross, el piloto de Colorado busca hacer otra temporada por el t\u00edtulo y agregar m\u00e1s victorias a su ya impresionante curr\u00edculum en ambas series, as\u00ed como en las finales de postemporada de tres fechas del Campeonato Mundial de SuperMotocross.<\/p>\n<p><!--more--><\/p>\n<p><span>En su cuarto a\u00f1o con el equipo, Tomac ha disfrutado de un gran \u00e9xito a bordo de la YZ450F y espera seguir cosechando \u00e9xitos la pr\u00f3xima temporada. Su debut con Yamaha Star Racing en 2022 fue inolvidable, ya que consigui\u00f3 los campeonatos de 450SX y 450MX, adem\u00e1s de ser el capit\u00e1n del victorioso equipo de EE. UU. en el Motocross de las Naciones.<\/span><span class=\"Apple-converted-space\">\u00a0<\/span><\/p>\n<p><a href=\"https:\/\/cdn-0.motocrossactionmag.com\/wp-content\/uploads\/2024\/08\/TOMAC_MX_MONSTER_ENERGY_YAMAHA_STAR_2024_05-scaled.jpg\" rel=\"prettyPhoto\" data-wpel-link=\"internal\"><img fetchpriority=\"high\" decoding=\"async\" class=\"alignnone size-full wp-image-282612\" src=\"https:\/\/cdn-0.motocrossactionmag.com\/wp-content\/uploads\/2024\/08\/TOMAC_MX_MONSTER_ENERGY_YAMAHA_STAR_2024_05-scaled.jpg\" sizes=\"(max-width: 2048px) 100vw, 2048px\" srcset=\"https:\/\/cdn-0.motocrossactionmag.com\/wp-content\/uploads\/2024\/08\/TOMAC_MX_MONSTER_ENERGY_YAMAHA_STAR_2024_05-scaled.jpg 2048w, https:\/\/cdn-0.motocrossactionmag.com\/wp-content\/uploads\/2024\/08\/TOMAC_MX_MONSTER_ENERGY_YAMAHA_STAR_2024_05-300x200.jpg 300w, https:\/\/cdn-0.motocrossactionmag.com\/wp-content\/uploads\/2024\/08\/TOMAC_MX_MONSTER_ENERGY_YAMAHA_STAR_2024_05-750x500.jpg 750w, https:\/\/cdn-0.motocrossactionmag.com\/wp-content\/uploads\/2024\/08\/TOMAC_MX_MONSTER_ENERGY_YAMAHA_STAR_2024_05-768x512.jpg 768w, https:\/\/cdn-0.motocrossactionmag.com\/wp-content\/uploads\/2024\/08\/TOMAC_MX_MONSTER_ENERGY_YAMAHA_STAR_2024_05-1536x1024.jpg 1536w, https:\/\/cdn-0.motocrossactionmag.com\/wp-content\/uploads\/2024\/08\/TOMAC_MX_MONSTER_ENERGY_YAMAHA_STAR_2024_05-800x533.jpg 800w, https:\/\/cdn-0.motocrossactionmag.com\/wp-content\/uploads\/2024\/08\/TOMAC_MX_MONSTER_ENERGY_YAMAHA_STAR_2024_05-310x207.jpg 310w, https:\/\/cdn-0.motocrossactionmag.com\/wp-content\/uploads\/2024\/08\/TOMAC_MX_MONSTER_ENERGY_YAMAHA_STAR_2024_05-150x100.jpg 150w, https:\/\/cdn-0.motocrossactionmag.com\/wp-content\/uploads\/2024\/08\/TOMAC_MX_MONSTER_ENERGY_YAMAHA_STAR_2024_05-600x400.jpg 600w\" alt=\"\" width=\"2048\" height=\"1365\" \/><\/a><strong><span>Eli Tomac consigui\u00f3 un cuarto puesto en su primera manga al regresar al motocross.<\/span><\/strong><\/p>\n<p><span>Aunque ha estado fuera de acci\u00f3n por lesiones tras la pen\u00faltima carrera de las dos \u00faltimas temporadas del AMA Supercross, ha acumulado una impresionante cantidad de victorias durante su permanencia en el equipo: 15 en 450SX y 14 victorias en manga en 450MX. Esas victorias no solo han reforzado su posici\u00f3n como el piloto con m\u00e1s victorias en la actualidad, sino tambi\u00e9n su legado en el deporte, ya que sigue a\u00f1adiendo su nombre a los libros de r\u00e9cords. Adem\u00e1s de ocupar el segundo puesto en la lista de victorias de todos los tiempos en la categor\u00eda reina de Supercross con 52 victorias, Tomac tambi\u00e9n es el piloto con m\u00e1s victorias en Daytona Supercross con siete victorias en el emblem\u00e1tico recinto y est\u00e1 empatado con Richard Petty en cuanto a la mayor cantidad de victorias en el Daytona International Speedway.<\/span><\/p>\n<p><strong><span>Jim Roach, director del departamento de carreras de Yamaha para YMUS:<\/span><\/strong><span>\u00a0\u00a0\u201cYamaha est\u00e1 muy emocionada de anunciar que Eli Tomac regresar\u00e1 para la temporada 2025, su \u00faltimo a\u00f1o de Supercross, Motocross y SuperMotocross. Eli es un feroz competidor que ha tenido un gran \u00e9xito con la YZ450F. Esperamos con ansias la temporada 2025 y nuestro \u00e9xito continuo\u201d.<\/span><\/p>\n<p><a href=\"https:\/\/cdn-0.motocrossactionmag.com\/wp-content\/uploads\/2024\/08\/TOMAC_SX_MONSTER_ENERGY_YAMAHA_STAR_2024_07-scaled.jpg\" rel=\"prettyPhoto\" data-wpel-link=\"internal\"><img decoding=\"async\" class=\"alignnone size-full wp-image-282620\" src=\"https:\/\/cdn-0.motocrossactionmag.com\/wp-content\/uploads\/2024\/08\/TOMAC_SX_MONSTER_ENERGY_YAMAHA_STAR_2024_07-scaled.jpg\" sizes=\"(max-width: 2048px) 100vw, 2048px\" srcset=\"https:\/\/cdn-0.motocrossactionmag.com\/wp-content\/uploads\/2024\/08\/TOMAC_SX_MONSTER_ENERGY_YAMAHA_STAR_2024_07-scaled.jpg 2048w, https:\/\/cdn-0.motocrossactionmag.com\/wp-content\/uploads\/2024\/08\/TOMAC_SX_MONSTER_ENERGY_YAMAHA_STAR_2024_07-300x200.jpg 300w, https:\/\/cdn-0.motocrossactionmag.com\/wp-content\/uploads\/2024\/08\/TOMAC_SX_MONSTER_ENERGY_YAMAHA_STAR_2024_07-750x500.jpg 750w, https:\/\/cdn-0.motocrossactionmag.com\/wp-content\/uploads\/2024\/08\/TOMAC_SX_MONSTER_ENERGY_YAMAHA_STAR_2024_07-768x512.jpg 768w, https:\/\/cdn-0.motocrossactionmag.com\/wp-content\/uploads\/2024\/08\/TOMAC_SX_MONSTER_ENERGY_YAMAHA_STAR_2024_07-1536x1024.jpg 1536w, https:\/\/cdn-0.motocrossactionmag.com\/wp-content\/uploads\/2024\/08\/TOMAC_SX_MONSTER_ENERGY_YAMAHA_STAR_2024_07-800x533.jpg 800w, https:\/\/cdn-0.motocrossactionmag.com\/wp-content\/uploads\/2024\/08\/TOMAC_SX_MONSTER_ENERGY_YAMAHA_STAR_2024_07-310x207.jpg 310w, https:\/\/cdn-0.motocrossactionmag.com\/wp-content\/uploads\/2024\/08\/TOMAC_SX_MONSTER_ENERGY_YAMAHA_STAR_2024_07-150x100.jpg 150w, https:\/\/cdn-0.motocrossactionmag.com\/wp-content\/uploads\/2024\/08\/TOMAC_SX_MONSTER_ENERGY_YAMAHA_STAR_2024_07-600x400.jpg 600w\" alt=\"\" width=\"2048\" height=\"1365\" \/><\/a><strong><span>Las lesiones del pasado no han impedido a Eli Tomac alcanzar lo m\u00e1s alto del podio.<\/span><\/strong><\/p>\n<p><strong><span>Jeremy Coker, director del equipo Yamaha Star Racing 450<\/span><\/strong><span> : \u201cQue Eli haya tomado la decisi\u00f3n de volver un a\u00f1o m\u00e1s es algo muy importante tanto para \u00e9l como para el equipo. Estamos deseando que llegue su \u00faltimo a\u00f1o de piloto profesional y haremos todo lo posible para que logre el mejor resultado posible\u201d.<\/span><\/p>\n<p><a href=\"https:\/\/cdn-0.motocrossactionmag.com\/wp-content\/uploads\/2024\/08\/TOMAC_SX_MONSTER_ENERGY_YAMAHA_STAR_2024_09-scaled.jpg\" rel=\"prettyPhoto\" data-wpel-link=\"internal\"><img decoding=\"async\" class=\"alignnone size-full wp-image-282613\" src=\"https:\/\/cdn-0.motocrossactionmag.com\/wp-content\/uploads\/2024\/08\/TOMAC_SX_MONSTER_ENERGY_YAMAHA_STAR_2024_09-scaled.jpg\" sizes=\"(max-width: 1365px) 100vw, 1365px\" srcset=\"https:\/\/cdn-0.motocrossactionmag.com\/wp-content\/uploads\/2024\/08\/TOMAC_SX_MONSTER_ENERGY_YAMAHA_STAR_2024_09-scaled.jpg 1365w, https:\/\/cdn-0.motocrossactionmag.com\/wp-content\/uploads\/2024\/08\/TOMAC_SX_MONSTER_ENERGY_YAMAHA_STAR_2024_09-200x300.jpg 200w, https:\/\/cdn-0.motocrossactionmag.com\/wp-content\/uploads\/2024\/08\/TOMAC_SX_MONSTER_ENERGY_YAMAHA_STAR_2024_09-750x1125.jpg 750w, https:\/\/cdn-0.motocrossactionmag.com\/wp-content\/uploads\/2024\/08\/TOMAC_SX_MONSTER_ENERGY_YAMAHA_STAR_2024_09-768x1152.jpg 768w, https:\/\/cdn-0.motocrossactionmag.com\/wp-content\/uploads\/2024\/08\/TOMAC_SX_MONSTER_ENERGY_YAMAHA_STAR_2024_09-1024x1536.jpg 1024w, https:\/\/cdn-0.motocrossactionmag.com\/wp-content\/uploads\/2024\/08\/TOMAC_SX_MONSTER_ENERGY_YAMAHA_STAR_2024_09-533x800.jpg 533w, https:\/\/cdn-0.motocrossactionmag.com\/wp-content\/uploads\/2024\/08\/TOMAC_SX_MONSTER_ENERGY_YAMAHA_STAR_2024_09-207x310.jpg 207w, https:\/\/cdn-0.motocrossactionmag.com\/wp-content\/uploads\/2024\/08\/TOMAC_SX_MONSTER_ENERGY_YAMAHA_STAR_2024_09-100x150.jpg 100w, https:\/\/cdn-0.motocrossactionmag.com\/wp-content\/uploads\/2024\/08\/TOMAC_SX_MONSTER_ENERGY_YAMAHA_STAR_2024_09-600x900.jpg 600w\" alt=\"\" width=\"1365\" height=\"2048\" \/><\/a><strong><span>Eli Tomac despu\u00e9s de su victoria durante la temporada 2024 de Supercross en St. Louis.<\/span><\/strong><\/p>\n<p><strong><span>Eli Tomac declar\u00f3<\/span><\/strong><span> : \u201cEstoy muy contento de anunciar que he firmado con Yamaha Star Racing para toda la temporada 2025 de SuperMotocross. Anticipo que 2025 ser\u00e1 mi \u00faltima temporada completa de carreras profesionales de SMX. Si bien las \u00faltimas dos temporadas de Supercross tuvieron finales desafortunados con lesiones, hemos tenido muchas m\u00e1s victorias en carreras y campeonatos en el camino. As\u00ed que ahora es el momento de disfrutar del viaje, volver a ganar carreras y competir por el t\u00edtulo de SuperMotocross &#8220;.<\/span><\/p>\n","protected":false},"excerpt":{"rendered":"<p>Yamaha Star Racing anunci\u00f3 que Eli Tomac regresar\u00e1 con el equipo para un \u00faltimo a\u00f1o&#8230;<\/p>\n","protected":false},"author":2,"featured_media":72078,"comment_status":"closed","ping_status":"closed","sticky":false,"template":"","format":"standard","meta":{"om_disable_all_campaigns":false,"_monsterinsights_skip_tracking":false,"_monsterinsights_sitenote_active":false,"_monsterinsights_sitenote_note":"","_monsterinsights_sitenote_category":0,"_uf_show_specific_survey":0,"_uf_disable_surveys":false,"footnotes":""},"categories":[30],"tags":[],"class_list":["post-72077","post","type-post","status-publish","format-standard","has-post-thumbnail","hentry","category-ama-supercross"],"aioseo_notices":[],"_links":{"self":[{"href":"http:\/\/www.crossprensa.com.ar\/news\/wp-json\/wp\/v2\/posts\/72077","targetHints":{"allow":["GET"]}}],"collection":[{"href":"http:\/\/www.crossprensa.com.ar\/news\/wp-json\/wp\/v2\/posts"}],"about":[{"href":"http:\/\/www.crossprensa.com.ar\/news\/wp-json\/wp\/v2\/types\/post"}],"author":[{"embeddable":true,"href":"http:\/\/www.crossprensa.com.ar\/news\/wp-json\/wp\/v2\/users\/2"}],"replies":[{"embeddable":true,"href":"http:\/\/www.crossprensa.com.ar\/news\/wp-json\/wp\/v2\/comments?post=72077"}],"version-history":[{"count":1,"href":"http:\/\/www.crossprensa.com.ar\/news\/wp-json\/wp\/v2\/posts\/72077\/revisions"}],"predecessor-version":[{"id":72079,"href":"http:\/\/www.crossprensa.com.ar\/news\/wp-json\/wp\/v2\/posts\/72077\/revisions\/72079"}],"wp:featuredmedia":[{"embeddable":true,"href":"http:\/\/www.crossprensa.com.ar\/news\/wp-json\/wp\/v2\/media\/72078"}],"wp:attachment":[{"href":"http:\/\/www.crossprensa.com.ar\/news\/wp-json\/wp\/v2\/media?parent=72077"}],"wp:term":[{"taxonomy":"category","embeddable":true,"href":"http:\/\/www.crossprensa.com.ar\/news\/wp-json\/wp\/v2\/categories?post=72077"},{"taxonomy":"post_tag","embeddable":true,"href":"http:\/\/www.crossprensa.com.ar\/news\/wp-json\/wp\/v2\/tags?post=72077"}],"curies":[{"name":"wp","href":"https:\/\/api.w.org\/{rel}","templated":true}]}}