{"id":70164,"date":"2024-05-08T05:53:36","date_gmt":"2024-05-08T08:53:36","guid":{"rendered":"https:\/\/www.crossprensa.com.ar\/news\/?p=70164"},"modified":"2024-05-08T05:53:36","modified_gmt":"2024-05-08T08:53:36","slug":"ama-sx-cooper-webb-lesionado","status":"publish","type":"post","link":"http:\/\/www.crossprensa.com.ar\/news\/ama-sx-cooper-webb-lesionado\/ama-supercross\/","title":{"rendered":"AMA SX: COOPER WEBB LESIONADO!"},"content":{"rendered":"<p><span>Cooper Webb ha anunciado que se rompi\u00f3 el pulgar durante el accidente de Birmingham.<\/span><\/p>\n<p><span>\u201cObviamente he tenido problemas en estas \u00faltimas carreras, as\u00ed que ser\u00e9 transparente. Me romp\u00ed el ligamento del pulgar en el accidente de la Heat Race en Birmingham. Me las arregl\u00e9 para manejarlo bastante bien hasta que lo volv\u00ed a hacer recientemente. A veces es as\u00ed.<\/span><br \/>\n<span>Dicho esto, nunca termina hasta que termina. Los ver\u00e9 a todos en Salt Lake City\u201d.<\/span><\/p>\n<p><a href=\"https:\/\/www.instagram.com\/motoswift_\/\"><img fetchpriority=\"high\" decoding=\"async\" class=\"alignnone wp-image-70071 size-full\" src=\"https:\/\/www.crossprensa.com.ar\/news\/wp-content\/uploads\/2024\/05\/motoswift1-2.jpg\" alt=\"\" width=\"1435\" height=\"111\" \/><\/a><\/p>\n","protected":false},"excerpt":{"rendered":"<p>Cooper Webb ha anunciado que se rompi\u00f3 el pulgar durante el accidente de Birmingham. \u201cObviamente&#8230;<\/p>\n","protected":false},"author":2,"featured_media":68586,"comment_status":"closed","ping_status":"closed","sticky":false,"template":"","format":"standard","meta":{"om_disable_all_campaigns":false,"_monsterinsights_skip_tracking":false,"_monsterinsights_sitenote_active":false,"_monsterinsights_sitenote_note":"","_monsterinsights_sitenote_category":0,"_uf_show_specific_survey":0,"_uf_disable_surveys":false,"footnotes":""},"categories":[30],"tags":[],"class_list":["post-70164","post","type-post","status-publish","format-standard","has-post-thumbnail","hentry","category-ama-supercross"],"aioseo_notices":[],"_links":{"self":[{"href":"http:\/\/www.crossprensa.com.ar\/news\/wp-json\/wp\/v2\/posts\/70164","targetHints":{"allow":["GET"]}}],"collection":[{"href":"http:\/\/www.crossprensa.com.ar\/news\/wp-json\/wp\/v2\/posts"}],"about":[{"href":"http:\/\/www.crossprensa.com.ar\/news\/wp-json\/wp\/v2\/types\/post"}],"author":[{"embeddable":true,"href":"http:\/\/www.crossprensa.com.ar\/news\/wp-json\/wp\/v2\/users\/2"}],"replies":[{"embeddable":true,"href":"http:\/\/www.crossprensa.com.ar\/news\/wp-json\/wp\/v2\/comments?post=70164"}],"version-history":[{"count":1,"href":"http:\/\/www.crossprensa.com.ar\/news\/wp-json\/wp\/v2\/posts\/70164\/revisions"}],"predecessor-version":[{"id":70165,"href":"http:\/\/www.crossprensa.com.ar\/news\/wp-json\/wp\/v2\/posts\/70164\/revisions\/70165"}],"wp:featuredmedia":[{"embeddable":true,"href":"http:\/\/www.crossprensa.com.ar\/news\/wp-json\/wp\/v2\/media\/68586"}],"wp:attachment":[{"href":"http:\/\/www.crossprensa.com.ar\/news\/wp-json\/wp\/v2\/media?parent=70164"}],"wp:term":[{"taxonomy":"category","embeddable":true,"href":"http:\/\/www.crossprensa.com.ar\/news\/wp-json\/wp\/v2\/categories?post=70164"},{"taxonomy":"post_tag","embeddable":true,"href":"http:\/\/www.crossprensa.com.ar\/news\/wp-json\/wp\/v2\/tags?post=70164"}],"curies":[{"name":"wp","href":"https:\/\/api.w.org\/{rel}","templated":true}]}}