{"id":69312,"date":"2024-03-20T13:57:30","date_gmt":"2024-03-20T16:57:30","guid":{"rendered":"https:\/\/www.crossprensa.com.ar\/news\/?p=69312"},"modified":"2024-03-20T13:57:30","modified_gmt":"2024-03-20T16:57:30","slug":"ducati-mxgp-y-ama-supercross-en-2025","status":"publish","type":"post","link":"http:\/\/www.crossprensa.com.ar\/news\/ducati-mxgp-y-ama-supercross-en-2025\/mxgp\/","title":{"rendered":"DUCATI: MXGP Y AMA SUPERCROSS EN 2025."},"content":{"rendered":"<p><span>Antes de que Ducati hiciera su brillante debut en Motocross en la primera fecha del campeonato italiano, Paolo Ciabatti habl\u00f3 con los medios y confirm\u00f3 que en 2025 competir\u00e1n en el Campeonato Italiano de MX2 con una moto de 250 cc. <\/span><span>Esto probablemente los ver\u00e1 competir en el Campeonato Mundial MX2 en 2026, siempre que todo vaya seg\u00fan lo planeado, o quiz\u00e1s antes&#8230;<\/span><\/p>\n<p><!--more--><\/p>\n<p><span>Ciabatti tambi\u00e9n confirm\u00f3 que su objetivo es competir en el AMA Supercross en 2026. Ducati tambi\u00e9n espera que la moto est\u00e9 disponible en los concesionarios entre mayo y junio de 2025.<\/span><\/p>\n<p><img fetchpriority=\"high\" decoding=\"async\" class=\"size-full wp-image-69314 aligncenter\" src=\"http:\/\/www.crossprensa.com.ar\/news\/wp-content\/uploads\/2024\/03\/GJGm2uKaAAAJ0lT-1.jpeg\" alt=\"\" width=\"679\" height=\"555\" srcset=\"https:\/\/www.crossprensa.com.ar\/news\/wp-content\/uploads\/2024\/03\/GJGm2uKaAAAJ0lT-1.jpeg 679w, https:\/\/www.crossprensa.com.ar\/news\/wp-content\/uploads\/2024\/03\/GJGm2uKaAAAJ0lT-1-300x245.jpeg 300w, https:\/\/www.crossprensa.com.ar\/news\/wp-content\/uploads\/2024\/03\/GJGm2uKaAAAJ0lT-1-489x400.jpeg 489w\" sizes=\"(max-width: 679px) 100vw, 679px\" \/><\/p>\n<p><strong><span>Paolo Ciabatti (Director General de Ducati Corse offroad):<\/span><\/strong><\/p>\n<p><em><span>En 2025 participaremos en el Campeonato Italiano en la categor\u00eda MX2.\u00a0El trabajo ya ha comenzado.\u00a0Mientras tanto, seguimos persiguiendo los objetivos ya declarados: continuar el desarrollo de la 450 Desmo a trav\u00e9s de pruebas y participaci\u00f3n en el Campeonato MX1 para llegar a <strong>MXGP en 2025 con el equipo Maddii<\/strong>, que gestionar\u00e1 la moto.\u00a0Tambi\u00e9n pretendemos participar en el Supercross estadounidense en 2026. En cuanto a la producci\u00f3n, nos aseguraremos de que el 450 est\u00e9 disponible en los concesionarios entre mayo y junio del pr\u00f3ximo a\u00f1o.<\/span><\/em><\/p>\n<div class=\"code-block code-block-3\"><a href=\"https:\/\/www.instagram.com\/m53motorcyclesparts\/?hl=en\"><img decoding=\"async\" class=\"alignnone wp-image-68715 size-full\" src=\"http:\/\/www.crossprensa.com.ar\/news\/wp-content\/uploads\/2024\/02\/xpw-5.jpg\" alt=\"\" width=\"2104\" height=\"227\" \/><\/a><\/div>\n<p><strong><span>Antonio Cairol\u00ed:<\/span><\/strong><\/p>\n<p><em><span>\u201cEl proyecto es muy amplio y ser parte de \u00e9l es fant\u00e1stico.\u00a0Es f\u00e1cil trabajar con Alessandro Lupino porque somos muy buenos amigos, por lo que tenemos una forma similar de desarrollar la moto.\u00a0El veh\u00edculo es relativamente joven y obtener prestaciones positivas de inmediato es muy satisfactorio\u201d.<\/span><\/em><\/p>\n<p><span>A continuaci\u00f3n se muestra un resumen del cronograma esperado de Ducati:<\/span><\/p>\n<p><strong><span>2024<\/span><\/strong><span>\u00a0: Desarrolla su m\u00e1quina de 450 cc disputando el campeonato italiano de MX con Alessandro Lupino.\u00a0No se descartan carreras especiales para Antonio Cairoli.<\/span><\/p>\n<p><strong><span>2025:<\/span><\/strong><span>\u00a0Disputar el Campeonato del Mundo MXGP completo.<\/span><\/p>\n<p><strong><span>2025<\/span><\/strong><span> : Correr todo el campeonato Italiano de MX2.<\/span><\/p>\n<p><strong><span>2026<\/span><\/strong><span> : Correr todo el AMA Supercross (clase 450SX).<\/span><\/p>\n<p><strong><span>2026<\/span><\/strong><span>\u00a0: Probablemente entrar\u00e1 en el Campeonato Mundial MX2.<\/span><\/p>\n<p><span>Imagen: Ducati<\/span><\/p>\n","protected":false},"excerpt":{"rendered":"<p>Antes de que Ducati hiciera su brillante debut en Motocross en la primera fecha del&#8230;<\/p>\n","protected":false},"author":2,"featured_media":69313,"comment_status":"closed","ping_status":"closed","sticky":false,"template":"","format":"standard","meta":{"om_disable_all_campaigns":false,"_monsterinsights_skip_tracking":false,"_monsterinsights_sitenote_active":false,"_monsterinsights_sitenote_note":"","_monsterinsights_sitenote_category":0,"_uf_show_specific_survey":0,"_uf_disable_surveys":false,"footnotes":""},"categories":[37,24],"tags":[],"class_list":["post-69312","post","type-post","status-publish","format-standard","has-post-thumbnail","hentry","category-crossprensa","category-mxgp"],"aioseo_notices":[],"_links":{"self":[{"href":"http:\/\/www.crossprensa.com.ar\/news\/wp-json\/wp\/v2\/posts\/69312","targetHints":{"allow":["GET"]}}],"collection":[{"href":"http:\/\/www.crossprensa.com.ar\/news\/wp-json\/wp\/v2\/posts"}],"about":[{"href":"http:\/\/www.crossprensa.com.ar\/news\/wp-json\/wp\/v2\/types\/post"}],"author":[{"embeddable":true,"href":"http:\/\/www.crossprensa.com.ar\/news\/wp-json\/wp\/v2\/users\/2"}],"replies":[{"embeddable":true,"href":"http:\/\/www.crossprensa.com.ar\/news\/wp-json\/wp\/v2\/comments?post=69312"}],"version-history":[{"count":1,"href":"http:\/\/www.crossprensa.com.ar\/news\/wp-json\/wp\/v2\/posts\/69312\/revisions"}],"predecessor-version":[{"id":69315,"href":"http:\/\/www.crossprensa.com.ar\/news\/wp-json\/wp\/v2\/posts\/69312\/revisions\/69315"}],"wp:featuredmedia":[{"embeddable":true,"href":"http:\/\/www.crossprensa.com.ar\/news\/wp-json\/wp\/v2\/media\/69313"}],"wp:attachment":[{"href":"http:\/\/www.crossprensa.com.ar\/news\/wp-json\/wp\/v2\/media?parent=69312"}],"wp:term":[{"taxonomy":"category","embeddable":true,"href":"http:\/\/www.crossprensa.com.ar\/news\/wp-json\/wp\/v2\/categories?post=69312"},{"taxonomy":"post_tag","embeddable":true,"href":"http:\/\/www.crossprensa.com.ar\/news\/wp-json\/wp\/v2\/tags?post=69312"}],"curies":[{"name":"wp","href":"https:\/\/api.w.org\/{rel}","templated":true}]}}