{"id":69227,"date":"2024-03-15T06:54:04","date_gmt":"2024-03-15T09:54:04","guid":{"rendered":"https:\/\/www.crossprensa.com.ar\/news\/?p=69227"},"modified":"2024-03-14T16:57:35","modified_gmt":"2024-03-14T19:57:35","slug":"ama-sx-horarios-para-indianapolis","status":"publish","type":"post","link":"http:\/\/www.crossprensa.com.ar\/news\/ama-sx-horarios-para-indianapolis\/ama-supercross\/","title":{"rendered":"AMA SX &#8211; HORARIOS PARA INDIANAPOLIS"},"content":{"rendered":"<p>Atenci\u00f3n con los horarios para este S\u00e1bado porque se clasifica en la tarde de Argentina y podr\u00e1n cenar viendo la carrera, para lo que ser\u00e1 otra noche inolvidable!<\/p>\n<p><!--more--><\/p>\n<p><a href=\"https:\/\/www.instagram.com\/ukkomotoparts\/?hl=en\"><img fetchpriority=\"high\" decoding=\"async\" class=\"alignnone wp-image-68737 size-full\" src=\"http:\/\/www.crossprensa.com.ar\/news\/wp-content\/uploads\/2024\/03\/Sin-titulo-7050.jpg\" alt=\"\" width=\"1189\" height=\"102\" \/><\/a><\/p>\n<h3>450SX<\/h3>\n<p>450SX Group A Qualifying 1 14:50<\/p>\n<p>450SX Group B Qualifying 1 15:05<\/p>\n<p>450SX Group C Qualifying 1 15:20<\/p>\n<p>450SX Group A Qualifying 2 16:55<\/p>\n<p>450SX Group B Qualifying 2 17:10<\/p>\n<p>450SX Group C Qualifying 2 17:25<\/p>\n<p>450SX Last Chance Qualifier 18:22<\/p>\n<p>450SX Race #1 (12 Minutes + 1 Lap) 20:31<\/p>\n<p>450SX Race #2 (12 Minutes + 1 Lap) 21:33<\/p>\n<p>450SX Race #3 (12 Minutes + 1 Lap) 22:36<\/p>\n<p>450SX Overall 22:52<\/p>\n<h3>250SX<\/h3>\n<p>250SX Group C Qualifying 1 14:05<\/p>\n<p>250SX Group B Qualifying 1 14:20<\/p>\n<p>250SX Group A Qualifying 1 14:35<\/p>\n<p>250SX Group C Qualifying 2 16:10<\/p>\n<p>250SX Group B Qualifying 2 16:25<\/p>\n<p>250SX Group A Qualifying 2 16:40<\/p>\n<p>250SX Last Chance Qualifier 18:10<\/p>\n<p>250SX Race #1 (10 Minutes + 1 Lap) 20:06<\/p>\n<p>250SX Race #2 (10 Minutes + 1 Lap) 21:12<\/p>\n<p>250SX Race #3 (10 Minutes + 1 Lap) 22:09<\/p>\n<p>250SX Overall 22:23<\/p>\n","protected":false},"excerpt":{"rendered":"<p>Atenci\u00f3n con los horarios para este S\u00e1bado porque se clasifica en la tarde de Argentina&#8230;<\/p>\n","protected":false},"author":2,"featured_media":68516,"comment_status":"closed","ping_status":"closed","sticky":false,"template":"","format":"standard","meta":{"om_disable_all_campaigns":false,"_monsterinsights_skip_tracking":false,"_monsterinsights_sitenote_active":false,"_monsterinsights_sitenote_note":"","_monsterinsights_sitenote_category":0,"_uf_show_specific_survey":0,"_uf_disable_surveys":false,"footnotes":""},"categories":[30,37],"tags":[],"class_list":["post-69227","post","type-post","status-publish","format-standard","has-post-thumbnail","hentry","category-ama-supercross","category-crossprensa"],"aioseo_notices":[],"_links":{"self":[{"href":"http:\/\/www.crossprensa.com.ar\/news\/wp-json\/wp\/v2\/posts\/69227","targetHints":{"allow":["GET"]}}],"collection":[{"href":"http:\/\/www.crossprensa.com.ar\/news\/wp-json\/wp\/v2\/posts"}],"about":[{"href":"http:\/\/www.crossprensa.com.ar\/news\/wp-json\/wp\/v2\/types\/post"}],"author":[{"embeddable":true,"href":"http:\/\/www.crossprensa.com.ar\/news\/wp-json\/wp\/v2\/users\/2"}],"replies":[{"embeddable":true,"href":"http:\/\/www.crossprensa.com.ar\/news\/wp-json\/wp\/v2\/comments?post=69227"}],"version-history":[{"count":3,"href":"http:\/\/www.crossprensa.com.ar\/news\/wp-json\/wp\/v2\/posts\/69227\/revisions"}],"predecessor-version":[{"id":69230,"href":"http:\/\/www.crossprensa.com.ar\/news\/wp-json\/wp\/v2\/posts\/69227\/revisions\/69230"}],"wp:featuredmedia":[{"embeddable":true,"href":"http:\/\/www.crossprensa.com.ar\/news\/wp-json\/wp\/v2\/media\/68516"}],"wp:attachment":[{"href":"http:\/\/www.crossprensa.com.ar\/news\/wp-json\/wp\/v2\/media?parent=69227"}],"wp:term":[{"taxonomy":"category","embeddable":true,"href":"http:\/\/www.crossprensa.com.ar\/news\/wp-json\/wp\/v2\/categories?post=69227"},{"taxonomy":"post_tag","embeddable":true,"href":"http:\/\/www.crossprensa.com.ar\/news\/wp-json\/wp\/v2\/tags?post=69227"}],"curies":[{"name":"wp","href":"https:\/\/api.w.org\/{rel}","templated":true}]}}