{"id":69223,"date":"2024-03-14T16:49:39","date_gmt":"2024-03-14T19:49:39","guid":{"rendered":"https:\/\/www.crossprensa.com.ar\/news\/?p=69223"},"modified":"2024-03-14T16:49:39","modified_gmt":"2024-03-14T19:49:39","slug":"jose-felipe-larga-en-brasil","status":"publish","type":"post","link":"http:\/\/www.crossprensa.com.ar\/news\/jose-felipe-larga-en-brasil\/crossprensa\/","title":{"rendered":"JOSE FELIPE LARGA EN BRASIL!"},"content":{"rendered":"<p>El veloz Jos\u00e9 Felipe, estar\u00e1 debutando sobre una KTM (Marca sobre la que no corre desde 2005 si no recordamos mal, con la 125, y 2006 con la 250F con la que fuera subcampe\u00f3n), y ahora lo har\u00e1 en la categor\u00eda MX3 del campeonato brasile\u00f1o. Adem\u00e1s, el piloto Pro Tork tiene pensado tambi\u00e9n hacer algunas fechas del campeonato argentino de Motocross!<\/p>\n<p><!--more--><\/p>\n<p><img fetchpriority=\"high\" decoding=\"async\" class=\"alignnone size-full wp-image-69225\" src=\"http:\/\/www.crossprensa.com.ar\/news\/wp-content\/uploads\/2024\/03\/WhatsApp-Image-2024-03-14-at-11.07.17.jpeg\" alt=\"\" width=\"1280\" height=\"960\" srcset=\"https:\/\/www.crossprensa.com.ar\/news\/wp-content\/uploads\/2024\/03\/WhatsApp-Image-2024-03-14-at-11.07.17.jpeg 1280w, https:\/\/www.crossprensa.com.ar\/news\/wp-content\/uploads\/2024\/03\/WhatsApp-Image-2024-03-14-at-11.07.17-300x225.jpeg 300w, https:\/\/www.crossprensa.com.ar\/news\/wp-content\/uploads\/2024\/03\/WhatsApp-Image-2024-03-14-at-11.07.17-533x400.jpeg 533w, https:\/\/www.crossprensa.com.ar\/news\/wp-content\/uploads\/2024\/03\/WhatsApp-Image-2024-03-14-at-11.07.17-768x576.jpeg 768w, https:\/\/www.crossprensa.com.ar\/news\/wp-content\/uploads\/2024\/03\/WhatsApp-Image-2024-03-14-at-11.07.17-750x563.jpeg 750w, https:\/\/www.crossprensa.com.ar\/news\/wp-content\/uploads\/2024\/03\/WhatsApp-Image-2024-03-14-at-11.07.17-1140x855.jpeg 1140w\" sizes=\"(max-width: 1280px) 100vw, 1280px\" \/><\/p>\n<p>Con el apoyo de KTM Brasil y Pro Tork\/ Sportbay\/ MX Riders\/ JDT, la SX 450 estar\u00e1 en manos del argentino para intentar una vez mas quedarse con la corona en un campeonato dur\u00edsimo que adem\u00e1s estaremos transmitiendo EN VIVO por Crossprensa!<\/p>\n<p>&nbsp;<\/p>\n","protected":false},"excerpt":{"rendered":"<p>El veloz Jos\u00e9 Felipe, estar\u00e1 debutando sobre una KTM (Marca sobre la que no corre&#8230;<\/p>\n","protected":false},"author":2,"featured_media":69224,"comment_status":"closed","ping_status":"closed","sticky":false,"template":"","format":"standard","meta":{"om_disable_all_campaigns":false,"_monsterinsights_skip_tracking":false,"_monsterinsights_sitenote_active":false,"_monsterinsights_sitenote_note":"","_monsterinsights_sitenote_category":0,"_uf_show_specific_survey":0,"_uf_disable_surveys":false,"footnotes":""},"categories":[37,92],"tags":[],"class_list":["post-69223","post","type-post","status-publish","format-standard","has-post-thumbnail","hentry","category-crossprensa","category-mx-brasileiro"],"aioseo_notices":[],"_links":{"self":[{"href":"http:\/\/www.crossprensa.com.ar\/news\/wp-json\/wp\/v2\/posts\/69223","targetHints":{"allow":["GET"]}}],"collection":[{"href":"http:\/\/www.crossprensa.com.ar\/news\/wp-json\/wp\/v2\/posts"}],"about":[{"href":"http:\/\/www.crossprensa.com.ar\/news\/wp-json\/wp\/v2\/types\/post"}],"author":[{"embeddable":true,"href":"http:\/\/www.crossprensa.com.ar\/news\/wp-json\/wp\/v2\/users\/2"}],"replies":[{"embeddable":true,"href":"http:\/\/www.crossprensa.com.ar\/news\/wp-json\/wp\/v2\/comments?post=69223"}],"version-history":[{"count":1,"href":"http:\/\/www.crossprensa.com.ar\/news\/wp-json\/wp\/v2\/posts\/69223\/revisions"}],"predecessor-version":[{"id":69226,"href":"http:\/\/www.crossprensa.com.ar\/news\/wp-json\/wp\/v2\/posts\/69223\/revisions\/69226"}],"wp:featuredmedia":[{"embeddable":true,"href":"http:\/\/www.crossprensa.com.ar\/news\/wp-json\/wp\/v2\/media\/69224"}],"wp:attachment":[{"href":"http:\/\/www.crossprensa.com.ar\/news\/wp-json\/wp\/v2\/media?parent=69223"}],"wp:term":[{"taxonomy":"category","embeddable":true,"href":"http:\/\/www.crossprensa.com.ar\/news\/wp-json\/wp\/v2\/categories?post=69223"},{"taxonomy":"post_tag","embeddable":true,"href":"http:\/\/www.crossprensa.com.ar\/news\/wp-json\/wp\/v2\/tags?post=69223"}],"curies":[{"name":"wp","href":"https:\/\/api.w.org\/{rel}","templated":true}]}}