{"id":68179,"date":"2024-01-31T10:54:55","date_gmt":"2024-01-31T13:54:55","guid":{"rendered":"https:\/\/www.crossprensa.com.ar\/news\/?p=68179"},"modified":"2024-01-31T10:54:55","modified_gmt":"2024-01-31T13:54:55","slug":"a-triumph-le-llego-la-hora","status":"publish","type":"post","link":"http:\/\/www.crossprensa.com.ar\/news\/a-triumph-le-llego-la-hora\/ama-supercross\/","title":{"rendered":"A TRIUMPH LE LLEG\u00d3 LA HORA&#8230;"},"content":{"rendered":"<p><span>En el Motocross des Nations 2022 en RedBud, Ricky Carmichael y Triumph realizaron una conferencia de prensa para confirmar que ingresar\u00edan al mundo del motocross. En ese momento, solo se confirm\u00f3 que participar\u00edan en el Campeonato Mundial MX2 en 2024 y luego en MXGP en 2025, pero RC tampoco descart\u00f3 que la marca ingresara al AMA Supercross.<\/span><\/p>\n<p><!--more--><\/p>\n<p><span>Todo se ha unido y, tal como ha funcionado, Triumph terminar\u00e1 haciendo su debut en Supercross antes de su debut en MXGP.<\/span><\/p>\n<p><span>Este fin de semana, la &#8220;nueva&#8221; marca har\u00e1 su debut en la costa este con la 250SX con Jalek Swoll y Evan Ferry bajo la carpa. Swoll ha hecho el cambio de Factory Husqvarna ya que Ferry pasar\u00e1 de ser amateur a las carreras profesionales.<\/span><\/p>\n<p><span>Joey Savatgy tambi\u00e9n firm\u00f3 con el equipo American Triumph, pero no puede correr en la 250SX, por lo que tendremos que esperar hasta los AMA Nationals antes de verlo correr con la nueva moto.<\/span><\/p>\n<div class=\"code-block code-block-3\"><ins class=\"adsbygoogle\" data-ad-client=\"ca-pub-4554526859818414\" data-ad-slot=\"9513008455\" data-adsbygoogle-status=\"done\" data-ad-status=\"filled\"><\/p>\n<div id=\"aswift_3_host\" tabindex=\"0\" title=\"Anuncio\" aria-label=\"Anuncio\"><\/div>\n<p><\/ins><\/div>\n<p><a title=\"\" href=\"https:\/\/gatedrop.com\/wp-content\/uploads\/2023\/12\/Triumph-Racing.jpg\" data-rel=\"lightbox-image-0\" data-rl_title=\"\" data-rl_caption=\"\"><img fetchpriority=\"high\" decoding=\"async\" class=\"alignnone size-full wp-image-143115\" src=\"https:\/\/gatedrop.com\/wp-content\/uploads\/2023\/12\/Triumph-Racing.jpg\" sizes=\"(max-width: 900px) 100vw, 900px\" srcset=\"https:\/\/gatedrop.com\/wp-content\/uploads\/2023\/12\/Triumph-Racing.jpg 900w, https:\/\/gatedrop.com\/wp-content\/uploads\/2023\/12\/Triumph-Racing-300x199.jpg 300w, https:\/\/gatedrop.com\/wp-content\/uploads\/2023\/12\/Triumph-Racing-768x509.jpg 768w\" alt=\"\" width=\"900\" height=\"597\" \/><\/a><\/p>\n<p><span>La temporada del MXGP no comienza hasta marzo, pero Triumph tambi\u00e9n har\u00e1 su debut en Motocross este fin de semana, aunque a un nivel m\u00e1s bajo que el AMA SX y el Campeonato Mundial MX2, pero disputar\u00e1n la primera carrera del Campeonato de Espa\u00f1a en Talavera.<\/span><\/p>\n<p><span>Camden McLellan y Mikkel Haarup han fichado por el equipo Triumph MX2 GP. McLellan ha hecho el cambio desde JM Honda, mientras que Haarup consigue otra moto oficial despu\u00e9s de pasar por DRT Kawasaki y WZ KTM el a\u00f1o pasado. Es una gran oportunidad para que el dan\u00e9s nos recuerde todos sus talentos.<\/span><\/p>\n<p><span>Los dos han dado muchas vueltas durante la pretemporada en Espa\u00f1a y la primera carrera ser\u00e1 invaluable en t\u00e9rminos de pruebas y desarrollo. La pareja ha estado bajo la atenta mirada del ex ganador de m\u00faltiples GP, Clement Desalle, quien ha desempe\u00f1ado un papel clave en el desarrollo de la moto.<\/span><\/p>\n<p><a title=\"\" href=\"https:\/\/gatedrop.com\/wp-content\/uploads\/2024\/01\/Triumph-Haarup-McLellan.jpg\" data-rel=\"lightbox-image-1\" data-rl_title=\"\" data-rl_caption=\"\"><img decoding=\"async\" class=\"alignnone size-full wp-image-144939\" src=\"https:\/\/gatedrop.com\/wp-content\/uploads\/2024\/01\/Triumph-Haarup-McLellan.jpg\" sizes=\"(max-width: 650px) 100vw, 650px\" srcset=\"https:\/\/gatedrop.com\/wp-content\/uploads\/2024\/01\/Triumph-Haarup-McLellan.jpg 650w, https:\/\/gatedrop.com\/wp-content\/uploads\/2024\/01\/Triumph-Haarup-McLellan-300x200.jpg 300w\" alt=\"\" width=\"650\" height=\"434\" \/><\/a><\/p>\n<p><span>Kay de Wolf y los hermanos Coenen estar\u00e1n en acci\u00f3n en Espa\u00f1a este fin de semana, lo que significa que la moto seguir\u00e1 compitiendo contra motos de f\u00e1brica, por lo que ser\u00e1 interesante ver qu\u00e9 tan competitiva es actualmente.<\/span><\/p>\n<p><span>Las nuevas marcas siempre son bienvenidas en el deporte y este fin de semana todo el duro trabajo de Triumph est\u00e1 a punto de dar sus frutos.<\/span><\/p>\n<p><span>Im\u00e1genes: Triumph Racing<\/span><\/p>\n<div class=\"code-block code-block-2\"><\/div>\n","protected":false},"excerpt":{"rendered":"<p>En el Motocross des Nations 2022 en RedBud, Ricky Carmichael y Triumph realizaron una conferencia&#8230;<\/p>\n","protected":false},"author":2,"featured_media":68180,"comment_status":"open","ping_status":"open","sticky":false,"template":"","format":"standard","meta":{"om_disable_all_campaigns":false,"_monsterinsights_skip_tracking":false,"_monsterinsights_sitenote_active":false,"_monsterinsights_sitenote_note":"","_monsterinsights_sitenote_category":0,"_uf_show_specific_survey":0,"_uf_disable_surveys":false,"footnotes":""},"categories":[30,37],"tags":[],"class_list":["post-68179","post","type-post","status-publish","format-standard","has-post-thumbnail","hentry","category-ama-supercross","category-crossprensa"],"aioseo_notices":[],"_links":{"self":[{"href":"http:\/\/www.crossprensa.com.ar\/news\/wp-json\/wp\/v2\/posts\/68179","targetHints":{"allow":["GET"]}}],"collection":[{"href":"http:\/\/www.crossprensa.com.ar\/news\/wp-json\/wp\/v2\/posts"}],"about":[{"href":"http:\/\/www.crossprensa.com.ar\/news\/wp-json\/wp\/v2\/types\/post"}],"author":[{"embeddable":true,"href":"http:\/\/www.crossprensa.com.ar\/news\/wp-json\/wp\/v2\/users\/2"}],"replies":[{"embeddable":true,"href":"http:\/\/www.crossprensa.com.ar\/news\/wp-json\/wp\/v2\/comments?post=68179"}],"version-history":[{"count":1,"href":"http:\/\/www.crossprensa.com.ar\/news\/wp-json\/wp\/v2\/posts\/68179\/revisions"}],"predecessor-version":[{"id":68181,"href":"http:\/\/www.crossprensa.com.ar\/news\/wp-json\/wp\/v2\/posts\/68179\/revisions\/68181"}],"wp:featuredmedia":[{"embeddable":true,"href":"http:\/\/www.crossprensa.com.ar\/news\/wp-json\/wp\/v2\/media\/68180"}],"wp:attachment":[{"href":"http:\/\/www.crossprensa.com.ar\/news\/wp-json\/wp\/v2\/media?parent=68179"}],"wp:term":[{"taxonomy":"category","embeddable":true,"href":"http:\/\/www.crossprensa.com.ar\/news\/wp-json\/wp\/v2\/categories?post=68179"},{"taxonomy":"post_tag","embeddable":true,"href":"http:\/\/www.crossprensa.com.ar\/news\/wp-json\/wp\/v2\/tags?post=68179"}],"curies":[{"name":"wp","href":"https:\/\/api.w.org\/{rel}","templated":true}]}}