{"id":66693,"date":"2023-11-03T08:26:45","date_gmt":"2023-11-03T11:26:45","guid":{"rendered":"https:\/\/www.crossprensa.com.ar\/news\/?p=66693"},"modified":"2023-11-03T08:26:45","modified_gmt":"2023-11-03T11:26:45","slug":"ferrandis-con-honda-para-2024-video","status":"publish","type":"post","link":"http:\/\/www.crossprensa.com.ar\/news\/ferrandis-con-honda-para-2024-video\/ama-motocross\/","title":{"rendered":"FERRANDIS CON HONDA PARA 2024! VIDEO!!!"},"content":{"rendered":"<p><span>Dylan Ferrandis ha confirmado que correr\u00e1 de rojo en 2024 para el equipo Phoenix Honda, ya que el franc\u00e9s se queda sin una moto de f\u00e1brica, \u00a1pero ama su nueva moto!<\/span><\/p>\n<p><!--more--><\/p>\n<p><img fetchpriority=\"high\" decoding=\"async\" class=\"alignnone size-full wp-image-66694\" src=\"http:\/\/www.crossprensa.com.ar\/news\/wp-content\/uploads\/2023\/11\/timthumb-8.jpeg\" alt=\"\" width=\"650\" height=\"429\" srcset=\"https:\/\/www.crossprensa.com.ar\/news\/wp-content\/uploads\/2023\/11\/timthumb-8.jpeg 650w, https:\/\/www.crossprensa.com.ar\/news\/wp-content\/uploads\/2023\/11\/timthumb-8-300x198.jpeg 300w, https:\/\/www.crossprensa.com.ar\/news\/wp-content\/uploads\/2023\/11\/timthumb-8-606x400.jpeg 606w\" sizes=\"(max-width: 650px) 100vw, 650px\" \/><\/p>\n<p><span>Ferrandis dijo: &#8220;Encantado de encontrar un nuevo hogar en @phxracinghonda @fcsuspension, gracias a todos por la oportunidad que <\/span><span>he estado buscando para correr con una moto roja durante tanto tiempo, <\/span><span>pong\u00e1monos a trabajar y estemos listos para 2024&#8243;.<\/span><\/p>\n<p><iframe title=\"Dylan Ferrandis&#039; First Day with Phoenix Honda\" width=\"640\" height=\"360\" src=\"https:\/\/www.youtube.com\/embed\/-mjuDLQbRAU?start=1&#038;feature=oembed\" frameborder=\"0\" allow=\"accelerometer; autoplay; clipboard-write; encrypted-media; gyroscope; picture-in-picture; web-share\" referrerpolicy=\"strict-origin-when-cross-origin\" allowfullscreen><\/iframe><\/p>\n","protected":false},"excerpt":{"rendered":"<p>Dylan Ferrandis ha confirmado que correr\u00e1 de rojo en 2024 para el equipo Phoenix Honda,&#8230;<\/p>\n","protected":false},"author":2,"featured_media":66695,"comment_status":"open","ping_status":"open","sticky":false,"template":"","format":"standard","meta":{"om_disable_all_campaigns":false,"_monsterinsights_skip_tracking":false,"_monsterinsights_sitenote_active":false,"_monsterinsights_sitenote_note":"","_monsterinsights_sitenote_category":0,"_uf_show_specific_survey":0,"_uf_disable_surveys":false,"footnotes":""},"categories":[25,30,37],"tags":[],"class_list":["post-66693","post","type-post","status-publish","format-standard","has-post-thumbnail","hentry","category-ama-motocross","category-ama-supercross","category-crossprensa"],"aioseo_notices":[],"_links":{"self":[{"href":"http:\/\/www.crossprensa.com.ar\/news\/wp-json\/wp\/v2\/posts\/66693","targetHints":{"allow":["GET"]}}],"collection":[{"href":"http:\/\/www.crossprensa.com.ar\/news\/wp-json\/wp\/v2\/posts"}],"about":[{"href":"http:\/\/www.crossprensa.com.ar\/news\/wp-json\/wp\/v2\/types\/post"}],"author":[{"embeddable":true,"href":"http:\/\/www.crossprensa.com.ar\/news\/wp-json\/wp\/v2\/users\/2"}],"replies":[{"embeddable":true,"href":"http:\/\/www.crossprensa.com.ar\/news\/wp-json\/wp\/v2\/comments?post=66693"}],"version-history":[{"count":1,"href":"http:\/\/www.crossprensa.com.ar\/news\/wp-json\/wp\/v2\/posts\/66693\/revisions"}],"predecessor-version":[{"id":66696,"href":"http:\/\/www.crossprensa.com.ar\/news\/wp-json\/wp\/v2\/posts\/66693\/revisions\/66696"}],"wp:featuredmedia":[{"embeddable":true,"href":"http:\/\/www.crossprensa.com.ar\/news\/wp-json\/wp\/v2\/media\/66695"}],"wp:attachment":[{"href":"http:\/\/www.crossprensa.com.ar\/news\/wp-json\/wp\/v2\/media?parent=66693"}],"wp:term":[{"taxonomy":"category","embeddable":true,"href":"http:\/\/www.crossprensa.com.ar\/news\/wp-json\/wp\/v2\/categories?post=66693"},{"taxonomy":"post_tag","embeddable":true,"href":"http:\/\/www.crossprensa.com.ar\/news\/wp-json\/wp\/v2\/tags?post=66693"}],"curies":[{"name":"wp","href":"https:\/\/api.w.org\/{rel}","templated":true}]}}