{"id":66606,"date":"2023-10-25T08:22:15","date_gmt":"2023-10-25T11:22:15","guid":{"rendered":"https:\/\/www.crossprensa.com.ar\/news\/?p=66606"},"modified":"2023-10-25T08:22:15","modified_gmt":"2023-10-25T11:22:15","slug":"prado-en-supercross-videos","status":"publish","type":"post","link":"http:\/\/www.crossprensa.com.ar\/news\/prado-en-supercross-videos\/ama-supercross\/","title":{"rendered":"PRADO EN SUPERCROSS! VIDEOS."},"content":{"rendered":"<p>La noticia ya no es nueva, para nada y mas porque lo adelantamos en nuestra \u00faltima nota con el actual campe\u00f3n del Mundo de MXGP. Pero verlo manejar en esos circuitos, logrando una adaptaci\u00f3n TAN r\u00e1pida, realmente sorprende y sin dudas que habla tambi\u00e9n de la calidad de piloto que es el espa\u00f1ol. Y tengamos en cuenta que lo hace con una moto que NO es su moto&#8230;<\/p>\n<p>Disfruten los videos!<\/p>\n<p><!--more--><\/p>\n<p><a href=\"https:\/\/www.instagram.com\/gasgas.sportadventure\/\"><img fetchpriority=\"high\" decoding=\"async\" class=\"alignnone wp-image-66578 size-full\" src=\"http:\/\/www.crossprensa.com.ar\/news\/wp-content\/uploads\/2023\/10\/WhatsApp-Image-2023-22-072-at-18.00.35.jpeg\" alt=\"\" width=\"1283\" height=\"109\" \/><\/a><\/p>\n<p>&nbsp;<\/p>\n<blockquote class=\"twitter-tweet\">\n<p dir=\"ltr\" lang=\"en\">Jorge Prado &#x2694;&#xfe0f; Supercross &#x1f3a5; <a href=\"https:\/\/t.co\/oPR8aqmPDT\">pic.twitter.com\/oPR8aqmPDT<\/a><\/p>\n<p>\u2014 Kellen Brauer (@kellenbrauer) <a href=\"https:\/\/twitter.com\/kellenbrauer\/status\/1716996412045725858?ref_src=twsrc%5Etfw\">October 25, 2023<\/a><\/p><\/blockquote>\n<p><script async src=\"https:\/\/platform.twitter.com\/widgets.js\" charset=\"utf-8\"><\/script><\/p>\n<p>&nbsp;<\/p>\n<blockquote class=\"twitter-tweet\">\n<p dir=\"ltr\" lang=\"en\">Laps &#x1f1fa;&#x1f1f8; <a href=\"https:\/\/t.co\/iqq7Cfthv4\">pic.twitter.com\/iqq7Cfthv4<\/a><\/p>\n<p>\u2014 JORGE PRADO GARC\u00cdA (@jorgeprado61) <a href=\"https:\/\/twitter.com\/jorgeprado61\/status\/1717028664083402983?ref_src=twsrc%5Etfw\">October 25, 2023<\/a><\/p><\/blockquote>\n<p><script async src=\"https:\/\/platform.twitter.com\/widgets.js\" charset=\"utf-8\"><\/script><\/p>\n","protected":false},"excerpt":{"rendered":"<p>La noticia ya no es nueva, para nada y mas porque lo adelantamos en nuestra&#8230;<\/p>\n","protected":false},"author":2,"featured_media":66608,"comment_status":"open","ping_status":"open","sticky":false,"template":"","format":"standard","meta":{"om_disable_all_campaigns":false,"_monsterinsights_skip_tracking":false,"_monsterinsights_sitenote_active":false,"_monsterinsights_sitenote_note":"","_monsterinsights_sitenote_category":0,"_uf_show_specific_survey":0,"_uf_disable_surveys":false,"footnotes":""},"categories":[30,37],"tags":[],"class_list":["post-66606","post","type-post","status-publish","format-standard","has-post-thumbnail","hentry","category-ama-supercross","category-crossprensa"],"aioseo_notices":[],"_links":{"self":[{"href":"http:\/\/www.crossprensa.com.ar\/news\/wp-json\/wp\/v2\/posts\/66606","targetHints":{"allow":["GET"]}}],"collection":[{"href":"http:\/\/www.crossprensa.com.ar\/news\/wp-json\/wp\/v2\/posts"}],"about":[{"href":"http:\/\/www.crossprensa.com.ar\/news\/wp-json\/wp\/v2\/types\/post"}],"author":[{"embeddable":true,"href":"http:\/\/www.crossprensa.com.ar\/news\/wp-json\/wp\/v2\/users\/2"}],"replies":[{"embeddable":true,"href":"http:\/\/www.crossprensa.com.ar\/news\/wp-json\/wp\/v2\/comments?post=66606"}],"version-history":[{"count":2,"href":"http:\/\/www.crossprensa.com.ar\/news\/wp-json\/wp\/v2\/posts\/66606\/revisions"}],"predecessor-version":[{"id":66609,"href":"http:\/\/www.crossprensa.com.ar\/news\/wp-json\/wp\/v2\/posts\/66606\/revisions\/66609"}],"wp:featuredmedia":[{"embeddable":true,"href":"http:\/\/www.crossprensa.com.ar\/news\/wp-json\/wp\/v2\/media\/66608"}],"wp:attachment":[{"href":"http:\/\/www.crossprensa.com.ar\/news\/wp-json\/wp\/v2\/media?parent=66606"}],"wp:term":[{"taxonomy":"category","embeddable":true,"href":"http:\/\/www.crossprensa.com.ar\/news\/wp-json\/wp\/v2\/categories?post=66606"},{"taxonomy":"post_tag","embeddable":true,"href":"http:\/\/www.crossprensa.com.ar\/news\/wp-json\/wp\/v2\/tags?post=66606"}],"curies":[{"name":"wp","href":"https:\/\/api.w.org\/{rel}","templated":true}]}}