{"id":66528,"date":"2023-10-20T15:45:18","date_gmt":"2023-10-20T18:45:18","guid":{"rendered":"https:\/\/www.crossprensa.com.ar\/news\/?p=66528"},"modified":"2023-10-20T15:45:18","modified_gmt":"2023-10-20T18:45:18","slug":"sexton-sobre-la-ktm","status":"publish","type":"post","link":"http:\/\/www.crossprensa.com.ar\/news\/sexton-sobre-la-ktm\/ama-motocross\/","title":{"rendered":"SEXTON SOBRE LA KTM!"},"content":{"rendered":"<p>Luego de su pase de Honda a KTM, el campe\u00f3n de este a\u00f1o en el AMA SX, ya se muestra sobre su nueva moto con la que va a intentar mantener el n\u00famero que lleva en la moto, abandonando el conocido #23 que hizo famoso en su moto anterior. Aqu\u00ed, las im\u00e1genes!!!<\/p>\n<p><!--more--><\/p>\n<p><iframe title=\"FIRST DAY WITH RED BULL KTM! | Chase Sexton VLOG\" width=\"640\" height=\"360\" src=\"https:\/\/www.youtube.com\/embed\/w3qImdWj8HM?feature=oembed\" frameborder=\"0\" allow=\"accelerometer; autoplay; clipboard-write; encrypted-media; gyroscope; picture-in-picture; web-share\" referrerpolicy=\"strict-origin-when-cross-origin\" allowfullscreen><\/iframe><\/p>\n","protected":false},"excerpt":{"rendered":"<p>Luego de su pase de Honda a KTM, el campe\u00f3n de este a\u00f1o en el&#8230;<\/p>\n","protected":false},"author":2,"featured_media":66529,"comment_status":"open","ping_status":"open","sticky":false,"template":"","format":"standard","meta":{"om_disable_all_campaigns":false,"_monsterinsights_skip_tracking":false,"_monsterinsights_sitenote_active":false,"_monsterinsights_sitenote_note":"","_monsterinsights_sitenote_category":0,"_uf_show_specific_survey":0,"_uf_disable_surveys":false,"footnotes":""},"categories":[25,30,37],"tags":[],"class_list":["post-66528","post","type-post","status-publish","format-standard","has-post-thumbnail","hentry","category-ama-motocross","category-ama-supercross","category-crossprensa"],"aioseo_notices":[],"_links":{"self":[{"href":"http:\/\/www.crossprensa.com.ar\/news\/wp-json\/wp\/v2\/posts\/66528","targetHints":{"allow":["GET"]}}],"collection":[{"href":"http:\/\/www.crossprensa.com.ar\/news\/wp-json\/wp\/v2\/posts"}],"about":[{"href":"http:\/\/www.crossprensa.com.ar\/news\/wp-json\/wp\/v2\/types\/post"}],"author":[{"embeddable":true,"href":"http:\/\/www.crossprensa.com.ar\/news\/wp-json\/wp\/v2\/users\/2"}],"replies":[{"embeddable":true,"href":"http:\/\/www.crossprensa.com.ar\/news\/wp-json\/wp\/v2\/comments?post=66528"}],"version-history":[{"count":1,"href":"http:\/\/www.crossprensa.com.ar\/news\/wp-json\/wp\/v2\/posts\/66528\/revisions"}],"predecessor-version":[{"id":66530,"href":"http:\/\/www.crossprensa.com.ar\/news\/wp-json\/wp\/v2\/posts\/66528\/revisions\/66530"}],"wp:featuredmedia":[{"embeddable":true,"href":"http:\/\/www.crossprensa.com.ar\/news\/wp-json\/wp\/v2\/media\/66529"}],"wp:attachment":[{"href":"http:\/\/www.crossprensa.com.ar\/news\/wp-json\/wp\/v2\/media?parent=66528"}],"wp:term":[{"taxonomy":"category","embeddable":true,"href":"http:\/\/www.crossprensa.com.ar\/news\/wp-json\/wp\/v2\/categories?post=66528"},{"taxonomy":"post_tag","embeddable":true,"href":"http:\/\/www.crossprensa.com.ar\/news\/wp-json\/wp\/v2\/tags?post=66528"}],"curies":[{"name":"wp","href":"https:\/\/api.w.org\/{rel}","templated":true}]}}