{"id":66506,"date":"2023-10-18T13:55:40","date_gmt":"2023-10-18T16:55:40","guid":{"rendered":"https:\/\/www.crossprensa.com.ar\/news\/?p=66506"},"modified":"2023-10-18T13:55:40","modified_gmt":"2023-10-18T16:55:40","slug":"jo-shimoda-correra-para-el-equipo-honda-hrc","status":"publish","type":"post","link":"http:\/\/www.crossprensa.com.ar\/news\/jo-shimoda-correra-para-el-equipo-honda-hrc\/ama-motocross\/","title":{"rendered":"Jo Shimoda correr\u00e1 para el equipo Honda HRC!"},"content":{"rendered":"<p>El Team Honda HRC anunci\u00f3 hoy que Jo Shimoda competir\u00e1 en una CRF250R para el equipo de f\u00e1brica de Honda durante las temporadas 2024 y 2025. El nativo de Jap\u00f3n correr\u00e1 junto a sus compa\u00f1eros de equipo Jett Lawrence, Hunter Lawrence y Chance Hymas.<\/p>\n<p><!--more--><\/p>\n<p><a href=\"https:\/\/www.instagram.com\/avantmotos_oficial\/\"><img fetchpriority=\"high\" decoding=\"async\" class=\"alignnone wp-image-65494 size-full\" src=\"http:\/\/www.crossprensa.com.ar\/news\/wp-content\/uploads\/2023\/08\/Banner-Av1ant.png\" alt=\"\" width=\"1200\" height=\"100\" srcset=\"https:\/\/www.crossprensa.com.ar\/news\/wp-content\/uploads\/2023\/08\/Banner-Av1ant.png 1200w, https:\/\/www.crossprensa.com.ar\/news\/wp-content\/uploads\/2023\/08\/Banner-Av1ant-300x25.png 300w, https:\/\/www.crossprensa.com.ar\/news\/wp-content\/uploads\/2023\/08\/Banner-Av1ant-620x52.png 620w, https:\/\/www.crossprensa.com.ar\/news\/wp-content\/uploads\/2023\/08\/Banner-Av1ant-768x64.png 768w, https:\/\/www.crossprensa.com.ar\/news\/wp-content\/uploads\/2023\/08\/Banner-Av1ant-750x63.png 750w, https:\/\/www.crossprensa.com.ar\/news\/wp-content\/uploads\/2023\/08\/Banner-Av1ant-1140x95.png 1140w\" sizes=\"(max-width: 1200px) 100vw, 1200px\" \/><\/a><\/p>\n<p>Nacido y criado en Suzuka, Jap\u00f3n, Shimoda comenz\u00f3 a andar en motos de cross cuando ten\u00eda 4 a\u00f1os. Despu\u00e9s de obtener un \u00e9xito temprano como corredor aficionado en su pa\u00eds de origen, busc\u00f3 una competencia m\u00e1s dura a nivel internacional. Compiti\u00f3 en Europa (incluso compitiendo contra Jett Lawrence en ocasiones) y en los EE. UU., ganando el Campeonato Nacional Amateur Supermini 2 AMA 2016 en Loretta Lynn Ranch, a los 14 a\u00f1os. Firm\u00f3 con el programa amateur del equipo Factory Connection, apoyado por Honda, en el 2017, y luego se convirti\u00f3 en profesional cerca del final de la temporada 2019. En 2020 (el primer a\u00f1o completo de Shimoda como profesional), termin\u00f3 tercero en la clasificaci\u00f3n final de la regi\u00f3n este de AMA 250SX, ganando el premio al Novato del A\u00f1o de AMA Supercross. Con el equipo Factory Connection cerrando antes de la temporada siguiente, Shimoda firm\u00f3 con Pro Circuit Kawasaki. En 2021 se convirti\u00f3 en el primer piloto japon\u00e9s en ganar un evento principal de AMA 250SX, terminando segundo en la clasificaci\u00f3n final de la Regi\u00f3n Este. El a\u00f1o pasado se convirti\u00f3 en el primer piloto japon\u00e9s en obtener una victoria general de AMA Pro Motocross, obteniendo el segundo lugar en la clasificaci\u00f3n final de 250. Fue tercero en la misma serie a principios de este a\u00f1o, y tambi\u00e9n ocup\u00f3 el segundo lugar en la clase inaugural SuperMotocross 250. En lo que va de su carrera, Shimoda ha obtenido tres victorias generales de 250 en AMA Pro Motocross, una victoria regional de 250 en AMA Supercross y una victoria de 250 en SuperMotocross.<\/p>\n<p>&#8220;Estoy muy contento de unirme al equipo de f\u00e1brica de Honda&#8221;, dijo Shimoda. &#8220;Siento que he progresado mucho desde que estaba con Factory Connection, y espero poder dar el siguiente paso en mi carrera, ganar un campeonato de la AMA. Soy amigo de los hermanos Lawrence desde que \u00e9ramos compa\u00f1eros de equipo en Factory Connection, y han demostrado que las motos son capaces de ganar al m\u00e1s alto nivel. Ya hemos empezado a hacer pruebas para 2024 y no puedo esperar a que empiece la temporada&#8221;.<\/p>\n<p><img decoding=\"async\" class=\"alignnone size-full wp-image-66508\" src=\"http:\/\/www.crossprensa.com.ar\/news\/wp-content\/uploads\/2023\/10\/652eea5fe6c9e6.31710112.jpg\" alt=\"\" width=\"800\" height=\"533\" srcset=\"https:\/\/www.crossprensa.com.ar\/news\/wp-content\/uploads\/2023\/10\/652eea5fe6c9e6.31710112.jpg 800w, https:\/\/www.crossprensa.com.ar\/news\/wp-content\/uploads\/2023\/10\/652eea5fe6c9e6.31710112-300x200.jpg 300w, https:\/\/www.crossprensa.com.ar\/news\/wp-content\/uploads\/2023\/10\/652eea5fe6c9e6.31710112-600x400.jpg 600w, https:\/\/www.crossprensa.com.ar\/news\/wp-content\/uploads\/2023\/10\/652eea5fe6c9e6.31710112-768x512.jpg 768w, https:\/\/www.crossprensa.com.ar\/news\/wp-content\/uploads\/2023\/10\/652eea5fe6c9e6.31710112-750x500.jpg 750w\" sizes=\"(max-width: 800px) 100vw, 800px\" \/><\/p>\n<p>Shimoda es el primer piloto japon\u00e9s en firmar un contrato de f\u00e1brica con American Honda, aunque Honda ha presentado a los mejores pilotos japoneses en MotoGP, World Trials e incluso F\u00f3rmula 1.<\/p>\n<p>&#8220;Estamos muy contentos de dar la bienvenida a Jo a la familia Honda&#8221;, dijo Brandon Wilson, Gerente de Carreras y Marketing Experiencial de American Honda. &#8220;Odiamos perderlo antes de 2021, as\u00ed que se siente como una reuni\u00f3n. Ha hecho grandes progresos en los \u00faltimos a\u00f1os, estableci\u00e9ndose firmemente como uno de los mejores pilotos de la clase 250. Las noticias sobre la firma de pilotos siempre son emocionantes, pero esta es particularmente significativa para nuestra gerencia y muchos de nuestros asociados, dada la conexi\u00f3n japonesa. Dicho esto, aunque ya es el motocrosser japon\u00e9s m\u00e1s exitoso en competir a tiempo completo en los EE. UU., Jo tiene la vista puesta en objetivos m\u00e1s grandes y esperamos ayudarlo a lograrlos&#8221;.<\/p>\n<p><strong>Jo Shimoda<\/strong><\/p>\n<ul>\n<li>Fecha de Nacimiento: 16 de mayo de 2002<\/li>\n<li>2016: Campeona de Supermini 2 en el Loretta Lynn AMA Amateur National<\/li>\n<li>2017: Firma con el programa amateur de Factory Connection<\/li>\n<li>2018: Ganador de la Monster Energy Cup All-Stars<\/li>\n<li>2019: Debut profesional (carreras finales de tres rondas AMA Pro Motocross 250)<\/li>\n<li>2020: Novato del A\u00f1o de AMA Supercross; 3\u00ba\u00a0en la clasificaci\u00f3n final de AMA Supercross 250 East;\u00a0<sup>11\u00ba en<\/sup>\u00a0la clasificaci\u00f3n final de AMA Pro Motocross 250<\/li>\n<li>2021:<sup>2\u00ba<\/sup>\u00a0en la clasificaci\u00f3n final de AMA Supercross 250 East (1 victoria); 5\u00ba<sup>en<\/sup>\u00a0la clasificaci\u00f3n final de AMA Pro Motocross 250<\/li>\n<li>2022:<sup>4.\u00ba<\/sup>\u00a0en la clasificaci\u00f3n final de AMA Supercross 250 West; 2\u00ba\u00a0en la clasificaci\u00f3n final de AMA Pro Motocross 250 (5 victorias en moto)<\/li>\n<li>2023:<sup>13.\u00ba<\/sup>\u00a0en la clasificaci\u00f3n final de AMA Supercross 250 East; 3\u00ba\u00a0en la clasificaci\u00f3n final de AMA Pro Motocross 250 (3 victorias en moto); 2\u00ba\u00a0en la clasificaci\u00f3n final de SuperMotocross 250 (1 victoria general)<\/li>\n<\/ul>\n","protected":false},"excerpt":{"rendered":"<p>El Team Honda HRC anunci\u00f3 hoy que Jo Shimoda competir\u00e1 en una CRF250R para el&#8230;<\/p>\n","protected":false},"author":2,"featured_media":66507,"comment_status":"open","ping_status":"open","sticky":false,"template":"","format":"standard","meta":{"om_disable_all_campaigns":false,"_monsterinsights_skip_tracking":false,"_monsterinsights_sitenote_active":false,"_monsterinsights_sitenote_note":"","_monsterinsights_sitenote_category":0,"_uf_show_specific_survey":0,"_uf_disable_surveys":false,"footnotes":""},"categories":[25,30,37],"tags":[],"class_list":["post-66506","post","type-post","status-publish","format-standard","has-post-thumbnail","hentry","category-ama-motocross","category-ama-supercross","category-crossprensa"],"aioseo_notices":[],"_links":{"self":[{"href":"http:\/\/www.crossprensa.com.ar\/news\/wp-json\/wp\/v2\/posts\/66506","targetHints":{"allow":["GET"]}}],"collection":[{"href":"http:\/\/www.crossprensa.com.ar\/news\/wp-json\/wp\/v2\/posts"}],"about":[{"href":"http:\/\/www.crossprensa.com.ar\/news\/wp-json\/wp\/v2\/types\/post"}],"author":[{"embeddable":true,"href":"http:\/\/www.crossprensa.com.ar\/news\/wp-json\/wp\/v2\/users\/2"}],"replies":[{"embeddable":true,"href":"http:\/\/www.crossprensa.com.ar\/news\/wp-json\/wp\/v2\/comments?post=66506"}],"version-history":[{"count":1,"href":"http:\/\/www.crossprensa.com.ar\/news\/wp-json\/wp\/v2\/posts\/66506\/revisions"}],"predecessor-version":[{"id":66509,"href":"http:\/\/www.crossprensa.com.ar\/news\/wp-json\/wp\/v2\/posts\/66506\/revisions\/66509"}],"wp:featuredmedia":[{"embeddable":true,"href":"http:\/\/www.crossprensa.com.ar\/news\/wp-json\/wp\/v2\/media\/66507"}],"wp:attachment":[{"href":"http:\/\/www.crossprensa.com.ar\/news\/wp-json\/wp\/v2\/media?parent=66506"}],"wp:term":[{"taxonomy":"category","embeddable":true,"href":"http:\/\/www.crossprensa.com.ar\/news\/wp-json\/wp\/v2\/categories?post=66506"},{"taxonomy":"post_tag","embeddable":true,"href":"http:\/\/www.crossprensa.com.ar\/news\/wp-json\/wp\/v2\/tags?post=66506"}],"curies":[{"name":"wp","href":"https:\/\/api.w.org\/{rel}","templated":true}]}}