{"id":64662,"date":"2023-06-06T16:18:08","date_gmt":"2023-06-06T19:18:08","guid":{"rendered":"https:\/\/www.crossprensa.com.ar\/news\/?p=64662"},"modified":"2023-06-06T16:34:37","modified_gmt":"2023-06-06T19:34:37","slug":"wsx-listas-cerradas-para-el-mundial-de-supercross","status":"publish","type":"post","link":"http:\/\/www.crossprensa.com.ar\/news\/wsx-listas-cerradas-para-el-mundial-de-supercross\/crossprensa\/","title":{"rendered":"WSX: LISTAS CERRADAS PARA EL MUNDIAL DE SUPERCROSS!"},"content":{"rendered":"<p>Hoy se conocieron las listas de pilotos y sus equipos ya cerradas las incorporaciones para el comienzo de temporada 2023 destacando la participaci\u00f3n de dos sudamericanos, el brasile\u00f1o Enzo Lopes en 250 y Anthony Rodr\u00edguez en 450! Todo el campeonato lo tendr\u00e1n EN VIVO por Crossprensa, como siempre!<\/p>\n<p><!--more--><\/p>\n<p>Para tener TODO EN VIVO, suscribite a Crossprensa!<\/p>\n<p><a href=\"https:\/\/wa.link\/nc8yub\"><img fetchpriority=\"high\" decoding=\"async\" class=\"alignnone wp-image-64201 size-full\" src=\"http:\/\/www.crossprensa.com.ar\/news\/wp-content\/uploads\/2023\/05\/Sin-titulo-1.jpg\" alt=\"\" width=\"1595\" height=\"175\" \/><\/a><\/p>\n<p>El Campeonato Mundial de Supercross FIM ha anunciado hoy la finalizaci\u00f3n de la lista de pilotos para la pr\u00f3xima temporada 2023.\u00a0Con los 13 puestos restantes que faltaban (ahora llenos), la expectativa por la primera carrera en Birmingham contin\u00faa creciendo.<span class=\"Apple-converted-space\">\u00a0<\/span><\/p>\n<p>El CEO de SX Global, Adam Bailey, dijo que este anuncio marca un hito importante en los esfuerzos de la organizaci\u00f3n para llevar el Supercross a los fan\u00e1ticos de todo el mundo con una distribuci\u00f3n a\u00fan mayor de talento internacional.<\/p>\n<div class=\"qragypnomz qragypnomz-post-inline qragypnomz-float-center qragypnomz-align-center qragypnomz-column-1 qragypnomz-clearfix no-bg-box-model\">\n<div id=\"qragypnomz-97885-2083653533\" class=\"qragypnomz-container qragypnomz-type-custom_code hide-ipad-portrait\" data-adid=\"97885\" data-type=\"custom_code\">\n<div id=\"ezoic-pub-ad-placeholder-108\">\n<div id=\"ad_pos_mxa-in-article\" class=\"ad_pos_mxa-in-article MXA-in-article dfp_ad_pos ezfound\" data-google-query-id=\"CI_Th-mpr_8CFdyIlQIdzMUN8Q\">\n<div id=\"google_ads_iframe_\/1395056\/MXA-in-article_0__container__\"><span style=\"font-size: 1rem;\"><em><strong>\u201cDesde el primer d\u00eda, nuestra ambici\u00f3n ha sido atraer talento de todo el mundo, y siento que la alineaci\u00f3n de este a\u00f1o hasta la fecha lo respalda\u201d,<\/strong><\/em> dijo Bailey.<\/span><\/div>\n<\/div>\n<\/div>\n<\/div>\n<\/div>\n<p><em><strong>\u201cLos equipos han hecho un trabajo fant\u00e1stico reuniendo un grupo extraordinario de pilotos de primer nivel decididos a ganar un t\u00edtulo mundial, y tenemos corredores de EE. UU., Francia, Inglaterra, Escocia, Venezuela, Alemania, Australia, Canad\u00e1 y Brasil.<\/strong><\/em><\/p>\n<p><em><strong>\u201cTenemos una mezcla de pilotos que regresan y caras nuevas, y cada uno aporta su propio estilo, personalidad y seguidores \u00fanicos que se traducir\u00e1n en carreras fant\u00e1sticas e intensas rivalidades.<\/strong><\/em><\/p>\n<p><em><strong>\u201cEstamos a solo unas semanas de Birmingham y no podr\u00edamos estar m\u00e1s emocionados de llegar a Inglaterra al comienzo de nuestra primera temporada completa.\u00a0No puedo esperar a ver c\u00f3mo se desarrolla todo cuando comiencen las carreras en Villa Park\u201d<\/strong><\/em>.<\/p>\n<p><img decoding=\"async\" class=\"alignnone size-full wp-image-64259\" src=\"http:\/\/www.crossprensa.com.ar\/news\/wp-content\/uploads\/2023\/05\/WhatsApp-Image-2023-22-072-at-18.00.36.jpeg\" alt=\"\" width=\"1283\" height=\"110\" srcset=\"https:\/\/www.crossprensa.com.ar\/news\/wp-content\/uploads\/2023\/05\/WhatsApp-Image-2023-22-072-at-18.00.36.jpeg 1283w, https:\/\/www.crossprensa.com.ar\/news\/wp-content\/uploads\/2023\/05\/WhatsApp-Image-2023-22-072-at-18.00.36-300x26.jpeg 300w, https:\/\/www.crossprensa.com.ar\/news\/wp-content\/uploads\/2023\/05\/WhatsApp-Image-2023-22-072-at-18.00.36-620x53.jpeg 620w, https:\/\/www.crossprensa.com.ar\/news\/wp-content\/uploads\/2023\/05\/WhatsApp-Image-2023-22-072-at-18.00.36-768x66.jpeg 768w, https:\/\/www.crossprensa.com.ar\/news\/wp-content\/uploads\/2023\/05\/WhatsApp-Image-2023-22-072-at-18.00.36-750x64.jpeg 750w, https:\/\/www.crossprensa.com.ar\/news\/wp-content\/uploads\/2023\/05\/WhatsApp-Image-2023-22-072-at-18.00.36-1140x98.jpeg 1140w\" sizes=\"(max-width: 1283px) 100vw, 1283px\" \/><\/p>\n<div class=\"qragypnomz qragypnomz-post-inline qragypnomz-float-center qragypnomz-align-center qragypnomz-column-1 qragypnomz-clearfix no-bg-box-model\">\n<div id=\"qragypnomz-97886-673306320\" class=\"qragypnomz-container qragypnomz-type-custom_code hide-ipad-portrait\" data-adid=\"97886\" data-type=\"custom_code\">\n<div id=\"ezoic-pub-ad-placeholder-109\"><span style=\"color: #0000ff;\"><b style=\"font-size: 1rem;\">CALENDARIO DEL CAMPEONATO WSX 2023<\/b><\/span><\/div>\n<\/div>\n<\/div>\n<h1><a href=\"https:\/\/cdn-0.motocrossactionmag.com\/wp-content\/uploads\/2022\/12\/2023-WSX-schedule-map-1.jpg\" rel=\"prettyPhoto\"><img decoding=\"async\" class=\"alignnone size-full wp-image-227646\" src=\"https:\/\/cdn-0.motocrossactionmag.com\/wp-content\/uploads\/2022\/12\/2023-WSX-schedule-map-1.jpg\" sizes=\"(max-width: 1300px) 100vw, 1300px\" srcset=\"https:\/\/cdn-0.motocrossactionmag.com\/wp-content\/uploads\/2022\/12\/2023-WSX-schedule-map-1.jpg 1300w, https:\/\/cdn-0.motocrossactionmag.com\/wp-content\/uploads\/2022\/12\/2023-WSX-schedule-map-1-300x169.jpg 300w, https:\/\/cdn-0.motocrossactionmag.com\/wp-content\/uploads\/2022\/12\/2023-WSX-schedule-map-1-750x422.jpg 750w, https:\/\/cdn-0.motocrossactionmag.com\/wp-content\/uploads\/2022\/12\/2023-WSX-schedule-map-1-768x432.jpg 768w, https:\/\/cdn-0.motocrossactionmag.com\/wp-content\/uploads\/2022\/12\/2023-WSX-schedule-map-1-600x337.jpg 600w\" alt=\"\" width=\"1300\" height=\"731\" \/><\/a><\/h1>\n<ul>\n<li><strong>GP de Gran Breta\u00f1a Villa Park, Birmingham \u2013 1 de julio<\/strong><\/li>\n<li><strong>GP de Francia Estadio Groupama Lyon-D\u00e9cines \u2013 22 de julio<\/strong><\/li>\n<li><strong>Estadio Nacional del GP de Singapur, Singapur \u2013 30 de septiembre<\/strong><\/li>\n<li><strong>GP de Alemania Merkur Spiel Arena, D\u00fcsseldorf \u2013 14 de octubre<\/strong><\/li>\n<li><strong>GP de Canad\u00e1 BC Place, Vancouver \u2013 28 de octubre<\/strong><\/li>\n<li><strong>GP de Australia Marvel Stadium, Melbourne \u2013 24 y 25 de noviembre<\/strong><\/li>\n<\/ul>\n<p><img loading=\"lazy\" decoding=\"async\" class=\"alignnone size-full wp-image-64668\" src=\"http:\/\/www.crossprensa.com.ar\/news\/wp-content\/uploads\/2023\/06\/imkages.jpeg\" alt=\"\" width=\"1118\" height=\"589\" srcset=\"https:\/\/www.crossprensa.com.ar\/news\/wp-content\/uploads\/2023\/06\/imkages.jpeg 1118w, https:\/\/www.crossprensa.com.ar\/news\/wp-content\/uploads\/2023\/06\/imkages-300x158.jpeg 300w, https:\/\/www.crossprensa.com.ar\/news\/wp-content\/uploads\/2023\/06\/imkages-620x327.jpeg 620w, https:\/\/www.crossprensa.com.ar\/news\/wp-content\/uploads\/2023\/06\/imkages-768x405.jpeg 768w, https:\/\/www.crossprensa.com.ar\/news\/wp-content\/uploads\/2023\/06\/imkages-750x395.jpeg 750w\" sizes=\"(max-width: 1118px) 100vw, 1118px\" \/><\/p>\n<p><strong>Ken Roczen vuelve para defender su t\u00edtulo y este a\u00f1o quiere conseguir el campeonato sobre la RMZ.<\/strong><\/p>\n<div class=\"qragypnomz qragypnomz-post-inline qragypnomz-float-center qragypnomz-align-center qragypnomz-column-1 qragypnomz-clearfix no-bg-box-model\">\n<div id=\"qragypnomz-97887-1360925667\" class=\"qragypnomz-container qragypnomz-type-custom_code hide-ipad-portrait\" data-adid=\"97887\" data-type=\"custom_code\">\n<div id=\"ezoic-pub-ad-placeholder-110\"><\/div>\n<\/div>\n<\/div>\n<p>El equipo Craig Dack Racing permanecer\u00e1 pr\u00e1cticamente sin cambios cuando Josh Hill regrese a la WSX 450, mientras que Aaron Tanti y Luke Clout disputar\u00e1n una segunda temporada en la SX2 250. Tanti buscar\u00e1 la redenci\u00f3n cuando comience la nueva temporada despu\u00e9s de quedarse por debajo del podio en 2022, terminando cuarto en la general.<\/p>\n<p>Completando el equipo BUD Racing est\u00e1n los franceses Anthony Bourdon y Adrien Escoffier, quienes competir\u00e1n en la SX2 250 en el Campeonato de este a\u00f1o. Los dos pilotos tuvieron temporadas s\u00f3lidas en 2022, ambos terminaron entre los 10 primeros en la WSX 450.<\/p>\n<p>Jace Owen es otra cara familiar que regresa a la arena del Campeonato Mundial de Supercross.\u00a0Se cambi\u00f3 al box del Team GSM para 2023, pero continuar\u00e1 compitiendo en la SX2 250.<\/p>\n<p><img loading=\"lazy\" decoding=\"async\" class=\"alignnone size-full wp-image-64664\" src=\"http:\/\/www.crossprensa.com.ar\/news\/wp-content\/uploads\/2023\/06\/265678_starts_alignmedia_sx23_seattle_015.jpg\" alt=\"\" width=\"2400\" height=\"1600\" srcset=\"https:\/\/www.crossprensa.com.ar\/news\/wp-content\/uploads\/2023\/06\/265678_starts_alignmedia_sx23_seattle_015.jpg 2400w, https:\/\/www.crossprensa.com.ar\/news\/wp-content\/uploads\/2023\/06\/265678_starts_alignmedia_sx23_seattle_015-300x200.jpg 300w, https:\/\/www.crossprensa.com.ar\/news\/wp-content\/uploads\/2023\/06\/265678_starts_alignmedia_sx23_seattle_015-600x400.jpg 600w, https:\/\/www.crossprensa.com.ar\/news\/wp-content\/uploads\/2023\/06\/265678_starts_alignmedia_sx23_seattle_015-768x512.jpg 768w, https:\/\/www.crossprensa.com.ar\/news\/wp-content\/uploads\/2023\/06\/265678_starts_alignmedia_sx23_seattle_015-1536x1024.jpg 1536w, https:\/\/www.crossprensa.com.ar\/news\/wp-content\/uploads\/2023\/06\/265678_starts_alignmedia_sx23_seattle_015-2048x1365.jpg 2048w, https:\/\/www.crossprensa.com.ar\/news\/wp-content\/uploads\/2023\/06\/265678_starts_alignmedia_sx23_seattle_015-750x500.jpg 750w, https:\/\/www.crossprensa.com.ar\/news\/wp-content\/uploads\/2023\/06\/265678_starts_alignmedia_sx23_seattle_015-1140x760.jpg 1140w\" sizes=\"(max-width: 2400px) 100vw, 2400px\" \/><\/p>\n<p><strong>Kevin Moranz #60 se destac\u00f3 como privado en el Campeonato AMA Supercross 2023. Est\u00e1 cambiando de su KTM 450SXF a una Honda CRF450 para WSX.\u00a0<\/strong><\/p>\n<div class=\"qragypnomz qragypnomz-post-inline qragypnomz-float-center qragypnomz-align-center qragypnomz-column-1 qragypnomz-clearfix no-bg-box-model\">\n<div id=\"qragypnomz-97885-469523401\" class=\"qragypnomz-container qragypnomz-type-custom_code hide-ipad-portrait\" data-adid=\"97885\" data-type=\"custom_code\">\n<div id=\"ezoic-pub-ad-placeholder-108\">\n<div id=\"ad_pos_mxa-in-article\" class=\"ad_pos_mxa-in-article MXA-in-article dfp_ad_pos\"><\/div>\n<\/div>\n<\/div>\n<\/div>\n<p>Tres nuevas incorporaciones en la WSX 450 son Kevin Moranz, Honda NILS, Anthony Rodriguez, MDK Motorsports SX y Grant Harlan, Craig Dack Racing.<\/p>\n<p>Los reci\u00e9n llegados al Campeonato Mundial de Supercross en la categor\u00eda SX2 250 incluyen a los j\u00f3venes Cullin Park y Hunter Yoder, quienes disfrutar\u00e1n aprendiendo de su legendario compa\u00f1ero de equipo PMG Ken Roczen, Max Miller, quien se une a MDK Motorsports, y Gage Linville, quien se unir\u00e1 a Firepower Polyflor Honda.<\/p>\n<p><img loading=\"lazy\" decoding=\"async\" class=\"alignnone size-full wp-image-64665\" src=\"http:\/\/www.crossprensa.com.ar\/news\/wp-content\/uploads\/2023\/06\/262061_yoder-privateers_alignmedia_sx23_san-diego_011.jpg\" alt=\"\" width=\"2400\" height=\"1600\" srcset=\"https:\/\/www.crossprensa.com.ar\/news\/wp-content\/uploads\/2023\/06\/262061_yoder-privateers_alignmedia_sx23_san-diego_011.jpg 2400w, https:\/\/www.crossprensa.com.ar\/news\/wp-content\/uploads\/2023\/06\/262061_yoder-privateers_alignmedia_sx23_san-diego_011-300x200.jpg 300w, https:\/\/www.crossprensa.com.ar\/news\/wp-content\/uploads\/2023\/06\/262061_yoder-privateers_alignmedia_sx23_san-diego_011-600x400.jpg 600w, https:\/\/www.crossprensa.com.ar\/news\/wp-content\/uploads\/2023\/06\/262061_yoder-privateers_alignmedia_sx23_san-diego_011-768x512.jpg 768w, https:\/\/www.crossprensa.com.ar\/news\/wp-content\/uploads\/2023\/06\/262061_yoder-privateers_alignmedia_sx23_san-diego_011-1536x1024.jpg 1536w, https:\/\/www.crossprensa.com.ar\/news\/wp-content\/uploads\/2023\/06\/262061_yoder-privateers_alignmedia_sx23_san-diego_011-2048x1365.jpg 2048w, https:\/\/www.crossprensa.com.ar\/news\/wp-content\/uploads\/2023\/06\/262061_yoder-privateers_alignmedia_sx23_san-diego_011-120x80.jpg 120w\" sizes=\"(max-width: 2400px) 100vw, 2400px\" \/><\/p>\n<p><strong>Hunter Yoder corri\u00f3 para el equipo Partzilla Kawasaki en Supercross y fue impresionante en su temporada de novato. Est\u00e1 compitiendo para Pipes Motorsports Group (HEP Suzuki) en la serie WSX a bordo de un Suzuki RM-Z250.\u00a0<\/strong><\/p>\n<p>&nbsp;<\/p>\n<h2><b>2023 WSX: PILOTOS CONFIRMADOS<\/b><\/h2>\n<table cellspacing=\"0\" cellpadding=\"0\">\n<tbody>\n<tr>\n<td colspan=\"4\" valign=\"middle\"><b>Rick Ware Racing<\/b><\/td>\n<\/tr>\n<tr>\n<td valign=\"middle\">Joey Savatgy<\/td>\n<td valign=\"middle\">WSX<\/td>\n<td valign=\"middle\">USA<\/td>\n<td valign=\"middle\">Kawasaki<\/td>\n<\/tr>\n<tr>\n<td valign=\"middle\">Colt Nichols<\/td>\n<td valign=\"middle\">WSX<\/td>\n<td valign=\"middle\">USA<\/td>\n<td valign=\"middle\">Kawasaki<\/td>\n<\/tr>\n<tr>\n<td valign=\"middle\">Shane McElrath<\/td>\n<td valign=\"middle\">SX2<\/td>\n<td valign=\"middle\">USA<\/td>\n<td valign=\"middle\">Yamaha<\/td>\n<\/tr>\n<tr>\n<td valign=\"middle\">Henry Miller<\/td>\n<td valign=\"middle\">SX2<\/td>\n<td valign=\"middle\">USA<\/td>\n<td valign=\"middle\">Yamaha<\/td>\n<\/tr>\n<tr>\n<td colspan=\"4\" valign=\"middle\"><b>Honda NILS<\/b><\/td>\n<\/tr>\n<tr>\n<td valign=\"middle\">Jordi Tixier<\/td>\n<td valign=\"middle\">WSX<\/td>\n<td valign=\"middle\">France<\/td>\n<td valign=\"middle\">Honda<\/td>\n<\/tr>\n<tr>\n<td valign=\"middle\">Kevin Moranz<\/td>\n<td valign=\"middle\">WSX<\/td>\n<td valign=\"middle\">USA<\/td>\n<td valign=\"middle\">Honda<\/td>\n<\/tr>\n<tr>\n<td valign=\"middle\">Chris Blose<\/td>\n<td valign=\"middle\">SX2<\/td>\n<td valign=\"middle\">USA<\/td>\n<td valign=\"middle\">Honda<\/td>\n<\/tr>\n<tr>\n<td valign=\"middle\">Kyle Peters<\/td>\n<td valign=\"middle\">SX2<\/td>\n<td valign=\"middle\">USA<\/td>\n<td valign=\"middle\">Honda<\/td>\n<\/tr>\n<tr>\n<td colspan=\"4\" valign=\"middle\"><b>Team GSM<\/b><\/td>\n<\/tr>\n<tr>\n<td valign=\"middle\">Gregory Aranda<\/td>\n<td valign=\"middle\">WSX<\/td>\n<td valign=\"middle\">France<\/td>\n<td valign=\"middle\">Yamaha<\/td>\n<\/tr>\n<tr>\n<td valign=\"middle\">Thomas Ramette<\/td>\n<td valign=\"middle\">WSX<\/td>\n<td valign=\"middle\">France<\/td>\n<td valign=\"middle\">Yamaha<\/td>\n<\/tr>\n<tr>\n<td valign=\"middle\">Maxime Desprey<\/td>\n<td valign=\"middle\">SX2<\/td>\n<td valign=\"middle\">France<\/td>\n<td valign=\"middle\">Yamaha<\/td>\n<\/tr>\n<tr>\n<td valign=\"middle\">Jace Owen<\/td>\n<td valign=\"middle\">SX2<\/td>\n<td valign=\"middle\">USA<\/td>\n<td valign=\"middle\">Yamaha<\/td>\n<\/tr>\n<tr>\n<td colspan=\"4\" valign=\"middle\"><b>Firepower Froth Honda<\/b><\/td>\n<\/tr>\n<tr>\n<td valign=\"middle\">Dean Wilson<\/td>\n<td valign=\"middle\">WSX<\/td>\n<td valign=\"middle\">Scotland<\/td>\n<td valign=\"middle\">Honda<\/td>\n<\/tr>\n<tr>\n<td valign=\"middle\">Justin Brayton<\/td>\n<td valign=\"middle\">WSX<\/td>\n<td valign=\"middle\">USA<\/td>\n<td valign=\"middle\">Honda<\/td>\n<\/tr>\n<tr>\n<td colspan=\"4\" valign=\"middle\"><b>Firepower Polyflor Honda<\/b><\/td>\n<\/tr>\n<tr>\n<td valign=\"middle\">Max Anstie<\/td>\n<td valign=\"middle\">SX2<\/td>\n<td valign=\"middle\">England<\/td>\n<td valign=\"middle\">Honda<\/td>\n<\/tr>\n<tr>\n<td valign=\"middle\">Gage Linville<\/td>\n<td valign=\"middle\">SX2<\/td>\n<td valign=\"middle\">USA<\/td>\n<td valign=\"middle\">Honda<\/td>\n<\/tr>\n<tr>\n<td colspan=\"4\" valign=\"middle\"><b>MDK Motorsports SX<\/b><\/td>\n<\/tr>\n<tr>\n<td valign=\"middle\">Cade Clason<\/td>\n<td valign=\"middle\">WSX<\/td>\n<td valign=\"middle\">USA<\/td>\n<td valign=\"middle\">KTM<\/td>\n<\/tr>\n<tr>\n<td valign=\"middle\"><span style=\"color: #ff0000;\"><strong>Anthony Rodriguez<\/strong><\/span><\/td>\n<td valign=\"middle\"><span style=\"color: #ff0000;\"><strong>WSX<\/strong><\/span><\/td>\n<td valign=\"middle\"><span style=\"color: #ff0000;\"><strong>Venezuela<\/strong><\/span><\/td>\n<td valign=\"middle\"><span style=\"color: #ff0000;\"><strong>KTM<\/strong><\/span><\/td>\n<\/tr>\n<tr>\n<td valign=\"middle\">Justin Bogle<\/td>\n<td valign=\"middle\">SX2<\/td>\n<td valign=\"middle\">USA<\/td>\n<td valign=\"middle\">KTM<\/td>\n<\/tr>\n<tr>\n<td valign=\"middle\">Max Miller<\/td>\n<td valign=\"middle\">SX2<\/td>\n<td valign=\"middle\">USA<\/td>\n<td valign=\"middle\">KTM<\/td>\n<\/tr>\n<tr>\n<td colspan=\"4\" valign=\"middle\"><b>MotoConcepts<\/b><\/td>\n<\/tr>\n<tr>\n<td valign=\"middle\">Cole Seely<\/td>\n<td valign=\"middle\">WSX<\/td>\n<td valign=\"middle\">USA<\/td>\n<td valign=\"middle\">Honda<\/td>\n<\/tr>\n<tr>\n<td valign=\"middle\">Vince Friese<\/td>\n<td valign=\"middle\">WSX<\/td>\n<td valign=\"middle\">USA<\/td>\n<td valign=\"middle\">Honda<\/td>\n<\/tr>\n<tr>\n<td valign=\"middle\">Michael Alessi<\/td>\n<td valign=\"middle\">SX2<\/td>\n<td valign=\"middle\">USA<\/td>\n<td valign=\"middle\">Honda<\/td>\n<\/tr>\n<tr>\n<td valign=\"middle\">Mitchell Oldenburg<\/td>\n<td valign=\"middle\">SX2<\/td>\n<td valign=\"middle\">USA<\/td>\n<td valign=\"middle\">Honda<\/td>\n<\/tr>\n<tr>\n<td valign=\"middle\"><b>PMG<\/b><\/td>\n<td valign=\"middle\"><\/td>\n<td colspan=\"2\" valign=\"middle\"><\/td>\n<\/tr>\n<tr>\n<td valign=\"middle\">Ken Roczen<\/td>\n<td valign=\"middle\">WSX<\/td>\n<td valign=\"middle\">German<\/td>\n<td valign=\"middle\">Suzuki<\/td>\n<\/tr>\n<tr>\n<td valign=\"middle\">Kyle Chisholm<\/td>\n<td valign=\"middle\">WSX<\/td>\n<td valign=\"middle\">USA<\/td>\n<td valign=\"middle\">Suzuki<\/td>\n<\/tr>\n<tr>\n<td valign=\"middle\">Cullin Park<\/td>\n<td valign=\"middle\">SX2<\/td>\n<td valign=\"middle\">USA<\/td>\n<td valign=\"middle\">Suzuki<\/td>\n<\/tr>\n<tr>\n<td valign=\"middle\">Hunter Yoder<\/td>\n<td valign=\"middle\">SX2<\/td>\n<td valign=\"middle\">USA<\/td>\n<td valign=\"middle\">Suzuki<\/td>\n<\/tr>\n<tr>\n<td valign=\"middle\"><b>BUD Racing<\/b><\/td>\n<td valign=\"middle\"><\/td>\n<td colspan=\"2\" valign=\"middle\"><\/td>\n<\/tr>\n<tr>\n<td valign=\"middle\">Justin Hill<\/td>\n<td valign=\"middle\">WSX<\/td>\n<td valign=\"middle\">USA<\/td>\n<td valign=\"middle\">Kawasaki<\/td>\n<\/tr>\n<tr>\n<td valign=\"middle\">C\u00e9dric Soubeyras<\/td>\n<td valign=\"middle\">WSX<\/td>\n<td valign=\"middle\">France<\/td>\n<td valign=\"middle\">Kawasaki<\/td>\n<\/tr>\n<tr>\n<td valign=\"middle\">Anthony Bourdon<\/td>\n<td valign=\"middle\">SX2<\/td>\n<td valign=\"middle\">France<\/td>\n<td valign=\"middle\">Kawasaki<\/td>\n<\/tr>\n<tr>\n<td valign=\"middle\">Adrien Escoffier<\/td>\n<td valign=\"middle\">SX2<\/td>\n<td valign=\"middle\">France<\/td>\n<td valign=\"middle\">Kawasaki<\/td>\n<\/tr>\n<tr>\n<td valign=\"middle\"><b>Club MX FXR<\/b><\/td>\n<td valign=\"middle\"><\/td>\n<td colspan=\"2\" valign=\"middle\"><\/td>\n<\/tr>\n<tr>\n<td valign=\"middle\">Matt Moss<\/td>\n<td valign=\"middle\">WSX<\/td>\n<td valign=\"middle\">Australia<\/td>\n<td valign=\"middle\">Yamaha<\/td>\n<\/tr>\n<tr>\n<td valign=\"middle\">Luke Neese<\/td>\n<td valign=\"middle\">WSX<\/td>\n<td valign=\"middle\">USA<\/td>\n<td valign=\"middle\">Yamaha<\/td>\n<\/tr>\n<tr>\n<td valign=\"middle\"><span style=\"color: #ff0000;\"><strong>Enzo Lopes<\/strong><\/span><\/td>\n<td valign=\"middle\"><span style=\"color: #ff0000;\"><strong>SX2<\/strong><\/span><\/td>\n<td valign=\"middle\"><span style=\"color: #ff0000;\"><strong>Brazil<\/strong><\/span><\/td>\n<td valign=\"middle\"><span style=\"color: #ff0000;\"><strong>Yamaha<\/strong><\/span><\/td>\n<\/tr>\n<tr>\n<td valign=\"middle\">Cole Thompson<\/td>\n<td valign=\"middle\">SX2<\/td>\n<td valign=\"middle\">Canada<\/td>\n<td valign=\"middle\">Yamaha<\/td>\n<\/tr>\n<tr>\n<td valign=\"middle\"><b>Craig Dack Racing<\/b><\/td>\n<td valign=\"middle\"><\/td>\n<td colspan=\"2\" valign=\"middle\"><\/td>\n<\/tr>\n<tr>\n<td valign=\"middle\">Grant Harlan<\/td>\n<td valign=\"middle\">WSX<\/td>\n<td valign=\"middle\">USA<\/td>\n<td valign=\"middle\">Yamaha<\/td>\n<\/tr>\n<tr>\n<td valign=\"middle\">Josh Hill<\/td>\n<td valign=\"middle\">WSX<\/td>\n<td valign=\"middle\">USA<\/td>\n<td valign=\"middle\">Yamaha<\/td>\n<\/tr>\n<tr>\n<td valign=\"middle\">Aaron Tanti<\/td>\n<td valign=\"middle\">SX2<\/td>\n<td valign=\"middle\">Australia<\/td>\n<td valign=\"middle\">Yamaha<\/td>\n<\/tr>\n<tr>\n<td valign=\"middle\">Luke Clout<\/td>\n<td valign=\"middle\">SX2<\/td>\n<td valign=\"middle\">Australia<\/td>\n<td valign=\"middle\">Yamaha<\/td>\n<\/tr>\n<\/tbody>\n<\/table>\n","protected":false},"excerpt":{"rendered":"<p>Hoy se conocieron las listas de pilotos y sus equipos ya cerradas las incorporaciones para&#8230;<\/p>\n","protected":false},"author":2,"featured_media":0,"comment_status":"open","ping_status":"open","sticky":false,"template":"","format":"standard","meta":{"om_disable_all_campaigns":false,"_monsterinsights_skip_tracking":false,"_monsterinsights_sitenote_active":false,"_monsterinsights_sitenote_note":"","_monsterinsights_sitenote_category":0,"_uf_show_specific_survey":0,"_uf_disable_surveys":false,"footnotes":""},"categories":[37,117],"tags":[],"class_list":["post-64662","post","type-post","status-publish","format-standard","hentry","category-crossprensa","category-sx-mundial"],"aioseo_notices":[],"_links":{"self":[{"href":"http:\/\/www.crossprensa.com.ar\/news\/wp-json\/wp\/v2\/posts\/64662","targetHints":{"allow":["GET"]}}],"collection":[{"href":"http:\/\/www.crossprensa.com.ar\/news\/wp-json\/wp\/v2\/posts"}],"about":[{"href":"http:\/\/www.crossprensa.com.ar\/news\/wp-json\/wp\/v2\/types\/post"}],"author":[{"embeddable":true,"href":"http:\/\/www.crossprensa.com.ar\/news\/wp-json\/wp\/v2\/users\/2"}],"replies":[{"embeddable":true,"href":"http:\/\/www.crossprensa.com.ar\/news\/wp-json\/wp\/v2\/comments?post=64662"}],"version-history":[{"count":4,"href":"http:\/\/www.crossprensa.com.ar\/news\/wp-json\/wp\/v2\/posts\/64662\/revisions"}],"predecessor-version":[{"id":64672,"href":"http:\/\/www.crossprensa.com.ar\/news\/wp-json\/wp\/v2\/posts\/64662\/revisions\/64672"}],"wp:attachment":[{"href":"http:\/\/www.crossprensa.com.ar\/news\/wp-json\/wp\/v2\/media?parent=64662"}],"wp:term":[{"taxonomy":"category","embeddable":true,"href":"http:\/\/www.crossprensa.com.ar\/news\/wp-json\/wp\/v2\/categories?post=64662"},{"taxonomy":"post_tag","embeddable":true,"href":"http:\/\/www.crossprensa.com.ar\/news\/wp-json\/wp\/v2\/tags?post=64662"}],"curies":[{"name":"wp","href":"https:\/\/api.w.org\/{rel}","templated":true}]}}