{"id":63598,"date":"2023-03-29T20:13:57","date_gmt":"2023-03-29T23:13:57","guid":{"rendered":"https:\/\/www.crossprensa.com.ar\/news\/?p=63598"},"modified":"2023-03-29T20:13:57","modified_gmt":"2023-03-29T23:13:57","slug":"daniela-guillen-primera-espanola-en-dominar-el-mundial-y-con-gasgas","status":"publish","type":"post","link":"http:\/\/www.crossprensa.com.ar\/news\/daniela-guillen-primera-espanola-en-dominar-el-mundial-y-con-gasgas\/crossprensa\/","title":{"rendered":"DANIELA GUILL\u00c9N &#8211; PRIMERA ESPA\u00d1OLA EN DOMINAR EL MUNDIAL, Y CON GASGAS!"},"content":{"rendered":"<p><span>La primera carrera del campeonato MXW tuvo lugar el 26 de marzo en Cerde\u00f1a, en la m\u00edtica pista de motocross &#8220;Le Dune&#8221; de Riola Sardo.\u00a0<\/span><span>El clima templado y las condiciones de la pista de arena, caracterizada por profundos surcos que la hacen particularmente t\u00e9cnica, crearon un escenario perfecto para que el equipo Lastlap GAS GAS y su piloto prodigio, Daniela Guill\u00e9n, obtuvieran los resultados deseados.<\/span><\/p>\n<p><!--more--><\/p>\n<p><a href=\"https:\/\/www.instagram.com\/gasgas.argentina\/\"><img fetchpriority=\"high\" decoding=\"async\" class=\"alignnone wp-image-63503 size-full\" src=\"http:\/\/www.crossprensa.com.ar\/news\/wp-content\/uploads\/2023\/03\/WhatsApp-Image-2023-22-072-at-18.00.29.jpeg\" alt=\"\" width=\"1283\" height=\"109\" \/><\/a><\/p>\n<p><span>Durante el fin de semana, la piloto espa\u00f1ola se dio a conocer primero con un s\u00f3lido segundo puesto en las etapas clasificatorias, para despu\u00e9s afrontar una excepcional primera manga que, tras una salida extraordinaria, le vali\u00f3 la segunda posici\u00f3n por delante de la tricampeona del mundo Courtney Duncan, que no pod\u00eda superarla. Tambi\u00e9n en la segunda manga, la espa\u00f1ola fue protagonista de una salida que le permiti\u00f3 recuperar posiciones en pocas vueltas, superando de nuevo a Duncan y a la vigente campeona Nancy Van de Ven (Team Ceres 71 Yamaha), alcanzando as\u00ed la primera posici\u00f3n, feroz. defendi\u00f3 hasta el final su puesto, y la punta de la clasificaci\u00f3n general.\u00a0<\/span><\/p>\n<p><img decoding=\"async\" class=\"alignnone size-full wp-image-63599\" src=\"http:\/\/www.crossprensa.com.ar\/news\/wp-content\/uploads\/2023\/03\/IMG-20201002-W9A0117-2020_11_12-14_28_35-UTC.jpg\" alt=\"\" width=\"905\" height=\"527\" srcset=\"https:\/\/www.crossprensa.com.ar\/news\/wp-content\/uploads\/2023\/03\/IMG-20201002-W9A0117-2020_11_12-14_28_35-UTC.jpg 905w, https:\/\/www.crossprensa.com.ar\/news\/wp-content\/uploads\/2023\/03\/IMG-20201002-W9A0117-2020_11_12-14_28_35-UTC-300x175.jpg 300w, https:\/\/www.crossprensa.com.ar\/news\/wp-content\/uploads\/2023\/03\/IMG-20201002-W9A0117-2020_11_12-14_28_35-UTC-620x361.jpg 620w, https:\/\/www.crossprensa.com.ar\/news\/wp-content\/uploads\/2023\/03\/IMG-20201002-W9A0117-2020_11_12-14_28_35-UTC-768x447.jpg 768w, https:\/\/www.crossprensa.com.ar\/news\/wp-content\/uploads\/2023\/03\/IMG-20201002-W9A0117-2020_11_12-14_28_35-UTC-750x437.jpg 750w\" sizes=\"(max-width: 905px) 100vw, 905px\" \/><\/p>\n<p><span>Charli Cannon, la piloto australiana del equipo Yamaha JK Racing, tuvo un fin de semana bastante tranquilo, deteni\u00e9ndose en la s\u00e9ptima y octava posici\u00f3n en las dos carreras y s\u00e9ptima en la clasificaci\u00f3n general por delante de Kiara Fontanesi, quien reanud\u00f3 la carrera este a\u00f1o despu\u00e9s de la parada de la temporada pasada. debido al embarazo y al nacimiento de su beb\u00e9.\u00a0De vuelta en la moto, la italiana no se dej\u00f3 intimidar por sus rivales, conquistando la octava posici\u00f3n y entrando as\u00ed en el Top Ten.<\/span><\/p>\n<p><span>La actual campeona del mundo, la holandesa Nancy Van de Ven, fue v\u00edctima de una ca\u00edda en la carrera del s\u00e1bado que, aunque no fue grave, la oblig\u00f3 a retirarse.\u00a0Sin embargo, no se dej\u00f3 desmoralizar y termin\u00f3 la carrera del domingo en segundo lugar.<\/span><\/p>\n<p><span>La pr\u00f3xima carrera tendr\u00e1 lugar en Suiza el 10 de abril.<\/span><\/p>\n","protected":false},"excerpt":{"rendered":"<p>La primera carrera del campeonato MXW tuvo lugar el 26 de marzo en Cerde\u00f1a, en&#8230;<\/p>\n","protected":false},"author":2,"featured_media":63600,"comment_status":"open","ping_status":"open","sticky":false,"template":"","format":"standard","meta":{"om_disable_all_campaigns":false,"_monsterinsights_skip_tracking":false,"_monsterinsights_sitenote_active":false,"_monsterinsights_sitenote_note":"","_monsterinsights_sitenote_category":0,"_uf_show_specific_survey":0,"_uf_disable_surveys":false,"footnotes":""},"categories":[37,132],"tags":[],"class_list":["post-63598","post","type-post","status-publish","format-standard","has-post-thumbnail","hentry","category-crossprensa","category-mundial-femenino-wmx"],"aioseo_notices":[],"_links":{"self":[{"href":"http:\/\/www.crossprensa.com.ar\/news\/wp-json\/wp\/v2\/posts\/63598","targetHints":{"allow":["GET"]}}],"collection":[{"href":"http:\/\/www.crossprensa.com.ar\/news\/wp-json\/wp\/v2\/posts"}],"about":[{"href":"http:\/\/www.crossprensa.com.ar\/news\/wp-json\/wp\/v2\/types\/post"}],"author":[{"embeddable":true,"href":"http:\/\/www.crossprensa.com.ar\/news\/wp-json\/wp\/v2\/users\/2"}],"replies":[{"embeddable":true,"href":"http:\/\/www.crossprensa.com.ar\/news\/wp-json\/wp\/v2\/comments?post=63598"}],"version-history":[{"count":1,"href":"http:\/\/www.crossprensa.com.ar\/news\/wp-json\/wp\/v2\/posts\/63598\/revisions"}],"predecessor-version":[{"id":63601,"href":"http:\/\/www.crossprensa.com.ar\/news\/wp-json\/wp\/v2\/posts\/63598\/revisions\/63601"}],"wp:featuredmedia":[{"embeddable":true,"href":"http:\/\/www.crossprensa.com.ar\/news\/wp-json\/wp\/v2\/media\/63600"}],"wp:attachment":[{"href":"http:\/\/www.crossprensa.com.ar\/news\/wp-json\/wp\/v2\/media?parent=63598"}],"wp:term":[{"taxonomy":"category","embeddable":true,"href":"http:\/\/www.crossprensa.com.ar\/news\/wp-json\/wp\/v2\/categories?post=63598"},{"taxonomy":"post_tag","embeddable":true,"href":"http:\/\/www.crossprensa.com.ar\/news\/wp-json\/wp\/v2\/tags?post=63598"}],"curies":[{"name":"wp","href":"https:\/\/api.w.org\/{rel}","templated":true}]}}