{"id":62675,"date":"2023-02-02T19:21:19","date_gmt":"2023-02-02T22:21:19","guid":{"rendered":"https:\/\/www.crossprensa.com.ar\/news\/?p=62675"},"modified":"2023-02-02T19:21:19","modified_gmt":"2023-02-02T22:21:19","slug":"ama-sx-stewart-lesionado-y-operado","status":"publish","type":"post","link":"http:\/\/www.crossprensa.com.ar\/news\/ama-sx-stewart-lesionado-y-operado\/ama-supercross\/","title":{"rendered":"AMA SX: STEWART LESIONADO Y OPERADO!"},"content":{"rendered":"<p>El piloto de Rockstar Energy Husqvarna Factory Racing, Malcolm Stewart, est\u00e1 programado para someterse a una cirug\u00eda de rodilla luego de su reciente accidente entrenando, lo que confirma que lamentablemente estar\u00e1 fuera de carrera por un per\u00edodo prolongado.<\/p>\n<p><!--more--><\/p>\n<p><span>Despu\u00e9s de conseguir el mejor tercer lugar de su carrera en la clasificaci\u00f3n de 450SX del a\u00f1o pasado, el piloto de 30 a\u00f1os fue excepcional en las dos primeras carreras del Campeonato AMA Supercross 2023 equipado con el FC 450 Rockstar Edition, liderando varias vueltas en Anaheim 1 y en San Diego. antes de lesionarse.<\/span><\/p>\n<p><span>Aunque los golpes efectivamente negaron a Stewart sumar buenos resultados finales en el Evento Principal 450SX en ambas fechas, su actuaci\u00f3n en la clasificaci\u00f3n m\u00e1s r\u00e1pida y en la victoria del Heat en el Snapdragon Stadium de San Diego marc\u00f3 una de sus actuaciones m\u00e1s espectaculares hasta la fecha.<\/span><\/p>\n<p><span><em><strong>Nathan Ramsey, director del equipo Rockstar Energy Husqvarna Factory Racing:<\/strong><\/em> \u201cFue muy duro recibir la noticia de que Malcolm tendr\u00e1 que someterse a una cirug\u00eda de rodilla.\u00a0Ha trabajado muy duro para estar en posici\u00f3n de ganar carreras este a\u00f1o y realmente creo que estaba listo.\u00a0El programa Rockstar Energy Husqvarna Factory Racing lo apoyar\u00e1 en todo lo que podamos durante su recuperaci\u00f3n y estamos ansiosos por volver a ponerlo sobre la moto y volver a las carreras\u201d.<\/span><\/p>\n<p><span>A\u00fan no se ha determinado cu\u00e1ndo Stewart estar\u00e1 en condiciones de volver a la acci\u00f3n luego de su recuperaci\u00f3n.\u00a0Mientras tanto, los esfuerzos 450SX de Rockstar Energy Husqvarna Factory Racing se centrar\u00e1n en 2023 firmando a Christian Craig en lo que es su primera temporada completa compitiendo en la clase principal.<\/span><\/p>\n<p><span>Texto e imagen: Husqvarna Racing &#8211; USA<\/span><\/p>\n","protected":false},"excerpt":{"rendered":"<p>El piloto de Rockstar Energy Husqvarna Factory Racing, Malcolm Stewart, est\u00e1 programado para someterse a&#8230;<\/p>\n","protected":false},"author":2,"featured_media":62676,"comment_status":"open","ping_status":"open","sticky":false,"template":"","format":"standard","meta":{"om_disable_all_campaigns":false,"_monsterinsights_skip_tracking":false,"_monsterinsights_sitenote_active":false,"_monsterinsights_sitenote_note":"","_monsterinsights_sitenote_category":0,"_uf_show_specific_survey":0,"_uf_disable_surveys":false,"footnotes":""},"categories":[30,37],"tags":[],"class_list":["post-62675","post","type-post","status-publish","format-standard","has-post-thumbnail","hentry","category-ama-supercross","category-crossprensa"],"aioseo_notices":[],"_links":{"self":[{"href":"http:\/\/www.crossprensa.com.ar\/news\/wp-json\/wp\/v2\/posts\/62675","targetHints":{"allow":["GET"]}}],"collection":[{"href":"http:\/\/www.crossprensa.com.ar\/news\/wp-json\/wp\/v2\/posts"}],"about":[{"href":"http:\/\/www.crossprensa.com.ar\/news\/wp-json\/wp\/v2\/types\/post"}],"author":[{"embeddable":true,"href":"http:\/\/www.crossprensa.com.ar\/news\/wp-json\/wp\/v2\/users\/2"}],"replies":[{"embeddable":true,"href":"http:\/\/www.crossprensa.com.ar\/news\/wp-json\/wp\/v2\/comments?post=62675"}],"version-history":[{"count":1,"href":"http:\/\/www.crossprensa.com.ar\/news\/wp-json\/wp\/v2\/posts\/62675\/revisions"}],"predecessor-version":[{"id":62677,"href":"http:\/\/www.crossprensa.com.ar\/news\/wp-json\/wp\/v2\/posts\/62675\/revisions\/62677"}],"wp:featuredmedia":[{"embeddable":true,"href":"http:\/\/www.crossprensa.com.ar\/news\/wp-json\/wp\/v2\/media\/62676"}],"wp:attachment":[{"href":"http:\/\/www.crossprensa.com.ar\/news\/wp-json\/wp\/v2\/media?parent=62675"}],"wp:term":[{"taxonomy":"category","embeddable":true,"href":"http:\/\/www.crossprensa.com.ar\/news\/wp-json\/wp\/v2\/categories?post=62675"},{"taxonomy":"post_tag","embeddable":true,"href":"http:\/\/www.crossprensa.com.ar\/news\/wp-json\/wp\/v2\/tags?post=62675"}],"curies":[{"name":"wp","href":"https:\/\/api.w.org\/{rel}","templated":true}]}}