{"id":62665,"date":"2023-02-02T08:45:55","date_gmt":"2023-02-02T11:45:55","guid":{"rendered":"https:\/\/www.crossprensa.com.ar\/news\/?p=62665"},"modified":"2023-02-02T08:45:55","modified_gmt":"2023-02-02T11:45:55","slug":"ama-sx-se-conocio-el-circuito-de-daytona","status":"publish","type":"post","link":"http:\/\/www.crossprensa.com.ar\/news\/ama-sx-se-conocio-el-circuito-de-daytona\/ama-supercross\/","title":{"rendered":"AMA SX: SE CONOCI\u00d3 EL CIRCUITO DE DAYTONA!"},"content":{"rendered":"<p>Todas las pistas del AMA SX, se dan a conocer antes del inicio de temporada pero este a\u00f1o no aparec\u00eda el dise\u00f1o de Daytona que como en cada a\u00f1o es realizado por Ricky Carmichael. Ahora, la 8va. fecha del a\u00f1o que ser\u00e1 el 4 de Marzo, devel\u00f3 un trazado largo y muy, muy t\u00e9cnico! Aqu\u00ed el video de presentaci\u00f3n.<\/p>\n<p><!--more--><\/p>\n<p>&nbsp;<\/p>\n<p><iframe title=\"Daytona Supercross Track Map 2023\" width=\"640\" height=\"360\" src=\"https:\/\/www.youtube.com\/embed\/Skrvrl5bi_E?start=6&#038;feature=oembed\" frameborder=\"0\" allow=\"accelerometer; autoplay; clipboard-write; encrypted-media; gyroscope; picture-in-picture; web-share\" referrerpolicy=\"strict-origin-when-cross-origin\" allowfullscreen><\/iframe><\/p>\n","protected":false},"excerpt":{"rendered":"<p>Todas las pistas del AMA SX, se dan a conocer antes del inicio de temporada&#8230;<\/p>\n","protected":false},"author":2,"featured_media":62666,"comment_status":"open","ping_status":"open","sticky":false,"template":"","format":"standard","meta":{"om_disable_all_campaigns":false,"_monsterinsights_skip_tracking":false,"_monsterinsights_sitenote_active":false,"_monsterinsights_sitenote_note":"","_monsterinsights_sitenote_category":0,"_uf_show_specific_survey":0,"_uf_disable_surveys":false,"footnotes":""},"categories":[30,37],"tags":[],"class_list":["post-62665","post","type-post","status-publish","format-standard","has-post-thumbnail","hentry","category-ama-supercross","category-crossprensa"],"aioseo_notices":[],"_links":{"self":[{"href":"http:\/\/www.crossprensa.com.ar\/news\/wp-json\/wp\/v2\/posts\/62665","targetHints":{"allow":["GET"]}}],"collection":[{"href":"http:\/\/www.crossprensa.com.ar\/news\/wp-json\/wp\/v2\/posts"}],"about":[{"href":"http:\/\/www.crossprensa.com.ar\/news\/wp-json\/wp\/v2\/types\/post"}],"author":[{"embeddable":true,"href":"http:\/\/www.crossprensa.com.ar\/news\/wp-json\/wp\/v2\/users\/2"}],"replies":[{"embeddable":true,"href":"http:\/\/www.crossprensa.com.ar\/news\/wp-json\/wp\/v2\/comments?post=62665"}],"version-history":[{"count":1,"href":"http:\/\/www.crossprensa.com.ar\/news\/wp-json\/wp\/v2\/posts\/62665\/revisions"}],"predecessor-version":[{"id":62667,"href":"http:\/\/www.crossprensa.com.ar\/news\/wp-json\/wp\/v2\/posts\/62665\/revisions\/62667"}],"wp:featuredmedia":[{"embeddable":true,"href":"http:\/\/www.crossprensa.com.ar\/news\/wp-json\/wp\/v2\/media\/62666"}],"wp:attachment":[{"href":"http:\/\/www.crossprensa.com.ar\/news\/wp-json\/wp\/v2\/media?parent=62665"}],"wp:term":[{"taxonomy":"category","embeddable":true,"href":"http:\/\/www.crossprensa.com.ar\/news\/wp-json\/wp\/v2\/categories?post=62665"},{"taxonomy":"post_tag","embeddable":true,"href":"http:\/\/www.crossprensa.com.ar\/news\/wp-json\/wp\/v2\/tags?post=62665"}],"curies":[{"name":"wp","href":"https:\/\/api.w.org\/{rel}","templated":true}]}}