{"id":61617,"date":"2022-11-28T13:11:43","date_gmt":"2022-11-28T16:11:43","guid":{"rendered":"http:\/\/www.crossprensa.com.ar\/news\/?p=61617"},"modified":"2022-11-28T13:23:16","modified_gmt":"2022-11-28T16:23:16","slug":"61617","status":"publish","type":"post","link":"http:\/\/www.crossprensa.com.ar\/news\/61617\/mxgp\/","title":{"rendered":"VUELVE HERLING! Y como vuelve? Te lo cuenta el piloto en la nota."},"content":{"rendered":"<p><strong>Circulan muchos rumores en torno a The Bullet Jeffrey Herlings, que ha decidido de mutuo acuerdo con el Team calmarse al 100% y no dejar nada al azar. Habl\u00f3 en una detallada entrevista donde cuenta sobre las lesiones y de su futuro, dice que lleva m\u00e1s de un mes de vuelta en la moto y est\u00e1 haciendo pruebas pero sobre todo horas encima de la moto, con un excelente v\u00eddeo a continuaci\u00f3n.<\/strong><\/p>\n<p><!--more--><\/p>\n<p><strong>Despu\u00e9s del video encontrar\u00e1s la entrevista exclusiva realizada por MxLarge (Muchas gracias), la versi\u00f3n original en el enlace!\u00a0<\/strong><\/p>\n<div style=\"width: 480px;\" class=\"wp-video\"><!--[if lt IE 9]><script>document.createElement('video');<\/script><![endif]-->\n<video class=\"wp-video-shortcode\" id=\"video-61617-1\" width=\"480\" height=\"854\" preload=\"metadata\" controls=\"controls\"><source type=\"video\/mp4\" src=\"http:\/\/www.crossprensa.com.ar\/news\/wp-content\/uploads\/2022\/11\/315544714_143110911862148_4769135705929802404_n.mp4?_=1\" \/><a href=\"http:\/\/www.crossprensa.com.ar\/news\/wp-content\/uploads\/2022\/11\/315544714_143110911862148_4769135705929802404_n.mp4\">http:\/\/www.crossprensa.com.ar\/news\/wp-content\/uploads\/2022\/11\/315544714_143110911862148_4769135705929802404_n.mp4<\/a><\/video><\/div>\n<p>\u201cThe Bullet\u201d tuvo la amabilidad de darnos 10 minutos para hablar de sus lesiones y tambi\u00e9n de sus planes para los pr\u00f3ximos a\u00f1os.\u00a0Lo que probablemente veremos es que har\u00e1 dos o tres a\u00f1os en MXGP y luego terminar\u00e1 su carrera compitiendo en Estados Unidos.\u00a0Tambi\u00e9n hablamos sobre World Supercross y el campeonato AMA Supermotocross al final de la temporada.<\/p>\n<h3><a href=\"https:\/\/www.mxlarge.com\/news\/jeffrey-herlings-interview-26\" target=\"_blank\" rel=\"noopener\"><strong>https:\/\/www.mxlarge.com\/noticias\/jeffrey-herlings-interview-26<\/strong><\/a><\/h3>\n<p><strong>MXLarge:<\/strong>\u00a0\u00bfC\u00f3mo te va con tus lesiones y has logrado mejorar algunas de tus viejas lesiones?<\/p>\n<p><strong>Herlings:<\/strong>\u00a0Bueno, he estado de vuelta en la moto por un tiempo ahora.\u00a0Podr\u00eda haber hecho las \u00faltimas carreras en septiembre, pero no ten\u00eda ganas de hacerlas, me perd\u00ed una temporada entera y solo volv\u00ed para una o dos carreras,\u00a0<strong>no ten\u00eda sentido hacerlo.<\/strong>.\u00a0Dej\u00e9 que la herida sanara adecuadamente, o lo mejor que pudo.\u00a0Tuve m\u00faltiples cirug\u00edas, a pesar de que fue un descanso, tuvieron que poner una placa y la primera cirug\u00eda en B\u00e9lgica sali\u00f3 mal y por eso tuvieron que hacer dos cirug\u00edas m\u00e1s despu\u00e9s, para obtener el mejor resultado posible.\u00a0El hueso se hab\u00eda curado, pero no estaba en el lugar correcto.\u00a0Tuvieron que raspar algunos huesos aqu\u00ed y all\u00e1 para que el dolor desapareciera.\u00a0Ahora, cuando entreno, todav\u00eda lo siento, pero no es tan malo.\u00a0Al mismo tiempo, me operaron de nuevo el pie derecho, el que me romp\u00ed hace cuatro a\u00f1os, as\u00ed que ese lado ha mejorado mucho, ese lado est\u00e1 muy bien ahora, mientras que el tal\u00f3n izquierdo todav\u00eda me duele un poco cuando estoy en la moto.\u00a0No es realmente dolor, dolor, pero puedo sentirlo.<\/p>\n<p><strong>Entonces, \u00bfc\u00f3mo va el manejo ahora?<\/strong><\/p>\n<p><strong>Herlings:<\/strong>\u00a0S\u00ed, estamos entrenando mucho, porque tenemos muchas cosas que probar.\u00a0Obviamente en 2022 KTM sac\u00f3 una moto nueva y no le dediqu\u00e9 mucho tiempo debido a la lesi\u00f3n que ten\u00eda.\u00a0Entonces, ten\u00edamos muchas cosas para probar, pero estoy mucho tiempo sobre la moto en este momento.<\/p>\n<p><strong>Pero estando fuera tanto tiempo, \u00bfpudiste desvincularte del deporte y llevar una vida normal?<\/strong><\/p>\n<p><strong>Herlings:<\/strong>\u00a0No vi todas las carreras de MXGP, pero segu\u00ed todas las carreras de AMA.\u00a0He seguido la mayor\u00eda de las carreras de MXGP, pero\u00a0<strong>la temporada de este a\u00f1o ha sido bastante aburrida<\/strong>\u00a0, con Tim dominando.\u00a0No quiero ser grosero, pero fue terrible de ver.<\/p>\n<p><strong>S\u00ed, en comparaci\u00f3n con 2021 fue bastante aburrido.<\/strong><\/p>\n<p><strong>Herlings:<\/strong>\u00a0Gajser ten\u00eda una gran ventaja, Febvre estaba fuera, yo estaba fuera, Tony se retir\u00f3, Desalle y Paulin tambi\u00e9n se fueron.\u00a0Fue realmente un espect\u00e1culo de un solo hombre.\u00a0MX2 fue emocionante y vi mucho de esa pelea entre Tom y Jago.\u00a0Hice mucho ciclismo en el verano.\u00a0Fue extra\u00f1o encender la televisi\u00f3n y ver las carreras y sent\u00ed que pod\u00eda correr con esos muchachos y <strong>pude<\/strong> correr con esos muchachos.\u00a0Por otro lado, cada vez que ten\u00eda una lesi\u00f3n, no me tomaba mi tiempo, simplemente regresaba e intentaba regresar lo m\u00e1s r\u00e1pido posible.\u00a0Volv\u00ed, no en forma, volv\u00ed a largar y fue una carrera en el tiempo que me nubl\u00f3 el cerebro.\u00a0He tenido tantas lesiones, solo quiero darle tiempo a mi cuerpo para sanar, arreglar mi otro pie,<strong>as\u00ed que espero poder hacer algunos a\u00f1os m\u00e1s de carreras<\/strong>\u00a0.\u00a0He estado en la industria por un tiempo ahora, pero cumpl\u00ed 28 hace un par de meses, as\u00ed que todav\u00eda me quedan algunos a\u00f1os geniales.\u00a0Dijiste que Stefan tuvo sus mejores a\u00f1os despu\u00e9s de los 28, as\u00ed que eso dice algo.<\/p>\n<p><strong>Stefan tuvo sus a\u00f1os m\u00e1s exitosos despu\u00e9s de dos a\u00f1os de lesiones graves y todos lo hab\u00edan descartado.\u00a0No creo que la gente te est\u00e9 descartando, pero han pasado m\u00e1s de 12 meses sin que te vi\u00e9semos correr, por lo que puede haber algunos signos de interrogaci\u00f3n.\u00a0Siempre est\u00e1s motivado y en 2021 demostraste que probablemente eres el tipo m\u00e1s r\u00e1pido.\u00a0El hecho de que Stefan volviera como lo hizo despu\u00e9s de dos a\u00f1os de lesiones tambi\u00e9n te motiva un poco, tal vez cinco t\u00edtulos m\u00e1s posibles, \u00bfo es demasiado optimista?<\/strong><\/p>\n<p><strong>Herlings:<\/strong>\u00a0Cinco es muy optimista\u2026.\u00a0Era muy diferente en la \u00e9poca de Stefan de lo que es ahora.\u00a0A veces solo ten\u00edan una manga al d\u00eda, incluso solo 12 carreras, mientras que nosotros tenemos 20, tambi\u00e9n estamos mucho m\u00e1s en el extranjero, adem\u00e1s ten\u00edan tres categor\u00edas entonces, y ahora tenemos dos, pero solo una es realmente la clase prioritaria.\u00a0<strong>No me veo ganando cinco campeonatos m\u00e1s<\/strong>\u00a0.\u00a0Mi objetivo es volver en 2023 y tratar de ser inteligente.\u00a0Quiero intentar hacer lo mismo que en 2021, estar presente en todas las carreras y ser constante.\u00a0Hemos visto que este a\u00f1o con Tim, siendo constante incluso en algunas carreras dif\u00edciles, ha ganado el campeonato por muchos puntos.\u00a0<strong>Espero tener un poco m\u00e1s de a\u00f1os de carrera.<\/strong>El a\u00f1o que viene es mi \u00faltimo a\u00f1o con KTM, as\u00ed que necesito buenos resultados si quiero una extensi\u00f3n de contrato nuevamente.<\/p>\n<p><strong>Como dijiste, AMA motocross estuvo muy cerca de Tomac y Sexton y realmente mostraron lo r\u00e1pido que eran en el MXoN.\u00a0Puedo imaginar por qu\u00e9 pensaste en hacer ese campeonato, debe haber sido dif\u00edcil de ver a veces, porque las carreras eran realmente buenas.\u00a0\u00bfAlguna vez te has visto peleando con esos tipos mientras te sentabas y mirabas?<\/strong><\/p>\n<p><strong>Herlings:<\/strong>\u00a0S\u00ed, lo hice.\u00a0Simplemente no lo logr\u00e9.\u00a0Me volv\u00ed a subir a la moto la segunda semana de mayo, pero\u00a0<strong>dos semanas de preparaci\u00f3n no hubieran sido suficientes<\/strong>\u00a0.\u00a0En ese momento ya me hab\u00eda perdido ocho carreras de MXGP y luego decid\u00ed arreglarme el otro pie, porque sab\u00eda que la temporada hab\u00eda terminado de todos modos.\u00a0Mi objetivo final ser\u00eda hacer algunas temporadas m\u00e1s aqu\u00ed en Europa y luego terminar mi carrera <strong>compitiendo durante un a\u00f1o en Estados Unidos<\/strong>.\u00a0Me gustar\u00eda terminar mi carrera con un a\u00f1o al aire libre (Pro Motocross).\u00a0Es un campeonato corta, o solo de un d\u00eda, soy muy fan de ello.\u00a0Es una pena que Eli (Tomac) probablemente haya terminado de competir para entonces, pero al mismo tiempo habr\u00e1 algunos muchachos nuevos en el camino.<\/p>\n<p><strong>\u00bfQu\u00e9 tal competir con Jett Lawrence en un 450?<\/strong><\/p>\n<p><strong>Herlings:<\/strong>\u00a0S\u00ed, Lawrence y yo, que es 10 a\u00f1os menor que yo, pero qui\u00e9n sabe.\u00a0Ser\u00eda bueno hacer una serie al aire libre, pero primero tengo que concentrarme en hacer el campeonato MXGP 2023.<\/p>\n<p><strong>Este asunto del supercross mundial, es algo para los pilotos mayores en este momento, pero est\u00e1s tan desesperado por competir y tal vez llegue un momento en el que quieras continuar, pero tienes poco m\u00e1s de 30 a\u00f1os y te est\u00e1s quedando sin carrera.\u00a0\u00bfConsiderar\u00edas hacer ese campeonato mundial de supercross en el futuro?<\/strong><\/p>\n<p><strong>Herlings:<\/strong>\u00a0Creo que las pistas fueron bastante f\u00e1ciles, las pistas brit\u00e1nica y australiana no parec\u00edan tan complicadas.\u00a0No fueron tan dif\u00edciles como las carreras de Par\u00eds o la AMA, as\u00ed que qui\u00e9n sabe.\u00a0No hab\u00eda muchos buenos pilotos, pero\u00a0<strong>sent\u00ed que el dinero del premio era bastante bueno<\/strong>\u00a0.\u00a0Quiero decir, Kenny lo hizo y Eli hizo lo primero, pero aparte de esos dos, no hab\u00eda muchos buenos pilotos de Estados Unidos.\u00a0Me sorprendi\u00f3, pero se ve\u00eda bien.\u00a0Hay tantos campeonatos ahora, con MXGP, World supercross, AMA supercross, AMA motocross y\u00a0<strong>escucho tantos rumores sobre m\u00e1s campeonatos por venir.<\/strong>.\u00a0Para m\u00ed, deber\u00eda haber Grand Prix en Europa y Am\u00e9rica, solo AMA supercross y Nationals.\u00a0Si eres un corredor estadounidense y quieres hacer todos esos campeonatos, b\u00e1sicamente corres todo el a\u00f1o.<\/p>\n<p><strong>\u00bfQu\u00e9 tal ese Campeonato Mundial de Supermotocross que se lleva a cabo en Estados Unidos, tres fechas en octubre, es algo que quieres hacer como piloto comod\u00edn?<\/strong><\/p>\n<p><strong>Herlings:<\/strong>\u00a0Es dif\u00edcil saberlo y depende de la pista.\u00a0Quiero decir, soy un tipo de motocross y para correr en los whoops, incluso veo a algunos de los principales pilotos estadounidenses luchando en los whoops y entren\u00e1ndolos todo el tiempo, todos los d\u00edas durante ocho meses al a\u00f1o.\u00a0Si se parece en algo a la alemana, era solo una pista de motocross con muchos saltos y sin secciones dif\u00edciles.\u00a0Tambi\u00e9n depende de lo que ofrezca el campeonato y si KTM quiere que lo haga y tambi\u00e9n depende de d\u00f3nde corro.<\/p>\n<p><strong>\u00daltima pregunta, s\u00e9 que queda algo de tiempo, pero \u00bfconoces tus planes de pretemporada previos a la temporada de GP de 2023, tal vez Lierop International o Hawkstone Park, que parece que haces todos los a\u00f1os?<\/strong><\/p>\n<p><strong>Herlings:<\/strong>\u00a0Har\u00e9 Hawkstone Park, que es un trato hecho.\u00a0Estoy considerando Lierop;\u00a0ser\u00e1 la semana anterior a Argentina y todo lo dem\u00e1s depender\u00e1 quiz\u00e1s de algunas carreras espa\u00f1olas\u00a0<strong>o carreras italianas.\u00a0<\/strong>Se enfrentar\u00e1n a Hawkstone y Lierop.\u00a0<strong>Definitivamente har\u00e9 cuatro carreras antes de que comience la temporada<\/strong>\u00a0, porque no tengo tiempo en esta nueva moto y quiero comenzar la temporada sinti\u00e9ndome bien.<\/p>\n<p>TRADUCCI\u00d3N Y ADAPTACI\u00d3N: NESTOR GUTI\u00c9RREZ \/ CROSSPRENSA<\/p>\n","protected":false},"excerpt":{"rendered":"<p>Circulan muchos rumores en torno a The Bullet Jeffrey Herlings, que ha decidido de mutuo&#8230;<\/p>\n","protected":false},"author":2,"featured_media":61623,"comment_status":"open","ping_status":"open","sticky":false,"template":"","format":"standard","meta":{"om_disable_all_campaigns":false,"_monsterinsights_skip_tracking":false,"_monsterinsights_sitenote_active":false,"_monsterinsights_sitenote_note":"","_monsterinsights_sitenote_category":0,"_uf_show_specific_survey":0,"_uf_disable_surveys":false,"footnotes":""},"categories":[25,37,24],"tags":[],"class_list":["post-61617","post","type-post","status-publish","format-standard","has-post-thumbnail","hentry","category-ama-motocross","category-crossprensa","category-mxgp"],"aioseo_notices":[],"_links":{"self":[{"href":"http:\/\/www.crossprensa.com.ar\/news\/wp-json\/wp\/v2\/posts\/61617","targetHints":{"allow":["GET"]}}],"collection":[{"href":"http:\/\/www.crossprensa.com.ar\/news\/wp-json\/wp\/v2\/posts"}],"about":[{"href":"http:\/\/www.crossprensa.com.ar\/news\/wp-json\/wp\/v2\/types\/post"}],"author":[{"embeddable":true,"href":"http:\/\/www.crossprensa.com.ar\/news\/wp-json\/wp\/v2\/users\/2"}],"replies":[{"embeddable":true,"href":"http:\/\/www.crossprensa.com.ar\/news\/wp-json\/wp\/v2\/comments?post=61617"}],"version-history":[{"count":3,"href":"http:\/\/www.crossprensa.com.ar\/news\/wp-json\/wp\/v2\/posts\/61617\/revisions"}],"predecessor-version":[{"id":61622,"href":"http:\/\/www.crossprensa.com.ar\/news\/wp-json\/wp\/v2\/posts\/61617\/revisions\/61622"}],"wp:featuredmedia":[{"embeddable":true,"href":"http:\/\/www.crossprensa.com.ar\/news\/wp-json\/wp\/v2\/media\/61623"}],"wp:attachment":[{"href":"http:\/\/www.crossprensa.com.ar\/news\/wp-json\/wp\/v2\/media?parent=61617"}],"wp:term":[{"taxonomy":"category","embeddable":true,"href":"http:\/\/www.crossprensa.com.ar\/news\/wp-json\/wp\/v2\/categories?post=61617"},{"taxonomy":"post_tag","embeddable":true,"href":"http:\/\/www.crossprensa.com.ar\/news\/wp-json\/wp\/v2\/tags?post=61617"}],"curies":[{"name":"wp","href":"https:\/\/api.w.org\/{rel}","templated":true}]}}