{"id":61581,"date":"2022-11-25T17:47:51","date_gmt":"2022-11-25T20:47:51","guid":{"rendered":"http:\/\/www.crossprensa.com.ar\/news\/?p=61581"},"modified":"2022-11-25T17:47:51","modified_gmt":"2022-11-25T20:47:51","slug":"herlings-vuelve-a-correr","status":"publish","type":"post","link":"http:\/\/www.crossprensa.com.ar\/news\/herlings-vuelve-a-correr\/mxgp\/","title":{"rendered":"HERLINGS VUELVE A CORRER!"},"content":{"rendered":"<p>Jeffrey Herlings es un gran fan\u00e1tico del famoso circuito de Hawkstone Park y una vez m\u00e1s espera competir en la carrera en 2023. Jeffrey ha tenido una temporada 2022 realmente dif\u00edcil y se lesion\u00f3 gravemente antes del comienzo del a\u00f1o deportivo. Al margen durante todo MXGP, se lo extra\u00f1\u00f3 mucho y estamos muy felices de hacer este anuncio.<\/p>\n<p><!--more--><\/p>\n<p><strong><span>Jeffrey Herlings<\/span><\/strong><span>\u00a0: \u201cEstoy muy emocionado de volver a competir en Hawkstone Park, es una de mis pistas favoritas en el mundo y estoy emocionado de luchar por la victoria nuevamente y no puedo esperar para conocer y ver a todos los brit\u00e1nicos fan\u00e1ticos despu\u00e9s de haber estado fuera de las carreras durante un a\u00f1o y estoy emocionado de medirme para saber d\u00f3nde estamos despu\u00e9s de tanto tiempo&#8221;.<\/span><\/p>\n<p><strong><span>Gary Ford \u2013 Director del circuito \u2013<\/span><\/strong><span>\u00a0\u201cTras la decepci\u00f3n por la grave lesi\u00f3n que tuvo Jeffrey antes del comienzo de la temporada 2022, es una gran noticia que lo hayamos inscrito para competir el 26 de febrero como parte de su regreso.\u00a0Estoy seguro de que volver\u00e1 a su mejor nivel en poco tiempo y le deseamos mucho \u00e9xito en 2023. Jeffrey disfruta venir a nuestro circuito y ser\u00e1 una excelente preparaci\u00f3n para la pr\u00f3xima temporada de GP que comienza dos semanas despu\u00e9s de nuestra carrera en <strong>Argentina<\/strong>.\u00a0Siempre es amable con los fan\u00e1ticos y habr\u00e1 muchas oportunidades para aut\u00f3grafos y fotos&#8221;.<\/span><\/p>\n<p>&nbsp;<\/p>\n","protected":false},"excerpt":{"rendered":"<p>Jeffrey Herlings es un gran fan\u00e1tico del famoso circuito de Hawkstone Park y una vez&#8230;<\/p>\n","protected":false},"author":2,"featured_media":35330,"comment_status":"open","ping_status":"open","sticky":false,"template":"","format":"standard","meta":{"om_disable_all_campaigns":false,"_monsterinsights_skip_tracking":false,"_monsterinsights_sitenote_active":false,"_monsterinsights_sitenote_note":"","_monsterinsights_sitenote_category":0,"_uf_show_specific_survey":0,"_uf_disable_surveys":false,"footnotes":""},"categories":[37,24],"tags":[],"class_list":["post-61581","post","type-post","status-publish","format-standard","has-post-thumbnail","hentry","category-crossprensa","category-mxgp"],"aioseo_notices":[],"_links":{"self":[{"href":"http:\/\/www.crossprensa.com.ar\/news\/wp-json\/wp\/v2\/posts\/61581","targetHints":{"allow":["GET"]}}],"collection":[{"href":"http:\/\/www.crossprensa.com.ar\/news\/wp-json\/wp\/v2\/posts"}],"about":[{"href":"http:\/\/www.crossprensa.com.ar\/news\/wp-json\/wp\/v2\/types\/post"}],"author":[{"embeddable":true,"href":"http:\/\/www.crossprensa.com.ar\/news\/wp-json\/wp\/v2\/users\/2"}],"replies":[{"embeddable":true,"href":"http:\/\/www.crossprensa.com.ar\/news\/wp-json\/wp\/v2\/comments?post=61581"}],"version-history":[{"count":1,"href":"http:\/\/www.crossprensa.com.ar\/news\/wp-json\/wp\/v2\/posts\/61581\/revisions"}],"predecessor-version":[{"id":61582,"href":"http:\/\/www.crossprensa.com.ar\/news\/wp-json\/wp\/v2\/posts\/61581\/revisions\/61582"}],"wp:featuredmedia":[{"embeddable":true,"href":"http:\/\/www.crossprensa.com.ar\/news\/wp-json\/wp\/v2\/media\/35330"}],"wp:attachment":[{"href":"http:\/\/www.crossprensa.com.ar\/news\/wp-json\/wp\/v2\/media?parent=61581"}],"wp:term":[{"taxonomy":"category","embeddable":true,"href":"http:\/\/www.crossprensa.com.ar\/news\/wp-json\/wp\/v2\/categories?post=61581"},{"taxonomy":"post_tag","embeddable":true,"href":"http:\/\/www.crossprensa.com.ar\/news\/wp-json\/wp\/v2\/tags?post=61581"}],"curies":[{"name":"wp","href":"https:\/\/api.w.org\/{rel}","templated":true}]}}