{"id":61185,"date":"2022-10-26T09:41:49","date_gmt":"2022-10-26T12:41:49","guid":{"rendered":"http:\/\/www.crossprensa.com.ar\/news\/?p=61185"},"modified":"2022-10-26T09:41:49","modified_gmt":"2022-10-26T12:41:49","slug":"roczen-al-sx-de-paris","status":"publish","type":"post","link":"http:\/\/www.crossprensa.com.ar\/news\/roczen-al-sx-de-paris\/crossprensa\/","title":{"rendered":"ROCZEN AL SX DE PAR\u00cdS!"},"content":{"rendered":"<p><span>Es una historia larga pero hermosa.\u00a0<\/span><span>Ken Roczen no ten\u00eda 12 a\u00f1os cuando los organizadores del Paris-Bercy SX (entonces) invitaron a este joven prodigio alem\u00e1n para la carrera de 80cc (dominada por un tal Max ANSTIE)&#8230;\u00a0<\/span><\/p>\n<p><!--more--><\/p>\n<p><span>Al a\u00f1o siguiente, listo, se rompe el brazo unos d\u00edas antes de la fecha especial!\u00a0Esperado de nuevo en 2013, cuando acababa de conquistar su primer t\u00edtulo en Am\u00e9rica con la SX250, a Kenny se le impidi\u00f3 llegar a su equipo&#8230; Pero esta vez, casi diez a\u00f1os despu\u00e9s, los planetas se han alineado y el Supercross de Par\u00eds llegar\u00e1 por fin. Presentan a la superestrella &#8220;K-Roc&#8221; a sus fan\u00e1ticos!<\/span><\/p>\n<p><span>Por incre\u00edble que parezca, Kenny nunca ha corrido un Supercross en Europa continental y, por lo tanto su llegada a Par\u00eds es un evento significativo!\u00a0Presente en Cardiff hace unas semanas (para conquistar el t\u00edtulo mundial de Supercross, ganado en Melbourne el fin de semana pasado), le hizo cosquillas al &#8220;monstruo Tomac&#8221; al golpearle la Superpole en la cara con su habitual velocidad, dejando el arma secreta bajo la manga de un cu\u00e1druple salto que ni el gran ET3 se hab\u00eda atrevido a intentar\u2026<\/span><\/p>\n<p><strong>Roczen, la clase absoluta.<\/strong><\/p>\n<p><span>Autor como siempre de largadas sensacionales, Roczen calent\u00f3 la carrera y si finalmente no logra vencer al campe\u00f3n serial de 2022 (t\u00edtulos SX luego MX luego MXDN), tiene la intenci\u00f3n de vengarse y evitar que &#8220;ET3&#8221; complete este legendario Grand Slam, con una corona de rey de Par\u00eds!\u00a0Pase lo que pase, encontrar dos de estos monstruos sagrados en la pista del Arena Paris-La D\u00e9fense, acompa\u00f1ados por el formidable d\u00fao Red Bull KTM -el doble campe\u00f3n SX Cooper WEBB y el actual rey de Par\u00eds, Marvin Musquin- es un sue\u00f1o para cualquier aficionado al Supercross y este sue\u00f1o se har\u00e1 realidad con motivo de esta 39\u00aa edici\u00f3n del gran cl\u00e1sico parisino&#8230;<\/span><\/p>\n<p><strong><span>&#8220;Ni\u00f1o prodigio&#8221;<\/span><\/strong><\/p>\n<p><span>Ganador de un Gran Premio mundial m\u00e1s joven de la historia (\u00a115 a\u00f1os y 1 mes!) y Campe\u00f3n del Mundo de Motocross m\u00e1s joven (\u00a117 a\u00f1os y 4 meses!) de todos los tiempos, el &#8220;maravilloso&#8221; alem\u00e1n emigr\u00f3 a Am\u00e9rica a la edad de 19 a\u00f1os (no sin haberle ofrecido a Alemania su \u00fanica victoria en las Naciones, en 2012) en estrecho contacto con las estrellas americanas y una disciplina a la que su excepcional fluidez y t\u00e9cnica de conducci\u00f3n le han predestinado: Supercross!\u00a0El \u00e9xito no se hizo esperar, ganando el t\u00edtulo de SX250 &#8220;West&#8221; en 2013 y subiendo al podio en la &#8220;categor\u00eda reina&#8221; al a\u00f1o siguiente (no sin llevarse el t\u00edtulo de MX)&#8230;<\/span><\/p>\n<p><strong><span>Un regreso hist\u00f3rico<\/span><\/strong><\/p>\n<p><span>Nuevo campe\u00f3n de MX (y subcampe\u00f3n de SX) en 2016, ha visto cambiar su destino a trav\u00e9s de dos lesiones muy graves en 2017 y luego en 2018. Agregando una fuerza de car\u00e1cter incre\u00edble a sus excepcionales cualidades como piloto, despu\u00e9s de quince operaciones y amenazas de muerte, amputaci\u00f3n de un brazo, el piloto de Honda Red Bull hace la remontada m\u00e1s incre\u00edble en Motocross (y probablemente en todos los deportes) al volver a los podios y volver a ganar primero en MX, luego en SX (3ra final 2020, subcampe\u00f3n 2021).\u00a0Con 3 t\u00edtulos estadounidenses, 20 victorias en SX y otras tantas en MX, Ken Roczen es uno de los gigantes de la \u00faltima d\u00e9cada del cross estadounidense.<\/span><\/p>\n<p><strong><span>\u00a1Batalla de jefes en Par\u00eds!<\/span><\/strong><\/p>\n<p><strong><span>Roczen vs.\u00a0Tomac vs.\u00a0Musquin vs.\u00a0\u00a1 Webb<\/span><\/strong><span>\u00a0, es una gran pelea de jefes del deporte y una oposici\u00f3n total de estilos al mismo tiempo!\u00a0La clase, la explosi\u00f3n de velocidad y fluidez total de KR94, la fuerza bruta y la eficiencia implacable de ET3, la t\u00e9cnica magistral de MM25 y la agresividad de bulldog de CW2.\u00a0Ser\u00e1 en\u00a0<\/span><strong><span>Par\u00eds los d\u00edas 12 y 13 de noviembre<\/span><\/strong><span>\u00a0.\u00a0Si quieren ver TODO en vivo, ya saben donde lo van a tener&#8230;<\/span><\/p>\n<p>O se lo van a perder? SX DE PARIS, EN VIVO! por Crossprensa.<\/p>\n","protected":false},"excerpt":{"rendered":"<p>Es una historia larga pero hermosa.\u00a0Ken Roczen no ten\u00eda 12 a\u00f1os cuando los organizadores del&#8230;<\/p>\n","protected":false},"author":2,"featured_media":61186,"comment_status":"open","ping_status":"open","sticky":false,"template":"","format":"standard","meta":{"om_disable_all_campaigns":false,"_monsterinsights_skip_tracking":false,"_monsterinsights_sitenote_active":false,"_monsterinsights_sitenote_note":"","_monsterinsights_sitenote_category":0,"_uf_show_specific_survey":0,"_uf_disable_surveys":false,"footnotes":""},"categories":[37,114],"tags":[],"class_list":["post-61185","post","type-post","status-publish","format-standard","has-post-thumbnail","hentry","category-crossprensa","category-sx-paris"],"aioseo_notices":[],"_links":{"self":[{"href":"http:\/\/www.crossprensa.com.ar\/news\/wp-json\/wp\/v2\/posts\/61185","targetHints":{"allow":["GET"]}}],"collection":[{"href":"http:\/\/www.crossprensa.com.ar\/news\/wp-json\/wp\/v2\/posts"}],"about":[{"href":"http:\/\/www.crossprensa.com.ar\/news\/wp-json\/wp\/v2\/types\/post"}],"author":[{"embeddable":true,"href":"http:\/\/www.crossprensa.com.ar\/news\/wp-json\/wp\/v2\/users\/2"}],"replies":[{"embeddable":true,"href":"http:\/\/www.crossprensa.com.ar\/news\/wp-json\/wp\/v2\/comments?post=61185"}],"version-history":[{"count":1,"href":"http:\/\/www.crossprensa.com.ar\/news\/wp-json\/wp\/v2\/posts\/61185\/revisions"}],"predecessor-version":[{"id":61187,"href":"http:\/\/www.crossprensa.com.ar\/news\/wp-json\/wp\/v2\/posts\/61185\/revisions\/61187"}],"wp:featuredmedia":[{"embeddable":true,"href":"http:\/\/www.crossprensa.com.ar\/news\/wp-json\/wp\/v2\/media\/61186"}],"wp:attachment":[{"href":"http:\/\/www.crossprensa.com.ar\/news\/wp-json\/wp\/v2\/media?parent=61185"}],"wp:term":[{"taxonomy":"category","embeddable":true,"href":"http:\/\/www.crossprensa.com.ar\/news\/wp-json\/wp\/v2\/categories?post=61185"},{"taxonomy":"post_tag","embeddable":true,"href":"http:\/\/www.crossprensa.com.ar\/news\/wp-json\/wp\/v2\/tags?post=61185"}],"curies":[{"name":"wp","href":"https:\/\/api.w.org\/{rel}","templated":true}]}}