{"id":60998,"date":"2022-10-12T11:27:06","date_gmt":"2022-10-12T14:27:06","guid":{"rendered":"http:\/\/www.crossprensa.com.ar\/news\/?p=60998"},"modified":"2022-10-12T11:27:06","modified_gmt":"2022-10-12T14:27:06","slug":"vialle-ya-gira-en-usa","status":"publish","type":"post","link":"http:\/\/www.crossprensa.com.ar\/news\/vialle-ya-gira-en-usa\/ama-supercross\/","title":{"rendered":"VIALL\u00c9 YA GIRA EN USA!"},"content":{"rendered":"<p>Fox Raceway por la ma\u00f1ana, Tom Vialle, de RedBull KTM Factory Racing, estaba amaestrando su nuevo 250 SX-F. Priimeros videos clips del franc\u00e9s en el trabajo antes de comenzar la temporada que se avecina en Enero. \u00a1Dale al play y disfruta de este primer contacto de Vialle en los Estados Unidos!<\/p>\n<p><!--more--><\/p>\n<p><iframe title=\"Stateside | Tom Vialle&#039;s First Laps - RAW\" width=\"640\" height=\"360\" src=\"https:\/\/www.youtube.com\/embed\/mOy7cUcARUc?feature=oembed\" frameborder=\"0\" allow=\"accelerometer; autoplay; clipboard-write; encrypted-media; gyroscope; picture-in-picture; web-share\" referrerpolicy=\"strict-origin-when-cross-origin\" allowfullscreen><\/iframe><\/p>\n","protected":false},"excerpt":{"rendered":"<p>Fox Raceway por la ma\u00f1ana, Tom Vialle, de RedBull KTM Factory Racing, estaba amaestrando su&#8230;<\/p>\n","protected":false},"author":2,"featured_media":0,"comment_status":"open","ping_status":"open","sticky":false,"template":"","format":"standard","meta":{"om_disable_all_campaigns":false,"_monsterinsights_skip_tracking":false,"_monsterinsights_sitenote_active":false,"_monsterinsights_sitenote_note":"","_monsterinsights_sitenote_category":0,"_uf_show_specific_survey":0,"_uf_disable_surveys":false,"footnotes":""},"categories":[30,37],"tags":[],"class_list":["post-60998","post","type-post","status-publish","format-standard","hentry","category-ama-supercross","category-crossprensa"],"aioseo_notices":[],"_links":{"self":[{"href":"http:\/\/www.crossprensa.com.ar\/news\/wp-json\/wp\/v2\/posts\/60998","targetHints":{"allow":["GET"]}}],"collection":[{"href":"http:\/\/www.crossprensa.com.ar\/news\/wp-json\/wp\/v2\/posts"}],"about":[{"href":"http:\/\/www.crossprensa.com.ar\/news\/wp-json\/wp\/v2\/types\/post"}],"author":[{"embeddable":true,"href":"http:\/\/www.crossprensa.com.ar\/news\/wp-json\/wp\/v2\/users\/2"}],"replies":[{"embeddable":true,"href":"http:\/\/www.crossprensa.com.ar\/news\/wp-json\/wp\/v2\/comments?post=60998"}],"version-history":[{"count":2,"href":"http:\/\/www.crossprensa.com.ar\/news\/wp-json\/wp\/v2\/posts\/60998\/revisions"}],"predecessor-version":[{"id":61001,"href":"http:\/\/www.crossprensa.com.ar\/news\/wp-json\/wp\/v2\/posts\/60998\/revisions\/61001"}],"wp:attachment":[{"href":"http:\/\/www.crossprensa.com.ar\/news\/wp-json\/wp\/v2\/media?parent=60998"}],"wp:term":[{"taxonomy":"category","embeddable":true,"href":"http:\/\/www.crossprensa.com.ar\/news\/wp-json\/wp\/v2\/categories?post=60998"},{"taxonomy":"post_tag","embeddable":true,"href":"http:\/\/www.crossprensa.com.ar\/news\/wp-json\/wp\/v2\/tags?post=60998"}],"curies":[{"name":"wp","href":"https:\/\/api.w.org\/{rel}","templated":true}]}}