{"id":60889,"date":"2022-10-05T10:14:39","date_gmt":"2022-10-05T13:14:39","guid":{"rendered":"http:\/\/www.crossprensa.com.ar\/news\/?p=60889"},"modified":"2022-10-05T10:23:36","modified_gmt":"2022-10-05T13:23:36","slug":"supercross-mundial-como-verlo-en-vivo","status":"publish","type":"post","link":"http:\/\/www.crossprensa.com.ar\/news\/supercross-mundial-como-verlo-en-vivo\/crossprensa\/","title":{"rendered":"SUPERCROSS MUNDIAL, como verlo en vivo!"},"content":{"rendered":"<p>Falta muy poco para que este nuevo espect\u00e1culo se presente en Inglaterra, y Cardiff sea quien reciba por primera vez al Campeonato Mundial de Supercross. Aqu\u00ed les contamos como podr\u00e1n ver todo en directo!<\/p>\n<p><!--more--><\/p>\n<p>El Campeonato Mundial de Supercross de la FIM ha anunciado acuerdos de transmisi\u00f3n con BT Sport, DAZN y Viaplay, para transmitir el campeonato en el Reino Unido, Irlanda y en toda Europa, comenzando con la pr\u00f3xima carrera inaugural del a\u00f1o en el Principality Stadium de Cardiff este fin de semana.<\/p>\n<p>En el Reino Unido e Irlanda, BT Sport transmitir\u00e1 tres horas del Campeonato WSX en vivo, mientras que muchos fan\u00e1ticos europeos pueden ver toda la acci\u00f3n en DAZN, que ser\u00e1 el hogar del Campeonato Mundial de Supercross en la mayor\u00eda de las naciones europeas. Viaplay llevar\u00e1 cobertura WSX en vivo a trav\u00e9s de sus pa\u00edses n\u00f3rdicos y varios otros territorios europeos. En total, m\u00e1s de 50 redes en todo el mundo, impulsadas a trav\u00e9s de 150 pa\u00edses, transmitir\u00e1n contenido de WSX.<\/p>\n<p>40 de los mejores pilotos de supercross del mundo se alinear\u00e1n en el formato \u00fanico de WSX en dos divisiones: WSX (450 cc) y SX2 (250 cc), incluidos cuatro campeones mundiales: el australiano Chad Reed, el alem\u00e1n Ken Roczen, el estadounidense Eli Tomac y el franc\u00e9s Jordi Tixier. A ellos se unir\u00e1n dos comodines por categor\u00eda que intentar\u00e1n demostrar de qu\u00e9 est\u00e1n hechos contra los mejores del mundo.<\/p>\n<p><a href=\"https:\/\/wa.link\/p5sd55\"><img fetchpriority=\"high\" decoding=\"async\" class=\"alignnone wp-image-60527 size-full\" src=\"http:\/\/www.crossprensa.com.ar\/news\/wp-content\/uploads\/2022\/09\/Sin-t\u00edtulo-1.jpg\" alt=\"\" width=\"1595\" height=\"175\" \/><\/a><\/p>\n<p>La primera carrera ser\u00e1 el Gran Premio de Gran Breta\u00f1a en el Principality Stadium de Cardiff, Gales, el s\u00e1bado 8 de octubre. La temporada piloto de 2022 luego se traslada a Australia para el Gran Premio de Australia, donde se coronar\u00e1 a los campeones del mundo. Ambas noches se transmitir\u00e1n en vivo en el Reino Unido e Irlanda en BT Sport. En 2023, el Campeonato WSX se expandir\u00e1 por todo el mundo y se llevar\u00e1 a cabo en la segunda mitad del a\u00f1o.<\/p>\n<p>Por primera vez, se transmitir\u00e1n las comunicaciones de radio de los equipos detr\u00e1s de escena; habr\u00e1 m\u00faltiples c\u00e1maras a bordo en vivo en m\u00faltiples equipos en ambas categor\u00edas; C\u00e1maras extremas en s\u00faper c\u00e1mara lenta junto con personalidad detallada, estilo de vida e historias t\u00e9cnicas tras bambalinas.<\/p>\n<p>Ryan Sanderson, director general comercial de SX Global, el titular de los derechos comerciales y organizacionales de WSX, dijo que la plataforma de transmisi\u00f3n elevar\u00e1 el deporte a niveles nunca antes vistos y coment\u00f3: \u201cEste es un gran d\u00eda para los fan\u00e1ticos del supercross en todo el mundo. A trav\u00e9s de nuestras innovaciones de transmisi\u00f3n, los fan\u00e1ticos viajar\u00e1n con las superestrellas del deporte como nunca antes. Nuestro equipo brindar\u00e1 a los fan\u00e1ticos una forma completamente nueva de ver supercross.<\/p>\n<p>\u201cEl Campeonato Mundial de Supercross de la FIM brinda m\u00e1s oportunidades para que las marcas interact\u00faen con los fan\u00e1ticos a trav\u00e9s de nuestra plataforma de transmisi\u00f3n internacional, y en el estadio, como resultado de las innovaciones que traeremos al espect\u00e1culo en vivo del estadio y las pantallas de televisi\u00f3n en todo el mundo. \u201d<\/p>\n<p>Al frente del equipo de transmisi\u00f3n estar\u00e1 el legendario comentarista estadounidense Ralph Sheheen, a quien se unir\u00e1 el campe\u00f3n mundial de 1997, Jeff Emig, y la locutora nominada al premio Emmy, Kristen Beat, como reportera en la pista.<\/p>\n","protected":false},"excerpt":{"rendered":"<p>Falta muy poco para que este nuevo espect\u00e1culo se presente en Inglaterra, y Cardiff sea&#8230;<\/p>\n","protected":false},"author":2,"featured_media":0,"comment_status":"open","ping_status":"open","sticky":false,"template":"","format":"standard","meta":{"om_disable_all_campaigns":false,"_monsterinsights_skip_tracking":false,"_monsterinsights_sitenote_active":false,"_monsterinsights_sitenote_note":"","_monsterinsights_sitenote_category":0,"_uf_show_specific_survey":0,"_uf_disable_surveys":false,"footnotes":""},"categories":[37,117],"tags":[],"class_list":["post-60889","post","type-post","status-publish","format-standard","hentry","category-crossprensa","category-sx-mundial"],"aioseo_notices":[],"_links":{"self":[{"href":"http:\/\/www.crossprensa.com.ar\/news\/wp-json\/wp\/v2\/posts\/60889","targetHints":{"allow":["GET"]}}],"collection":[{"href":"http:\/\/www.crossprensa.com.ar\/news\/wp-json\/wp\/v2\/posts"}],"about":[{"href":"http:\/\/www.crossprensa.com.ar\/news\/wp-json\/wp\/v2\/types\/post"}],"author":[{"embeddable":true,"href":"http:\/\/www.crossprensa.com.ar\/news\/wp-json\/wp\/v2\/users\/2"}],"replies":[{"embeddable":true,"href":"http:\/\/www.crossprensa.com.ar\/news\/wp-json\/wp\/v2\/comments?post=60889"}],"version-history":[{"count":3,"href":"http:\/\/www.crossprensa.com.ar\/news\/wp-json\/wp\/v2\/posts\/60889\/revisions"}],"predecessor-version":[{"id":60894,"href":"http:\/\/www.crossprensa.com.ar\/news\/wp-json\/wp\/v2\/posts\/60889\/revisions\/60894"}],"wp:attachment":[{"href":"http:\/\/www.crossprensa.com.ar\/news\/wp-json\/wp\/v2\/media?parent=60889"}],"wp:term":[{"taxonomy":"category","embeddable":true,"href":"http:\/\/www.crossprensa.com.ar\/news\/wp-json\/wp\/v2\/categories?post=60889"},{"taxonomy":"post_tag","embeddable":true,"href":"http:\/\/www.crossprensa.com.ar\/news\/wp-json\/wp\/v2\/tags?post=60889"}],"curies":[{"name":"wp","href":"https:\/\/api.w.org\/{rel}","templated":true}]}}