{"id":60136,"date":"2022-08-13T11:49:41","date_gmt":"2022-08-13T14:49:41","guid":{"rendered":"http:\/\/www.crossprensa.com.ar\/news\/?p=60136"},"modified":"2022-08-13T11:49:41","modified_gmt":"2022-08-13T14:49:41","slug":"mxgp-finlandia-clasificaciones-en-hyvinkaa","status":"publish","type":"post","link":"http:\/\/www.crossprensa.com.ar\/news\/mxgp-finlandia-clasificaciones-en-hyvinkaa\/crossprensa\/","title":{"rendered":"MXGP FINLANDIA, Clasificaciones en Hyvink\u00e4\u00e4!"},"content":{"rendered":"<p>Brillante presentaci\u00f3n de MXGP volviendo a Finlandia despu\u00e9s de 8 a\u00f1os, en un circuito tortuoso por la arena pero espectacular para ver manejar puro motocross del mejor! Las japonesas siguen liderando con Geerts en 250 y espectacular recuperaci\u00f3n de Febvr\u00e9 ganando en 450!<\/p>\n<p><!--more--><\/p>\n<p><img fetchpriority=\"high\" decoding=\"async\" class=\"alignnone size-full wp-image-59685\" src=\"http:\/\/www.crossprensa.com.ar\/news\/wp-content\/uploads\/2022\/07\/1200x100-Fox-e1658664909405.jpg\" alt=\"\" width=\"1200\" height=\"100\" \/><\/p>\n<h3><span style=\"color: #0000ff;\"><strong>250<\/strong><\/span><\/h3>\n<p>Gran demostraci\u00f3n de Haarup con Kawasaki que hace el holeshot y seguido por un veloc\u00edsimo Geerts que no pudo acercarse al principio de la carrera, con un piso de arena ya muy castigado por las categor\u00edas europeas previas. Vialle se cae en un toque con Kay de Wolf, quedan 19 y 20.<\/p>\n<p>Con 8 min. de carrera, Vialle avanza al puesto 11, pero De Wolf se traba en la posici\u00f3n 17 y parece venir golpeado. Adelante, la pelea entre Haarup con su KX y Geerts sobre la YZF es endemoniada!<\/p>\n<p>Mitad de carrera y Geerts fue por la punta, quedando primero en una limpia superaci\u00f3n a Haarup, que ahora tiene a Van de Moosdijk persigui\u00e9ndolo. Intensa lucha de los 5 primeros! Avanza Vialle, excelente carrera para Everts tambi\u00e9n 8vo!.<\/p>\n<p>Llega el final y a solo 3 vueltas de terminar, Van de Moosdijk lo pasa a Haarup que termina 3ro. en una pista dur\u00edsima por lo roto del suelo arenoso. Victoria para Geerts!<\/p>\n<p><img decoding=\"async\" class=\"alignnone size-full wp-image-59688\" src=\"http:\/\/www.crossprensa.com.ar\/news\/wp-content\/uploads\/2022\/07\/1200x100-Twin-Air.jpg\" alt=\"\" width=\"5001\" height=\"417\" \/><\/p>\n<table width=\"78%\">\n<tbody>\n<tr>\n<td>1<\/td>\n<td>93<\/td>\n<td><a href=\"https:\/\/results.mxgp.com\/resultsrider.aspx?ct=1&amp;e=3717&amp;c=7&amp;r=5066\">Geerts, Jago<\/a><\/td>\n<td>BEL<\/td>\n<td>Yamaha<\/td>\n<td>24:07.819<\/td>\n<\/tr>\n<tr>\n<td>2<\/td>\n<td>39<\/td>\n<td><a href=\"https:\/\/results.mxgp.com\/resultsrider.aspx?ct=1&amp;e=3717&amp;c=7&amp;r=4271\">Van De Moosdijk, Roan<\/a><\/td>\n<td>NED<\/td>\n<td>Husqvarna<\/td>\n<td>0:22.410<\/td>\n<\/tr>\n<tr>\n<td>3<\/td>\n<td>11<\/td>\n<td><a href=\"https:\/\/results.mxgp.com\/resultsrider.aspx?ct=1&amp;e=3717&amp;c=7&amp;r=5281\">Haarup, Mikkel<\/a><\/td>\n<td>DEN<\/td>\n<td>Kawasaki<\/td>\n<td>0:31.550<\/td>\n<\/tr>\n<tr>\n<td>4<\/td>\n<td>516<\/td>\n<td><a href=\"https:\/\/results.mxgp.com\/resultsrider.aspx?ct=1&amp;e=3717&amp;c=7&amp;r=7402\">Laengenfelder, Simon<\/a><\/td>\n<td>GER<\/td>\n<td>GASGAS<\/td>\n<td>0:38.184<\/td>\n<\/tr>\n<tr>\n<td>5<\/td>\n<td>198<\/td>\n<td><a href=\"https:\/\/results.mxgp.com\/resultsrider.aspx?ct=1&amp;e=3717&amp;c=7&amp;r=6283\">Benistant, Thibault<\/a><\/td>\n<td>FRA<\/td>\n<td>Yamaha<\/td>\n<td>0:38.775<\/td>\n<\/tr>\n<tr>\n<td>6<\/td>\n<td>74<\/td>\n<td><a href=\"https:\/\/results.mxgp.com\/resultsrider.aspx?ct=1&amp;e=3717&amp;c=7&amp;r=6765\">de Wolf, Kay<\/a><\/td>\n<td>NED<\/td>\n<td>Husqvarna<\/td>\n<td>0:45.083<\/td>\n<\/tr>\n<tr>\n<td>7<\/td>\n<td>72<\/td>\n<td><a href=\"https:\/\/results.mxgp.com\/resultsrider.aspx?ct=1&amp;e=3717&amp;c=7&amp;r=5811\">Everts, Liam<\/a><\/td>\n<td>BEL<\/td>\n<td>KTM<\/td>\n<td>0:46.346<\/td>\n<\/tr>\n<tr>\n<td>8<\/td>\n<td>27<\/td>\n<td><a href=\"https:\/\/results.mxgp.com\/resultsrider.aspx?ct=1&amp;e=3717&amp;c=7&amp;r=5242\">Guyon, Tom<\/a><\/td>\n<td>FRA<\/td>\n<td>KTM<\/td>\n<td>0:49.677<\/td>\n<\/tr>\n<tr>\n<td>9<\/td>\n<td>28<\/td>\n<td><a href=\"https:\/\/results.mxgp.com\/resultsrider.aspx?ct=1&amp;e=3717&amp;c=7&amp;r=4236\">Vialle, Tom<\/a><\/td>\n<td>FRA<\/td>\n<td>KTM<\/td>\n<td>0:52.739<\/td>\n<\/tr>\n<tr>\n<td>10<\/td>\n<td>253<\/td>\n<td><a href=\"https:\/\/results.mxgp.com\/resultsrider.aspx?ct=1&amp;e=3717&amp;c=7&amp;r=4278\">Pancar, Jan<\/a><\/td>\n<td>SLO<\/td>\n<td>KTM<\/td>\n<td>1:19.842<\/td>\n<\/tr>\n<tr>\n<td>11<\/td>\n<td>912<\/td>\n<td><a href=\"https:\/\/results.mxgp.com\/resultsrider.aspx?ct=1&amp;e=3717&amp;c=7&amp;r=5866\">Rizzi, Joel<\/a><\/td>\n<td>GBR<\/td>\n<td>Yamaha<\/td>\n<td>1:22.499<\/td>\n<\/tr>\n<tr>\n<td>12<\/td>\n<td>38<\/td>\n<td><a href=\"https:\/\/results.mxgp.com\/resultsrider.aspx?ct=1&amp;e=3717&amp;c=7&amp;r=5026\">Rubini, Stephen<\/a><\/td>\n<td>FRA<\/td>\n<td>Honda<\/td>\n<td>1:23.071<\/td>\n<\/tr>\n<tr>\n<td>13<\/td>\n<td>242<\/td>\n<td><a href=\"https:\/\/results.mxgp.com\/resultsrider.aspx?ct=1&amp;e=3717&amp;c=7&amp;r=7131\">Verbruggen, Kjell<\/a><\/td>\n<td>NED<\/td>\n<td>Kawasaki<\/td>\n<td>1:28.841<\/td>\n<\/tr>\n<tr>\n<td>14<\/td>\n<td>224<\/td>\n<td><a href=\"https:\/\/results.mxgp.com\/resultsrider.aspx?ct=1&amp;e=3717&amp;c=7&amp;r=4232\">Teresak, Jakub<\/a><\/td>\n<td>CZE<\/td>\n<td>KTM<\/td>\n<td>1:34.307<\/td>\n<\/tr>\n<tr>\n<td>15<\/td>\n<td>422<\/td>\n<td><a href=\"https:\/\/results.mxgp.com\/resultsrider.aspx?ct=1&amp;e=3717&amp;c=7&amp;r=5818\">Koskinen, Kimi<\/a><\/td>\n<td>FIN<\/td>\n<td>GASGAS<\/td>\n<td>1:36.766<\/td>\n<\/tr>\n<tr>\n<td>16<\/td>\n<td>401<\/td>\n<td><a href=\"https:\/\/results.mxgp.com\/resultsrider.aspx?ct=1&amp;e=3717&amp;c=7&amp;r=5266\">Stauffer, Marcel<\/a><\/td>\n<td>AUT<\/td>\n<td>KTM<\/td>\n<td>1:46.254<\/td>\n<\/tr>\n<tr>\n<td>17<\/td>\n<td>180<\/td>\n<td><a href=\"https:\/\/results.mxgp.com\/resultsrider.aspx?ct=1&amp;e=3717&amp;c=7&amp;r=6375\">Ambj\u00f6rnson, Leopold<\/a><\/td>\n<td>SWE<\/td>\n<td>Husqvarna<\/td>\n<td>1:57.363<\/td>\n<\/tr>\n<tr>\n<td>18<\/td>\n<td>33<\/td>\n<td><a href=\"https:\/\/results.mxgp.com\/resultsrider.aspx?ct=1&amp;e=3717&amp;c=7&amp;r=5801\">Karssemakers, Kay<\/a><\/td>\n<td>NED<\/td>\n<td>KTM<\/td>\n<td>1 lap<\/td>\n<\/tr>\n<tr>\n<td>19<\/td>\n<td>80<\/td>\n<td><a href=\"https:\/\/results.mxgp.com\/resultsrider.aspx?ct=1&amp;e=3717&amp;c=7&amp;r=6161\">Adamo, Andrea<\/a><\/td>\n<td>ITA<\/td>\n<td>GASGAS<\/td>\n<td>1 lap<\/td>\n<\/tr>\n<tr>\n<td>20<\/td>\n<td>24<\/td>\n<td><a href=\"https:\/\/results.mxgp.com\/resultsrider.aspx?ct=1&amp;e=3717&amp;c=7&amp;r=5436\">Horgmo, Kevin<\/a><\/td>\n<td>NOR<\/td>\n<td>Kawasaki<\/td>\n<td>5 laps<\/td>\n<\/tr>\n<tr>\n<td>21<\/td>\n<td>338<\/td>\n<td><a href=\"https:\/\/results.mxgp.com\/resultsrider.aspx?ct=1&amp;e=3717&amp;c=7&amp;r=4617\">Olsson, Filip<\/a><\/td>\n<td>SWE<\/td>\n<td>Husqvarna<\/td>\n<td>11 laps<\/td>\n<\/tr>\n<tr>\n<td>22<\/td>\n<td>579<\/td>\n<td><a href=\"https:\/\/results.mxgp.com\/resultsrider.aspx?ct=1&amp;e=3717&amp;c=7&amp;r=7337\">Bruce, Bobby<\/a><\/td>\n<td>GBR<\/td>\n<td>GASGAS<\/td>\n<td>12 laps<\/td>\n<\/tr>\n<tr>\n<td>23<\/td>\n<td>52<\/td>\n<td><a href=\"https:\/\/results.mxgp.com\/resultsrider.aspx?ct=1&amp;e=3717&amp;c=7&amp;r=7029\">Gerhardsson, Albin<\/a><\/td>\n<td>SWE<\/td>\n<td>Husqvarna<\/td>\n<td>12 laps<\/td>\n<\/tr>\n<\/tbody>\n<\/table>\n<p><img decoding=\"async\" class=\"alignnone size-full wp-image-59686\" src=\"http:\/\/www.crossprensa.com.ar\/news\/wp-content\/uploads\/2022\/07\/1200x100-Leat.jpg\" alt=\"\" width=\"5001\" height=\"418\" \/><\/p>\n<h3><span style=\"color: #0000ff;\">450<\/span><\/h3>\n<p>Se larga la carrera y Seewer hace el holeshot pero con Febvr\u00e9 pegad\u00edsimo a su espalda, Bogers no les pierde pisada!!! Prado 5to, y Gajser 10mo. con una mala largada.<\/p>\n<p>3 minutos de carrera y Febvr\u00e9 sobre su Kawasaki toma la punta con mucha autoridad y marcando diferencia. Rub\u00e9n Fern\u00e1ndez 8vo, viene como un misil desde atr\u00e1s! Seewer 2do. con Bogers muy cerca y Prado que ataca a Coldenhoff para avanzar al 4to. puesto. Mala largada tambi\u00e9n para Renaux que viene 12.<\/p>\n<p>Mitad de carrera y Vlanderen lo supera a Prado que queda 6to. con Gajser que ya est\u00e1 pegado al espa\u00f1ol para intentar avanzar. 15 min. de carrera, Bogers se cansa de esperar y se le tira a Seewer con un verdadero hachazo que deja inm\u00f3vil al piloto de Yamaha porque el de la Husqvarna no perdon\u00f3! impresionante maniobra!<\/p>\n<p>Cuando faltaban 20seg. para que se cumpla el tiempo de carrera, una ca\u00edda de Vlaanderen lo deja sin posibilidades y lejos del lote puntero. Llega la bandera a cuadros y victoria para Romain Febvre por mas de 10 seg.!<\/p>\n<p><img loading=\"lazy\" decoding=\"async\" class=\"alignnone size-full wp-image-59684\" src=\"http:\/\/www.crossprensa.com.ar\/news\/wp-content\/uploads\/2022\/07\/1200x100-Dunlop.jpg\" alt=\"\" width=\"5001\" height=\"418\" \/><\/p>\n<p><img loading=\"lazy\" decoding=\"async\" class=\"alignnone size-full wp-image-59008\" src=\"http:\/\/www.crossprensa.com.ar\/news\/wp-content\/uploads\/2022\/06\/1200x100_animado.gif\" alt=\"\" width=\"1200\" height=\"100\" \/><\/p>\n<table width=\"78%\">\n<tbody>\n<tr>\n<td>1<\/td>\n<td>3<\/td>\n<td><a href=\"https:\/\/results.mxgp.com\/resultsrider.aspx?ct=1&amp;e=3717&amp;c=9&amp;r=3891\">Febvre, Romain<\/a><\/td>\n<td>FRA<\/td>\n<td>Kawasaki<\/td>\n<td>24:13.493<\/td>\n<\/tr>\n<tr>\n<td>2<\/td>\n<td>189<\/td>\n<td><a href=\"https:\/\/results.mxgp.com\/resultsrider.aspx?ct=1&amp;e=3717&amp;c=9&amp;r=3882\">Bogers, Brian<\/a><\/td>\n<td>NED<\/td>\n<td>Husqvarna<\/td>\n<td>0:09.865<\/td>\n<\/tr>\n<tr>\n<td>3<\/td>\n<td>259<\/td>\n<td><a href=\"https:\/\/results.mxgp.com\/resultsrider.aspx?ct=1&amp;e=3717&amp;c=9&amp;r=2266\">Coldenhoff, Glenn<\/a><\/td>\n<td>NED<\/td>\n<td>Yamaha<\/td>\n<td>0:16.224<\/td>\n<\/tr>\n<tr>\n<td>4<\/td>\n<td>91<\/td>\n<td><a href=\"https:\/\/results.mxgp.com\/resultsrider.aspx?ct=1&amp;e=3717&amp;c=9&amp;r=3322\">Seewer, Jeremy<\/a><\/td>\n<td>SUI<\/td>\n<td>Yamaha<\/td>\n<td>0:18.061<\/td>\n<\/tr>\n<tr>\n<td>5<\/td>\n<td>61<\/td>\n<td><a href=\"https:\/\/results.mxgp.com\/resultsrider.aspx?ct=1&amp;e=3717&amp;c=9&amp;r=4255\">Prado, Jorge<\/a><\/td>\n<td>ESP<\/td>\n<td>GASGAS<\/td>\n<td>0:20.794<\/td>\n<\/tr>\n<tr>\n<td>6<\/td>\n<td>243<\/td>\n<td><a href=\"https:\/\/results.mxgp.com\/resultsrider.aspx?ct=1&amp;e=3717&amp;c=9&amp;r=3699\">Gajser, Tim<\/a><\/td>\n<td>SLO<\/td>\n<td>Honda<\/td>\n<td>0:22.626<\/td>\n<\/tr>\n<tr>\n<td>7<\/td>\n<td>43<\/td>\n<td><a href=\"https:\/\/results.mxgp.com\/resultsrider.aspx?ct=1&amp;e=3717&amp;c=9&amp;r=4178\">Evans, Mitchell<\/a><\/td>\n<td>AUS<\/td>\n<td>Honda<\/td>\n<td>0:24.273<\/td>\n<\/tr>\n<tr>\n<td>8<\/td>\n<td>32<\/td>\n<td><a href=\"https:\/\/results.mxgp.com\/resultsrider.aspx?ct=1&amp;e=3717&amp;c=9&amp;r=3701\">Van doninck, Brent<\/a><\/td>\n<td>BEL<\/td>\n<td>Yamaha<\/td>\n<td>0:25.714<\/td>\n<\/tr>\n<tr>\n<td>9<\/td>\n<td>959<\/td>\n<td><a href=\"https:\/\/results.mxgp.com\/resultsrider.aspx?ct=1&amp;e=3717&amp;c=9&amp;r=5343\">Renaux, Maxime<\/a><\/td>\n<td>FRA<\/td>\n<td>Yamaha<\/td>\n<td>0:27.138<\/td>\n<\/tr>\n<tr>\n<td>10<\/td>\n<td>10<\/td>\n<td><a href=\"https:\/\/results.mxgp.com\/resultsrider.aspx?ct=1&amp;e=3717&amp;c=9&amp;r=4100\">Vlaanderen, Calvin<\/a><\/td>\n<td>NED<\/td>\n<td>Yamaha<\/td>\n<td>0:33.210<\/td>\n<\/tr>\n<tr>\n<td>11<\/td>\n<td>70<\/td>\n<td><a href=\"https:\/\/results.mxgp.com\/resultsrider.aspx?ct=1&amp;e=3717&amp;c=9&amp;r=6518\">Fernandez, Ruben<\/a><\/td>\n<td>ESP<\/td>\n<td>Honda<\/td>\n<td>0:39.020<\/td>\n<\/tr>\n<tr>\n<td>12<\/td>\n<td>89<\/td>\n<td><a href=\"https:\/\/results.mxgp.com\/resultsrider.aspx?ct=1&amp;e=3717&amp;c=9&amp;r=1585\">Van Horebeek, Jeremy<\/a><\/td>\n<td>BEL<\/td>\n<td>Beta<\/td>\n<td>0:44.075<\/td>\n<\/tr>\n<tr>\n<td>13<\/td>\n<td>29<\/td>\n<td><a href=\"https:\/\/results.mxgp.com\/resultsrider.aspx?ct=1&amp;e=3717&amp;c=9&amp;r=3827\">Jacobi, Henry<\/a><\/td>\n<td>GER<\/td>\n<td>Honda<\/td>\n<td>0:47.679<\/td>\n<\/tr>\n<tr>\n<td>14<\/td>\n<td>161<\/td>\n<td><a href=\"https:\/\/results.mxgp.com\/resultsrider.aspx?ct=1&amp;e=3717&amp;c=9&amp;r=5029\">\u00d6stlund, Alvin<\/a><\/td>\n<td>SWE<\/td>\n<td>Yamaha<\/td>\n<td>0:48.710<\/td>\n<\/tr>\n<tr>\n<td>15<\/td>\n<td>303<\/td>\n<td><a href=\"https:\/\/results.mxgp.com\/resultsrider.aspx?ct=1&amp;e=3717&amp;c=9&amp;r=5186\">Forato, Alberto<\/a><\/td>\n<td>ITA<\/td>\n<td>GASGAS<\/td>\n<td>0:50.614<\/td>\n<\/tr>\n<tr>\n<td>16<\/td>\n<td>142<\/td>\n<td><a href=\"https:\/\/results.mxgp.com\/resultsrider.aspx?ct=1&amp;e=3717&amp;c=9&amp;r=5681\">Haavisto, Jere<\/a><\/td>\n<td>FIN<\/td>\n<td>KTM<\/td>\n<td>0:53.945<\/td>\n<\/tr>\n<tr>\n<td>17<\/td>\n<td>919<\/td>\n<td><a href=\"https:\/\/results.mxgp.com\/resultsrider.aspx?ct=1&amp;e=3717&amp;c=9&amp;r=4149\">Watson, Ben<\/a><\/td>\n<td>GBR<\/td>\n<td>Kawasaki<\/td>\n<td>0:55.690<\/td>\n<\/tr>\n<tr>\n<td>18<\/td>\n<td>226<\/td>\n<td><a href=\"https:\/\/results.mxgp.com\/resultsrider.aspx?ct=1&amp;e=3717&amp;c=9&amp;r=6475\">Koch, Tom<\/a><\/td>\n<td>GER<\/td>\n<td>KTM<\/td>\n<td>0:57.400<\/td>\n<\/tr>\n<tr>\n<td>19<\/td>\n<td>128<\/td>\n<td><a href=\"https:\/\/results.mxgp.com\/resultsrider.aspx?ct=1&amp;e=3717&amp;c=9&amp;r=1920\">Monticelli, Ivo<\/a><\/td>\n<td>ITA<\/td>\n<td>Honda<\/td>\n<td>1:00.041<\/td>\n<\/tr>\n<tr>\n<td>20<\/td>\n<td>101<\/td>\n<td><a href=\"https:\/\/results.mxgp.com\/resultsrider.aspx?ct=1&amp;e=3717&amp;c=9&amp;r=6667\">Guadagnini, Mattia<\/a><\/td>\n<td>ITA<\/td>\n<td>GASGAS<\/td>\n<td>1:02.542<\/td>\n<\/tr>\n<tr>\n<td>21<\/td>\n<td>87<\/td>\n<td><a href=\"https:\/\/results.mxgp.com\/resultsrider.aspx?ct=1&amp;e=3717&amp;c=9&amp;r=5858\">Brumann, Kevin<\/a><\/td>\n<td>SUI<\/td>\n<td>Yamaha<\/td>\n<td>1:04.666<\/td>\n<\/tr>\n<tr>\n<td>22<\/td>\n<td>132<\/td>\n<td><a href=\"https:\/\/results.mxgp.com\/resultsrider.aspx?ct=1&amp;e=3717&amp;c=9&amp;r=4163\">Kutsar, Karel<\/a><\/td>\n<td>EST<\/td>\n<td>KTM<\/td>\n<td>1:05.462<\/td>\n<\/tr>\n<tr>\n<td>23<\/td>\n<td>40<\/td>\n<td><a href=\"https:\/\/results.mxgp.com\/resultsrider.aspx?ct=1&amp;e=3717&amp;c=9&amp;r=887\">Leok, Tanel<\/a><\/td>\n<td>EST<\/td>\n<td>Husqvarna<\/td>\n<td>1:08.074<\/td>\n<\/tr>\n<tr>\n<td>24<\/td>\n<td>151<\/td>\n<td><a href=\"https:\/\/results.mxgp.com\/resultsrider.aspx?ct=1&amp;e=3717&amp;c=9&amp;r=2225\">Kullas, Harri<\/a><\/td>\n<td>EST<\/td>\n<td>Yamaha<\/td>\n<td>1:08.563<\/td>\n<\/tr>\n<tr>\n<td>25<\/td>\n<td>41<\/td>\n<td><a href=\"https:\/\/results.mxgp.com\/resultsrider.aspx?ct=1&amp;e=3717&amp;c=9&amp;r=4206\">Jonass, Pauls<\/a><\/td>\n<td>LAT<\/td>\n<td>Husqvarna<\/td>\n<td>1:32.181<\/td>\n<\/tr>\n<tr>\n<td>26<\/td>\n<td>16<\/td>\n<td><a href=\"https:\/\/results.mxgp.com\/resultsrider.aspx?ct=1&amp;e=3717&amp;c=9&amp;r=5093\">Paturel, Benoit<\/a><\/td>\n<td>FRA<\/td>\n<td>Honda<\/td>\n<td>1:38.571<\/td>\n<\/tr>\n<tr>\n<td>27<\/td>\n<td>75<\/td>\n<td><a href=\"https:\/\/results.mxgp.com\/resultsrider.aspx?ct=1&amp;e=3717&amp;c=9&amp;r=5352\">Roosiorg, Hardi<\/a><\/td>\n<td>EST<\/td>\n<td>KTM<\/td>\n<td>1:39.905<\/td>\n<\/tr>\n<tr>\n<td>28<\/td>\n<td>14<\/td>\n<td><a href=\"https:\/\/results.mxgp.com\/resultsrider.aspx?ct=1&amp;e=3717&amp;c=9&amp;r=6793\">Beaton, Jed<\/a><\/td>\n<td>AUS<\/td>\n<td>Kawasaki<\/td>\n<td>2 laps<\/td>\n<\/tr>\n<tr>\n<td>29<\/td>\n<td>911<\/td>\n<td><a href=\"https:\/\/results.mxgp.com\/resultsrider.aspx?ct=1&amp;e=3717&amp;c=9&amp;r=3005\">Tixier, Jordi<\/a><\/td>\n<td>FRA<\/td>\n<td>KTM<\/td>\n<td>7 laps<\/td>\n<\/tr>\n<tr>\n<td>30<\/td>\n<td>147<\/td>\n<td><a href=\"https:\/\/results.mxgp.com\/resultsrider.aspx?ct=1&amp;e=3717&amp;c=9&amp;r=4642\">Sihvonen, Miro<\/a><\/td>\n<td>FIN<\/td>\n<td>Honda<\/td>\n<td>11 laps<\/td>\n<\/tr>\n<\/tbody>\n<\/table>\n<p><img loading=\"lazy\" decoding=\"async\" class=\"alignnone size-full wp-image-59687\" src=\"http:\/\/www.crossprensa.com.ar\/news\/wp-content\/uploads\/2022\/07\/1200x100-Odi.jpg\" alt=\"\" width=\"5001\" height=\"418\" \/><\/p>\n<p>&nbsp;<\/p>\n<p>&nbsp;<\/p>\n<p>&nbsp;<\/p>\n<p>&nbsp;<\/p>\n","protected":false},"excerpt":{"rendered":"<p>Brillante presentaci\u00f3n de MXGP volviendo a Finlandia despu\u00e9s de 8 a\u00f1os, en un circuito tortuoso&#8230;<\/p>\n","protected":false},"author":2,"featured_media":60138,"comment_status":"open","ping_status":"open","sticky":false,"template":"","format":"standard","meta":{"om_disable_all_campaigns":false,"_monsterinsights_skip_tracking":false,"_monsterinsights_sitenote_active":false,"_monsterinsights_sitenote_note":"","_monsterinsights_sitenote_category":0,"_uf_show_specific_survey":0,"_uf_disable_surveys":false,"footnotes":""},"categories":[37],"tags":[],"class_list":["post-60136","post","type-post","status-publish","format-standard","has-post-thumbnail","hentry","category-crossprensa"],"aioseo_notices":[],"_links":{"self":[{"href":"http:\/\/www.crossprensa.com.ar\/news\/wp-json\/wp\/v2\/posts\/60136","targetHints":{"allow":["GET"]}}],"collection":[{"href":"http:\/\/www.crossprensa.com.ar\/news\/wp-json\/wp\/v2\/posts"}],"about":[{"href":"http:\/\/www.crossprensa.com.ar\/news\/wp-json\/wp\/v2\/types\/post"}],"author":[{"embeddable":true,"href":"http:\/\/www.crossprensa.com.ar\/news\/wp-json\/wp\/v2\/users\/2"}],"replies":[{"embeddable":true,"href":"http:\/\/www.crossprensa.com.ar\/news\/wp-json\/wp\/v2\/comments?post=60136"}],"version-history":[{"count":2,"href":"http:\/\/www.crossprensa.com.ar\/news\/wp-json\/wp\/v2\/posts\/60136\/revisions"}],"predecessor-version":[{"id":60139,"href":"http:\/\/www.crossprensa.com.ar\/news\/wp-json\/wp\/v2\/posts\/60136\/revisions\/60139"}],"wp:featuredmedia":[{"embeddable":true,"href":"http:\/\/www.crossprensa.com.ar\/news\/wp-json\/wp\/v2\/media\/60138"}],"wp:attachment":[{"href":"http:\/\/www.crossprensa.com.ar\/news\/wp-json\/wp\/v2\/media?parent=60136"}],"wp:term":[{"taxonomy":"category","embeddable":true,"href":"http:\/\/www.crossprensa.com.ar\/news\/wp-json\/wp\/v2\/categories?post=60136"},{"taxonomy":"post_tag","embeddable":true,"href":"http:\/\/www.crossprensa.com.ar\/news\/wp-json\/wp\/v2\/tags?post=60136"}],"curies":[{"name":"wp","href":"https:\/\/api.w.org\/{rel}","templated":true}]}}