{"id":59353,"date":"2022-06-30T12:15:17","date_gmt":"2022-06-30T15:15:17","guid":{"rendered":"http:\/\/www.crossprensa.com.ar\/news\/?p=59353"},"modified":"2022-06-30T12:15:17","modified_gmt":"2022-06-30T15:15:17","slug":"ken-roczen-enel-mundial-de-supercross","status":"publish","type":"post","link":"http:\/\/www.crossprensa.com.ar\/news\/ken-roczen-enel-mundial-de-supercross\/crossprensa\/","title":{"rendered":"KEN ROCZEN ENEL MUNDIAL DE SUPERCROSS"},"content":{"rendered":"<p>Esto se pone bueno&#8230;<\/p>\n<p>SX Global, la compa\u00f1\u00eda australiana que gestiona Campeonato Mundial de Supercross (WSX) de la FIM, se complace en anunciar que el dos veces campe\u00f3n de motocross 450 Ken Roczen se ha comprometido oficialmente a competir en el Campeonato Mundial de Supercross 2022, que est\u00e1 programado para comenzar a principios de octubre.<\/p>\n<p><!--more--><\/p>\n<p>Uno de los pilotos m\u00e1s exitosos y destacados de nuestro deporte, Roczen, un alem\u00e1n de 28 a\u00f1os, llega a WSX con un curr\u00edculum impresionante, que incluye 48 victorias profesionales combinadas de 450 cc y 250 cc en eventos de todo el mundo. El Campeonato Mundial WSX 2022 ver\u00e1 a Roczen llevar su incre\u00edble talento y pedigr\u00ed de campeonato a miles de fans ac\u00e9rrimos en estadios de todo el mundo durante el campeonato de tres fechas.<\/p>\n<p>Roczen se encuentra actualmente en negociaciones para finalizar un acuerdo para competir por uno de los 10 equipos con licencia exclusiva, y el equipo dar\u00e1 a conocer los detalles una vez que se finalice el acuerdo.<\/p>\n<p>\u201cEl WSX es una oportunidad \u00fanica para competir a una escala verdaderamente global y estoy encantado de ser parte de eso\u201d, dijo Roczen. \u201cHace mucho tiempo que no compito en el extranjero, as\u00ed que espero llevar el supercross a los fans en estos eventos internacionales en 2022, todo mientras compito por un t\u00edtulo mundial aprobado por la FIM. Estoy emocionado por lo que sin duda ser\u00e1 una experiencia incre\u00edble y un trampol\u00edn fant\u00e1stico para un asalto completo a mis objetivos de campeonato de Supercross y Motocross 2023\u201d.<\/p>\n<p>\u201cKen Roczen es una superestrella absoluta del supercross, reconocida en todo el mundo. Tenerlo compitiendo en nuestra temporada inaugural a medida que marcamos el comienzo de una nueva era global de supercross, es incre\u00edble\u201d, dijo Adam Bailey, director general de deportes de motor de SX Global. \u201cKen encarna todas las cualidades que hacen de los pilotos de supercross, los atletas m\u00e1s duros e inspiradores del mundo. Es l\u00f3gico que se convierta en uno de nuestros principales aspirantes a la corona del Campeonato Mundial FIM 2022\u201d.<\/p>\n","protected":false},"excerpt":{"rendered":"<p>Esto se pone bueno&#8230; SX Global, la compa\u00f1\u00eda australiana que gestiona Campeonato Mundial de Supercross&#8230;<\/p>\n","protected":false},"author":2,"featured_media":59354,"comment_status":"open","ping_status":"open","sticky":false,"template":"","format":"standard","meta":{"om_disable_all_campaigns":false,"_monsterinsights_skip_tracking":false,"_monsterinsights_sitenote_active":false,"_monsterinsights_sitenote_note":"","_monsterinsights_sitenote_category":0,"_uf_show_specific_survey":0,"_uf_disable_surveys":false,"footnotes":""},"categories":[37,117],"tags":[],"class_list":["post-59353","post","type-post","status-publish","format-standard","has-post-thumbnail","hentry","category-crossprensa","category-sx-mundial"],"aioseo_notices":[],"_links":{"self":[{"href":"http:\/\/www.crossprensa.com.ar\/news\/wp-json\/wp\/v2\/posts\/59353","targetHints":{"allow":["GET"]}}],"collection":[{"href":"http:\/\/www.crossprensa.com.ar\/news\/wp-json\/wp\/v2\/posts"}],"about":[{"href":"http:\/\/www.crossprensa.com.ar\/news\/wp-json\/wp\/v2\/types\/post"}],"author":[{"embeddable":true,"href":"http:\/\/www.crossprensa.com.ar\/news\/wp-json\/wp\/v2\/users\/2"}],"replies":[{"embeddable":true,"href":"http:\/\/www.crossprensa.com.ar\/news\/wp-json\/wp\/v2\/comments?post=59353"}],"version-history":[{"count":1,"href":"http:\/\/www.crossprensa.com.ar\/news\/wp-json\/wp\/v2\/posts\/59353\/revisions"}],"predecessor-version":[{"id":59355,"href":"http:\/\/www.crossprensa.com.ar\/news\/wp-json\/wp\/v2\/posts\/59353\/revisions\/59355"}],"wp:featuredmedia":[{"embeddable":true,"href":"http:\/\/www.crossprensa.com.ar\/news\/wp-json\/wp\/v2\/media\/59354"}],"wp:attachment":[{"href":"http:\/\/www.crossprensa.com.ar\/news\/wp-json\/wp\/v2\/media?parent=59353"}],"wp:term":[{"taxonomy":"category","embeddable":true,"href":"http:\/\/www.crossprensa.com.ar\/news\/wp-json\/wp\/v2\/categories?post=59353"},{"taxonomy":"post_tag","embeddable":true,"href":"http:\/\/www.crossprensa.com.ar\/news\/wp-json\/wp\/v2\/tags?post=59353"}],"curies":[{"name":"wp","href":"https:\/\/api.w.org\/{rel}","templated":true}]}}