{"id":52463,"date":"2021-06-03T12:34:10","date_gmt":"2021-06-03T15:34:10","guid":{"rendered":"http:\/\/www.crossprensa.com.ar\/news\/?p=52463"},"modified":"2021-06-03T12:34:10","modified_gmt":"2021-06-03T15:34:10","slug":"mx-prestige-italia-en-vivo-por-crossprensa-junto-a-joaquin-poli","status":"publish","type":"post","link":"http:\/\/www.crossprensa.com.ar\/news\/mx-prestige-italia-en-vivo-por-crossprensa-junto-a-joaquin-poli\/hot-news\/","title":{"rendered":"MX PRESTIGE ITALIA, EN VIVO POR CROSSPRENSA JUNTO A JOAQU\u00cdN POLI!"},"content":{"rendered":"<p><em><span>Tableros rojos para Lupino (Mx1) y Horgmo (Mx2), Cairoli y Dovizioso tambi\u00e9n en la carrera &#8211;<\/span><\/em><\/p>\n<p>&nbsp;<\/p>\n<p><!--more--><\/p>\n<table class=\"x_mcnTextBlock\" border=\"0\" width=\"100%\" cellspacing=\"0\" cellpadding=\"0\">\n<tbody class=\"x_mcnTextBlockOuter\">\n<tr>\n<td class=\"x_mcnTextBlockInner\" valign=\"top\">\n<table class=\"x_mcnTextContentContainer\" border=\"0\" width=\"100%\" cellspacing=\"0\" cellpadding=\"0\" align=\"left\">\n<tbody>\n<tr>\n<td class=\"x_mcnTextContent\" valign=\"top\"><strong><span>Mondavio<\/span><\/strong><span>\u00a0&#8211; El campeonato italiano Just1 llega a la regi\u00f3n de Marche para la cuarta fecha, programada para el s\u00e1bado 5 y el domingo 6 de junio en la pista de Pesaro de Cavallara di Mondavio.\u00a0Y es otro gran evento que se avecina para los fan\u00e1ticos, quienes una vez m\u00e1s pueden disfrutar del espect\u00e1culo en vivo ofrecido por pilotos de clase mundial.<\/span><\/p>\n<p><span>En la parte superior de la lista, por supuesto, est\u00e1\u00a0<\/span><strong><span>Antonio Cairoli<\/span><\/strong><span>\u00a0(KTM &#8211; Milani), que ha elegido Cavallara y el campeonato italiano Just1 Prestige para correr su primera carrera de 2021, la vig\u00e9sima temporada internacional de su extraordinaria carrera.<\/span><\/td>\n<\/tr>\n<\/tbody>\n<\/table>\n<\/td>\n<\/tr>\n<\/tbody>\n<\/table>\n<table class=\"x_mcnTextBlock\" border=\"0\" width=\"100%\" cellspacing=\"0\" cellpadding=\"0\">\n<tbody class=\"x_mcnTextBlockOuter\">\n<tr>\n<td class=\"x_mcnTextBlockInner\" valign=\"top\">\n<table class=\"x_mcnTextContentContainer\" border=\"0\" width=\"100%\" cellspacing=\"0\" cellpadding=\"0\" align=\"left\">\n<tbody>\n<tr>\n<td class=\"x_mcnTextContent\" valign=\"top\"><img fetchpriority=\"high\" decoding=\"async\" src=\"https:\/\/mcusercontent.com\/62a1a370fc52377d21c476eff\/_compresseds\/66ff6cbc-7b53-617d-d864-28c993edf8d4.jpg\" width=\"600\" height=\"400\" data-imagetype=\"External\" \/><br \/>\n<em><span>Alessandro Lupino &#8211; Foto: Mxaddicts<\/span><\/em><\/td>\n<\/tr>\n<\/tbody>\n<\/table>\n<\/td>\n<\/tr>\n<\/tbody>\n<\/table>\n<table class=\"x_mcnTextBlock\" border=\"0\" width=\"100%\" cellspacing=\"0\" cellpadding=\"0\">\n<tbody class=\"x_mcnTextBlockOuter\">\n<tr>\n<td class=\"x_mcnTextBlockInner\" valign=\"top\">\n<table class=\"x_mcnTextContentContainer\" border=\"0\" width=\"100%\" cellspacing=\"0\" cellpadding=\"0\" align=\"left\">\n<tbody>\n<tr>\n<td class=\"x_mcnTextContent\" valign=\"top\"><span>El nueve veces campe\u00f3n del mundo es el hombre m\u00e1s esperado del fin de semana y correr\u00e1 en la Elite Mx1, donde la placa roja est\u00e1 en manos de\u00a0<\/span><strong><span>Alessandro Lupino<\/span><\/strong><span>\u00a0(KTM &#8211; Fiamme Oro).\u00a0Al regresar de su compromiso en el Nacional Americano, Lupino no est\u00e1 en su mejor momento por un golpe en la pierna remediado durante la carrera en Estados Unidos.<\/span><\/p>\n<p><span>La principal amenaza en la clasificaci\u00f3n de Lupino est\u00e1 representada por otro veloz italiano atemporal,\u00a0<\/span><strong><span>David Philippaerts<\/span><\/strong><span>\u00a0(Yamaha &#8211; Gorlese Mario Colombo).\u00a0A tener en cuenta son Simone Croci (Husqvarna &#8211; Intimiano Natale Noseda), Stefano Pezzuto (Yamaha &#8211; Gaerne) y Alessio Chiodi (Yamaha &#8211; Galaello).<\/span><\/td>\n<\/tr>\n<\/tbody>\n<\/table>\n<\/td>\n<\/tr>\n<\/tbody>\n<\/table>\n<table class=\"x_mcnTextBlock\" border=\"0\" width=\"100%\" cellspacing=\"0\" cellpadding=\"0\">\n<tbody class=\"x_mcnTextBlockOuter\">\n<tr>\n<td class=\"x_mcnTextBlockInner\" valign=\"top\">\n<table class=\"x_mcnTextContentContainer\" border=\"0\" width=\"100%\" cellspacing=\"0\" cellpadding=\"0\" align=\"left\">\n<tbody>\n<tr>\n<td class=\"x_mcnTextContent\" valign=\"top\"><img decoding=\"async\" src=\"https:\/\/mcusercontent.com\/62a1a370fc52377d21c476eff\/images\/331f7520-bcc0-ea8a-d013-8a23523a7b3f.jpg\" width=\"600\" height=\"399\" data-imagetype=\"External\" \/><br \/>\n<em><span>Alessio Chiodi &#8211; ph.\u00a0Matteo Gatti<\/span><\/em><\/td>\n<\/tr>\n<\/tbody>\n<\/table>\n<\/td>\n<\/tr>\n<\/tbody>\n<\/table>\n<table class=\"x_mcnTextBlock\" border=\"0\" width=\"100%\" cellspacing=\"0\" cellpadding=\"0\">\n<tbody class=\"x_mcnTextBlockOuter\">\n<tr>\n<td class=\"x_mcnTextBlockInner\" valign=\"top\">\n<table class=\"x_mcnTextContentContainer\" border=\"0\" width=\"100%\" cellspacing=\"0\" cellpadding=\"0\" align=\"left\">\n<tbody>\n<tr>\n<td class=\"x_mcnTextContent\" valign=\"top\"><span>En el campeonato FAST,\u00a0<\/span><strong><span>Alessandro D&#8217;Angelo<\/span><\/strong><span>\u00a0(Honda &#8211; Bbr Offroad)\u00a0todav\u00eda domina\u00a0, incluso si Pier Filippo Bertuzzo (Yamaha &#8211; Fermignanese), ganando la carrera de Montevarchi, se acerc\u00f3 a la punta con fuerza.\u00a0Giulio Nava (Honda &#8211; Parini) ocupa la tercera posici\u00f3n.\u00a0En el 300 de 2 tiempos, sin embargo, el l\u00edder es\u00a0<\/span><strong><span>Jimmy De Nicola<\/span><\/strong><span>\u00a0(KTM &#8211; Pardi), con Gianluca Nebbia (KTM &#8211; Bbr Offroad) segundo y Sebastian Zenato tercero (Husqvarna &#8211; Bisso Galeto).<\/span><\/p>\n<p><span>Tras Montevarchi, el noruego\u00a0<\/span><strong><span>Kevin Horgmo<\/span><\/strong><span>\u00a0(Gas Gas &#8211; Sm Action Yuasa) est\u00e1\u00a0a la cabeza del Elite Mx2\u00a0, que a\u00fan no ha ganado una carrera pero siempre ha estado en el podio.\u00a0<strong>Nicholas Lapucci<\/strong>\u00a0lo persigue<\/span><span>(Fantic &#8211; Over Competition mx), muy r\u00e1pido pero condicionado por demasiadas ca\u00eddas.\u00a0Andrea Adamo (Gas Gas &#8211; Best Sm Action) y Jan Pancar (KTM &#8211; Racestore) est\u00e1n creciendo, capaces de entrar en la lucha por la primac\u00eda.<\/span><\/td>\n<\/tr>\n<\/tbody>\n<\/table>\n<\/td>\n<\/tr>\n<\/tbody>\n<\/table>\n<table class=\"x_mcnTextBlock\" border=\"0\" width=\"100%\" cellspacing=\"0\" cellpadding=\"0\">\n<tbody class=\"x_mcnTextBlockOuter\">\n<tr>\n<td class=\"x_mcnTextBlockInner\" valign=\"top\">\n<table class=\"x_mcnTextContentContainer\" border=\"0\" width=\"100%\" cellspacing=\"0\" cellpadding=\"0\" align=\"left\">\n<tbody>\n<tr>\n<td class=\"x_mcnTextContent\" valign=\"top\"><img decoding=\"async\" src=\"https:\/\/mcusercontent.com\/62a1a370fc52377d21c476eff\/images\/20a7e04f-f185-0fe8-79d5-f05c94f50688.jpg\" width=\"600\" height=\"403\" data-imagetype=\"External\" \/><br \/>\n<em><span>Kevin Horgmo &#8211; Ph.D.\u00a0Mxreport<\/span><\/em><\/td>\n<\/tr>\n<\/tbody>\n<\/table>\n<\/td>\n<\/tr>\n<\/tbody>\n<\/table>\n<table class=\"x_mcnTextBlock\" border=\"0\" width=\"100%\" cellspacing=\"0\" cellpadding=\"0\">\n<tbody class=\"x_mcnTextBlockOuter\">\n<tr>\n<td class=\"x_mcnTextBlockInner\" valign=\"top\">\n<table class=\"x_mcnTextContentContainer\" border=\"0\" width=\"100%\" cellspacing=\"0\" cellpadding=\"0\" align=\"left\">\n<tbody>\n<tr>\n<td class=\"x_mcnTextContent\" valign=\"top\"><strong><span>Manuel Ulivi<\/span><\/strong><span>\u00a0(Gas Gas &#8211; Made of) tiene la placa roja del Fast Mx2, gracias a la victoria en las carreras de Mantua y Montevarchi.\u00a0Emanuele Alberio (Husqvarna &#8211; Bbr Offroad), siempre muy constante, lo persigue en segunda posici\u00f3n, mientras que el vencedor de Maggiora, Alessandro Facca (Kawasaki &#8211; Fast energy) es tercero.<\/span><\/p>\n<p><span>En Fast Mx2 tambi\u00e9n est\u00e1\u00a0<\/span><strong><span>Andrea Dovizioso<\/span><\/strong><span>\u00a0(Yamaha &#8211; Monte Coralli Faenza), una estrella de MotoGP que ha decidido ponerse a prueba en el campeonato italiano Prestige.<\/span><\/td>\n<\/tr>\n<\/tbody>\n<\/table>\n<\/td>\n<\/tr>\n<\/tbody>\n<\/table>\n<table class=\"x_mcnTextBlock\" border=\"0\" width=\"100%\" cellspacing=\"0\" cellpadding=\"0\">\n<tbody class=\"x_mcnTextBlockOuter\">\n<tr>\n<td class=\"x_mcnTextBlockInner\" valign=\"top\">\n<table class=\"x_mcnTextContentContainer\" border=\"0\" width=\"100%\" cellspacing=\"0\" cellpadding=\"0\" align=\"left\">\n<tbody>\n<tr>\n<td class=\"x_mcnTextContent\" valign=\"top\"><img loading=\"lazy\" decoding=\"async\" src=\"https:\/\/mcusercontent.com\/62a1a370fc52377d21c476eff\/images\/0a4471aa-24a5-b055-e5eb-d14c2f87b59d.jpg\" width=\"600\" height=\"400\" data-imagetype=\"External\" \/><br \/>\n<em><span>Nicholas Lapucci &#8211; ph.\u00a0Redbaz48<\/span><\/em><\/td>\n<\/tr>\n<\/tbody>\n<\/table>\n<\/td>\n<\/tr>\n<\/tbody>\n<\/table>\n<table class=\"x_mcnTextBlock\" border=\"0\" width=\"100%\" cellspacing=\"0\" cellpadding=\"0\">\n<tbody class=\"x_mcnTextBlockOuter\">\n<tr>\n<td class=\"x_mcnTextBlockInner\" valign=\"top\">\n<table class=\"x_mcnTextContentContainer\" border=\"0\" width=\"100%\" cellspacing=\"0\" cellpadding=\"0\" align=\"left\">\n<tbody>\n<tr>\n<td class=\"x_mcnTextContent\" valign=\"top\"><span>Es\u00a0<\/span><strong><span>imperdible<\/span><\/strong><span>\u00a0la cita con el\u00a0<strong>desaf\u00edo Honda RedMoto<\/strong>\u00a0, la\u00a0<strong>monomarca<\/strong>\u00a0dedicado a los pilotos r\u00e1pidos que conducen las Hondas distribuidas oficialmente por RedMoto.\u00a0Alessandro D&#8217;Angelo comanda la clasificaci\u00f3n de la Mx1, mientras que Rocco Bertin (Fiamme Oro) es el l\u00edder de la Mx2.<\/span><\/p>\n<p><span>La carrera de Montevarchi estar\u00e1 cerrada al p\u00fablico, pero tambi\u00e9n para esta cita FXAction Group garantiza la cobertura directa completa y gratuita de las cuatro eliminatorias del grupo A de Mx1 y Mx2, con contenidos especiales para enriquecer el contenedor ya de gran cuerpo.<\/span><\/td>\n<\/tr>\n<\/tbody>\n<\/table>\n<\/td>\n<\/tr>\n<\/tbody>\n<\/table>\n<table class=\"x_mcnTextBlock\" border=\"0\" width=\"100%\" cellspacing=\"0\" cellpadding=\"0\">\n<tbody class=\"x_mcnTextBlockOuter\">\n<tr>\n<td class=\"x_mcnTextBlockInner\" valign=\"top\">\n<table class=\"x_mcnTextContentContainer\" border=\"0\" width=\"100%\" cellspacing=\"0\" cellpadding=\"0\" align=\"left\">\n<tbody>\n<tr>\n<td class=\"x_mcnTextContent\" valign=\"top\"><img loading=\"lazy\" decoding=\"async\" src=\"https:\/\/mcusercontent.com\/62a1a370fc52377d21c476eff\/images\/aa98920b-3e88-28cc-de89-d3916ec7fcac.jpg\" width=\"600\" height=\"400\" data-imagetype=\"External\" \/><br \/>\n<em><span>Andrea Dovizioso &#8211; ph.\u00a0Phawkmania<\/span><\/em><\/td>\n<\/tr>\n<\/tbody>\n<\/table>\n<\/td>\n<\/tr>\n<\/tbody>\n<\/table>\n<table class=\"x_mcnTextBlock\" border=\"0\" width=\"100%\" cellspacing=\"0\" cellpadding=\"0\">\n<tbody class=\"x_mcnTextBlockOuter\">\n<tr>\n<td class=\"x_mcnTextBlockInner\" valign=\"top\">\n<table class=\"x_mcnTextContentContainer\" border=\"0\" width=\"100%\" cellspacing=\"0\" cellpadding=\"0\" align=\"left\">\n<tbody>\n<tr>\n<td class=\"x_mcnTextContent\" valign=\"top\"><span>Las im\u00e1genes se\u00a0<\/span><strong><span>transmitir\u00e1n<\/span><\/strong><span>\u00a0en el canal de YouTube FXAction Live y en las p\u00e1ginas de Facebook de FXAction, la Federaci\u00f3n Italiana de Motociclismo, 24MX, EICMA, Motocross Marketing y <span style=\"color: #ff0000;\"><strong>Crossprensa (esta \u00faltima con comentarios en espa\u00f1ol).\u00a0<\/strong><\/span>Cobertura televisiva en los canales de\u00a0<\/span><strong><span>Mediasport Group<\/span><\/strong><span>\u00a0: MS Motor Tv (canal Sky 229), MS Channel (canal Sky 814) y MS Sport (digital terrestre).<\/span><\/p>\n<p><span>Los horarios de conexi\u00f3n se dar\u00e1n a conocer en los pr\u00f3ximos d\u00edas.<\/span><\/td>\n<\/tr>\n<\/tbody>\n<\/table>\n<\/td>\n<\/tr>\n<\/tbody>\n<\/table>\n<p><em><span style=\"color: #ff0000;\"><strong>Para tener TODO en vivo en tu celular, junto a MXGP, el AMA PRO MX, y obviamente el ITALIANO PRESTIGE, suscribite a Crossprensa! Click en la im\u00e1gen de abajo y nos habl\u00e1s a nuestro whatsapp directamente. Te lo vas a perder?<\/strong><\/span><\/em><\/p>\n<p><a href=\"https:\/\/wa.link\/wove7n\"><img loading=\"lazy\" decoding=\"async\" class=\"alignnone wp-image-51477 size-full\" src=\"http:\/\/www.crossprensa.com.ar\/news\/wp-content\/uploads\/2021\/04\/Sin-t\u00edtulo-1.jpg\" alt=\"\" width=\"1595\" height=\"175\" \/><\/a><\/p>\n","protected":false},"excerpt":{"rendered":"<p>Tableros rojos para Lupino (Mx1) y Horgmo (Mx2), Cairoli y Dovizioso tambi\u00e9n en la carrera&#8230;<\/p>\n","protected":false},"author":2,"featured_media":52476,"comment_status":"open","ping_status":"open","sticky":false,"template":"","format":"standard","meta":{"om_disable_all_campaigns":false,"_monsterinsights_skip_tracking":false,"_monsterinsights_sitenote_active":false,"_monsterinsights_sitenote_note":"","_monsterinsights_sitenote_category":0,"_uf_show_specific_survey":0,"_uf_disable_surveys":false,"footnotes":""},"categories":[38,103],"tags":[],"class_list":["post-52463","post","type-post","status-publish","format-standard","has-post-thumbnail","hentry","category-hot-news","category-mx-italiano"],"aioseo_notices":[],"_links":{"self":[{"href":"http:\/\/www.crossprensa.com.ar\/news\/wp-json\/wp\/v2\/posts\/52463","targetHints":{"allow":["GET"]}}],"collection":[{"href":"http:\/\/www.crossprensa.com.ar\/news\/wp-json\/wp\/v2\/posts"}],"about":[{"href":"http:\/\/www.crossprensa.com.ar\/news\/wp-json\/wp\/v2\/types\/post"}],"author":[{"embeddable":true,"href":"http:\/\/www.crossprensa.com.ar\/news\/wp-json\/wp\/v2\/users\/2"}],"replies":[{"embeddable":true,"href":"http:\/\/www.crossprensa.com.ar\/news\/wp-json\/wp\/v2\/comments?post=52463"}],"version-history":[{"count":1,"href":"http:\/\/www.crossprensa.com.ar\/news\/wp-json\/wp\/v2\/posts\/52463\/revisions"}],"predecessor-version":[{"id":52477,"href":"http:\/\/www.crossprensa.com.ar\/news\/wp-json\/wp\/v2\/posts\/52463\/revisions\/52477"}],"wp:featuredmedia":[{"embeddable":true,"href":"http:\/\/www.crossprensa.com.ar\/news\/wp-json\/wp\/v2\/media\/52476"}],"wp:attachment":[{"href":"http:\/\/www.crossprensa.com.ar\/news\/wp-json\/wp\/v2\/media?parent=52463"}],"wp:term":[{"taxonomy":"category","embeddable":true,"href":"http:\/\/www.crossprensa.com.ar\/news\/wp-json\/wp\/v2\/categories?post=52463"},{"taxonomy":"post_tag","embeddable":true,"href":"http:\/\/www.crossprensa.com.ar\/news\/wp-json\/wp\/v2\/tags?post=52463"}],"curies":[{"name":"wp","href":"https:\/\/api.w.org\/{rel}","templated":true}]}}